{"id":47907,"date":"2025-03-12T09:57:31","date_gmt":"2025-03-12T12:57:31","guid":{"rendered":"https:\/\/atecordoba.org\/?p=47907"},"modified":"2025-03-12T09:57:31","modified_gmt":"2025-03-12T12:57:31","slug":"ate-prepara-tres-medidas-de-fuerza-para-marzo-con-paro-nacional-y-movilizacion-al-ministerio-de-sturzenegger-el-27","status":"publish","type":"post","link":"https:\/\/atecordoba.org\/?p=47907","title":{"rendered":"ATE prepara tres medidas de fuerza para marzo con Paro Nacional y Movilizaci\u00f3n al Ministerio de Sturzenegger el 27"},"content":{"rendered":"<p><img loading=\"lazy\" decoding=\"async\" class=\"aligncenter wp-image-47908 \" src=\"https:\/\/atecordoba.org\/wp-content\/uploads\/2025\/03\/votacion-plenario-1024x683.jpg\" alt=\"\" width=\"623\" height=\"415\" \/>El Plenario Federal de Delegados Nacionales de ATE defini\u00f3 cuatro nuevas medidas de fuerza para marzo por votaci\u00f3n un\u00e1nime, entre las cuales se incluye marchar nuevamente junto a los jubilados hoy mi\u00e9rcoles al Congreso y un Paro Nacional el 27 de marzo con movilizaci\u00f3n al Ministerio de Desregulaci\u00f3n y Transformaci\u00f3n del Estado.<\/p>\n<p>\u201cMacri empez\u00f3 a perder cuando se meti\u00f3 con los jubilados. Ma\u00f1ana Milei empieza a perder. Los jubilados con Menem tambi\u00e9n fueron punta de lanza. No tenemos tiempo. El empleo p\u00fablico est\u00e1 en emergencia. No s\u00f3lo se trata de defender cada uno de los puestos de trabajo sino tambi\u00e9n todas las pol\u00edticas p\u00fablicas\u201d, afirm\u00f3 Rodolfo Aguiar, Secretario General de ATE Nacional.<\/p>\n<p>\u201cNo habr\u00e1 una derrota pol\u00edtica de Milei en las urnas si antes no somos capaces de derrotar al Gobierno en las calles. Las expectativas de una buena parte de la poblaci\u00f3n sobre la que se asentaba el Gobierno est\u00e1n desapareciendo. Hay un malestar social creciente. Tenemos que ponerle l\u00edmites institucionales al Presidente y a los grupos empresarios que lo mandan para evitar que nos sigan llevando hacia un r\u00e9gimen con Estado m\u00ednimo y sin leyes\u201d, agreg\u00f3 el dirigente.<\/p>\n<p><strong>Las medidas de fuerza<\/strong><\/p>\n<p>En primer lugar, el sindicato ratific\u00f3 una Jornada Nacional de Lucha para movilizar junto a los jubilados este 12 de marzo, al igual que lo viene haciendo sistem\u00e1ticamente todos los mi\u00e9rcoles desde el a\u00f1o pasado. En este caso, la concentraci\u00f3n ser\u00e1 en el anexo del Congreso a las 16. Ese mismo d\u00eda, los trabajadores de la Salud instalar\u00e1n una Carpa con una Posta de Salud por 72 horas frente al Congreso de la Naci\u00f3n en reclamo por el preocupante desmantelamiento del sector.<\/p>\n<p>Las medidas continuar\u00e1n el 24 de marzo en el D\u00eda de la Memoria, por la Verdad y la Justicia, reafirmando as\u00ed la lucha de ATE por los derechos humanos. Finalmente, el sindicato vot\u00f3 un Paro Nacional para el 27 de marzo con movilizaci\u00f3n al Ministerio de Desregulaci\u00f3n y Transformaci\u00f3n del Estado que dirige Federico Sturzenegger.<\/p>\n<p>Este plenario adem\u00e1s sesion\u00f3 en nombre de los afectados por el temporal en Bah\u00eda Blanca, Punta Alta y el sur de la Provincia de Buenos Aires, para quienes el sindicato se encuentra recolectando donaciones para ser enviadas en los pr\u00f3ximos d\u00edas.<\/p>\n<p>Tambi\u00e9n se resolvi\u00f3 participar del Foro por el Derecho a la Salud en Parque Lezama el s\u00e1bado 15 a las 16 horas, el jueves 20 se convoca a participar de la Radio Abierta en las puertas del INDEC, y adem\u00e1s construir una Audiencia P\u00fablica en el Congreso de la Naci\u00f3n como en las legislaturas provinciales y los concejos deliberantes para poner en evidencia a Milei y su Gobierno por la estafa y el abandono de su pueblo.<\/p>\n","protected":false},"excerpt":{"rendered":"<p>El Plenario Federal de Delegados Nacionales de ATE defini\u00f3 cuatro nuevas medidas de fuerza para marzo por votaci\u00f3n un\u00e1nime, entre las cuales se incluye marchar nuevamente junto a los jubilados hoy mi\u00e9rcoles al Congreso y un Paro Nacional el 27 de marzo con movilizaci\u00f3n al Ministerio de Desregulaci\u00f3n y Transformaci\u00f3n del Estado. \u201cMacri empez\u00f3 a [&hellip;]<\/p>\n","protected":false},"author":7,"featured_media":47908,"comment_status":"open","ping_status":"open","sticky":false,"template":"","format":"standard","meta":{"_exactmetrics_skip_tracking":false,"_exactmetrics_sitenote_active":false,"_exactmetrics_sitenote_note":"","_exactmetrics_sitenote_category":0,"jnews-multi-image_gallery":[],"jnews_single_post":{"format":"standard","override":[{"template":"1","parallax":"1","fullscreen":"1","layout":"no-sidebar-narrow","sidebar":"default-sidebar","second_sidebar":"default-sidebar","sticky_sidebar":"1","share_position":"bottom","share_float_style":"share-monocrhome","show_share_counter":"1","show_view_counter":"1","show_post_meta":"1","show_post_author_image":"1","show_post_date":"1","post_date_format":"default","post_date_format_custom":"Y\/m\/d","show_post_category":"1","show_post_reading_time":"0","post_reading_time_wpm":"300","post_calculate_word_method":"str_word_count","show_zoom_button":"0","zoom_button_out_step":"2","zoom_button_in_step":"3","show_post_tag":"1","number_popup_post":"1","show_post_related":"1","show_inline_post_related":"0"}],"image_override":[{"single_post_thumbnail_size":"crop-500","single_post_gallery_size":"crop-500"}],"trending_post_position":"meta","trending_post_label":"Trending","sponsored_post_label":"Sponsored by","disable_ad":"0"},"jnews_primary_category":[],"jnews_social_meta":[],"jnews_review":[],"enable_review":"","type":"percentage","name":"","summary":"","brand":"","sku":"","good":[],"bad":[],"score_override":"","override_value":"","rating":[],"price":[],"jnews_override_counter":{"view_counter_number":"0","share_counter_number":"0","like_counter_number":"0","dislike_counter_number":"0"},"jnews_post_split":{"post_split":[{"template":"1","tag":"h2","numbering":"asc","mode":"normal","first":"0","enable_toc":"0","toc_type":"normal"}]},"footnotes":""},"categories":[756],"tags":[26,395,595],"class_list":["post-47907","post","type-post","status-publish","format-standard","has-post-thumbnail","hentry","category-consejo-directivo-nacional-cdn","tag-ate","tag-ate-cordoba","tag-paro-nacional"],"jetpack_featured_media_url":"https:\/\/atecordoba.org\/wp-content\/uploads\/2025\/03\/votacion-plenario-e1741784242354.jpg","_links":{"self":[{"href":"https:\/\/atecordoba.org\/index.php?rest_route=\/wp\/v2\/posts\/47907","targetHints":{"allow":["GET"]}}],"collection":[{"href":"https:\/\/atecordoba.org\/index.php?rest_route=\/wp\/v2\/posts"}],"about":[{"href":"https:\/\/atecordoba.org\/index.php?rest_route=\/wp\/v2\/types\/post"}],"author":[{"embeddable":true,"href":"https:\/\/atecordoba.org\/index.php?rest_route=\/wp\/v2\/users\/7"}],"replies":[{"embeddable":true,"href":"https:\/\/atecordoba.org\/index.php?rest_route=%2Fwp%2Fv2%2Fcomments&post=47907"}],"version-history":[{"count":1,"href":"https:\/\/atecordoba.org\/index.php?rest_route=\/wp\/v2\/posts\/47907\/revisions"}],"predecessor-version":[{"id":47909,"href":"https:\/\/atecordoba.org\/index.php?rest_route=\/wp\/v2\/posts\/47907\/revisions\/47909"}],"wp:featuredmedia":[{"embeddable":true,"href":"https:\/\/atecordoba.org\/index.php?rest_route=\/wp\/v2\/media\/47908"}],"wp:attachment":[{"href":"https:\/\/atecordoba.org\/index.php?rest_route=%2Fwp%2Fv2%2Fmedia&parent=47907"}],"wp:term":[{"taxonomy":"category","embeddable":true,"href":"https:\/\/atecordoba.org\/index.php?rest_route=%2Fwp%2Fv2%2Fcategories&post=47907"},{"taxonomy":"post_tag","embeddable":true,"href":"https:\/\/atecordoba.org\/index.php?rest_route=%2Fwp%2Fv2%2Ftags&post=47907"}],"curies":[{"name":"wp","href":"https:\/\/api.w.org\/{rel}","templated":true}]}}