{"id":47898,"date":"2025-03-11T13:44:34","date_gmt":"2025-03-11T16:44:34","guid":{"rendered":"https:\/\/atecordoba.org\/?p=47898"},"modified":"2025-03-11T13:49:59","modified_gmt":"2025-03-11T16:49:59","slug":"xxvii-congreso-provincial-de-ate-la-asamblea-general-de-afiliados-as-del-cdp-se-realizara-el-14-de-marzo","status":"publish","type":"post","link":"https:\/\/atecordoba.org\/?p=47898","title":{"rendered":"XXVII Congreso Provincial de ATE: la Asamblea General de Afiliados\/as del CDP se realizar\u00e1 el 14 de marzo"},"content":{"rendered":"<p><img loading=\"lazy\" decoding=\"async\" class=\"alignleft wp-image-47899 size-medium\" src=\"https:\/\/atecordoba.org\/wp-content\/uploads\/2025\/03\/asamblea-anual-2025-flyer-241x300.png\" alt=\"\" width=\"241\" height=\"300\" \/>El Consejo Directivo Provincial (CDP) de ATE C\u00f3rdoba convoca a todas y todos sus afiliados a participar de la Asamblea General, un espacio fundamental para la democracia sindical y la toma de decisiones colectivas.<\/p>\n<p>El acto se llevar\u00e1 a cabo este viernes 14 de marzo a las 18 horas, en la sede de ATE C\u00f3rdoba, Entre R\u00edos 450.<\/p>\n<p>En la oportunidad, las y los afiliados elegir\u00e1n los 58 congresales designados para ser parte del XXVII Congreso Provincial Ordinario y Extraordinario, que se llevar\u00e1 a cabo el 25 de abril del corriente, C\u00f3rdoba\u00a0 Capital.<\/p>\n<p>Al mismo tiempo, la asamblea deber\u00e1 aprobar la Memoria y Balance de lo actuado por el CDP en el periodo 2024.<\/p>\n<p>La participaci\u00f3n de todas y todos los afiliados es clave para seguir fortaleciendo nuestra organizaci\u00f3n y la lucha por los derechos de las y los trabajadores.<\/p>\n<p>&nbsp;<\/p>\n","protected":false},"excerpt":{"rendered":"<p>El Consejo Directivo Provincial (CDP) de ATE C\u00f3rdoba convoca a todas y todos sus afiliados a participar de la Asamblea General, un espacio fundamental para la democracia sindical y la toma de decisiones colectivas. El acto se llevar\u00e1 a cabo este viernes 14 de marzo a las 18 horas, en la sede de ATE C\u00f3rdoba, [&hellip;]<\/p>\n","protected":false},"author":7,"featured_media":47899,"comment_status":"open","ping_status":"open","sticky":false,"template":"","format":"standard","meta":{"_exactmetrics_skip_tracking":false,"_exactmetrics_sitenote_active":false,"_exactmetrics_sitenote_note":"","_exactmetrics_sitenote_category":0,"jnews-multi-image_gallery":[],"jnews_single_post":{"format":"standard","override":[{"template":"1","parallax":"1","fullscreen":"1","layout":"no-sidebar-narrow","sidebar":"default-sidebar","second_sidebar":"default-sidebar","sticky_sidebar":"1","share_position":"bottom","share_float_style":"share-monocrhome","show_share_counter":"1","show_view_counter":"1","show_post_meta":"1","show_post_author_image":"1","show_post_date":"1","post_date_format":"default","post_date_format_custom":"Y\/m\/d","show_post_category":"1","show_post_reading_time":"0","post_reading_time_wpm":"300","post_calculate_word_method":"str_word_count","show_zoom_button":"0","zoom_button_out_step":"2","zoom_button_in_step":"3","show_post_tag":"1","number_popup_post":"1","show_post_related":"1","show_inline_post_related":"0"}],"image_override":[{"single_post_thumbnail_size":"crop-500","single_post_gallery_size":"crop-500"}],"trending_post_position":"meta","trending_post_label":"Trending","sponsored_post_label":"Sponsored by","disable_ad":"0"},"jnews_primary_category":[],"jnews_social_meta":[],"jnews_review":[],"enable_review":"","type":"percentage","name":"","summary":"","brand":"","sku":"","good":[],"bad":[],"score_override":"","override_value":"","rating":[],"price":[],"jnews_override_counter":{"view_counter_number":"0","share_counter_number":"0","like_counter_number":"0","dislike_counter_number":"0"},"jnews_post_split":{"post_split":[{"template":"1","tag":"h2","numbering":"asc","mode":"normal","first":"0","enable_toc":"0","toc_type":"normal"}]},"footnotes":""},"categories":[341],"tags":[1490],"class_list":["post-47898","post","type-post","status-publish","format-standard","has-post-thumbnail","hentry","category-cdp","tag-xxvii-congreso-ate-cordoba"],"jetpack_featured_media_url":"https:\/\/atecordoba.org\/wp-content\/uploads\/2025\/03\/asamblea-anual-2025-flyer-e1741711110467.png","_links":{"self":[{"href":"https:\/\/atecordoba.org\/index.php?rest_route=\/wp\/v2\/posts\/47898","targetHints":{"allow":["GET"]}}],"collection":[{"href":"https:\/\/atecordoba.org\/index.php?rest_route=\/wp\/v2\/posts"}],"about":[{"href":"https:\/\/atecordoba.org\/index.php?rest_route=\/wp\/v2\/types\/post"}],"author":[{"embeddable":true,"href":"https:\/\/atecordoba.org\/index.php?rest_route=\/wp\/v2\/users\/7"}],"replies":[{"embeddable":true,"href":"https:\/\/atecordoba.org\/index.php?rest_route=%2Fwp%2Fv2%2Fcomments&post=47898"}],"version-history":[{"count":2,"href":"https:\/\/atecordoba.org\/index.php?rest_route=\/wp\/v2\/posts\/47898\/revisions"}],"predecessor-version":[{"id":47902,"href":"https:\/\/atecordoba.org\/index.php?rest_route=\/wp\/v2\/posts\/47898\/revisions\/47902"}],"wp:featuredmedia":[{"embeddable":true,"href":"https:\/\/atecordoba.org\/index.php?rest_route=\/wp\/v2\/media\/47899"}],"wp:attachment":[{"href":"https:\/\/atecordoba.org\/index.php?rest_route=%2Fwp%2Fv2%2Fmedia&parent=47898"}],"wp:term":[{"taxonomy":"category","embeddable":true,"href":"https:\/\/atecordoba.org\/index.php?rest_route=%2Fwp%2Fv2%2Fcategories&post=47898"},{"taxonomy":"post_tag","embeddable":true,"href":"https:\/\/atecordoba.org\/index.php?rest_route=%2Fwp%2Fv2%2Ftags&post=47898"}],"curies":[{"name":"wp","href":"https:\/\/api.w.org\/{rel}","templated":true}]}}