{"id":47885,"date":"2025-03-07T10:44:33","date_gmt":"2025-03-07T13:44:33","guid":{"rendered":"https:\/\/atecordoba.org\/?p=47885"},"modified":"2025-03-07T11:33:38","modified_gmt":"2025-03-07T14:33:38","slug":"8m-paro-internacional-feminista-en-cordoba-y-movilizacion-contra-el-hambre-el-saqueo-y-la-crueldad","status":"publish","type":"post","link":"https:\/\/atecordoba.org\/?p=47885","title":{"rendered":"8M: Paro Internacional Feminista en C\u00f3rdoba y movilizaci\u00f3n contra el hambre, el saqueo y la crueldad"},"content":{"rendered":"<p><img loading=\"lazy\" decoding=\"async\" class=\"aligncenter wp-image-47887 \" src=\"https:\/\/atecordoba.org\/wp-content\/uploads\/2025\/03\/WhatsApp-Image-2025-03-07-at-09.03.41-819x1024.jpeg\" alt=\"\" width=\"649\" height=\"812\" \/>Ma\u00f1ana 8 de Marzo, en el marco del Paro Internacional Feminista, ATE llama a movilizar por las calles de C\u00f3rdoba y enviar un mensaje claro, contundente y masivo contra las pol\u00edticas de hambre saqueo y crueldad del gobierno de Javier Milei.\u00a0La convocatoria es a las 18 horas, con concentraci\u00f3n en la esquina de avenida Col\u00f3n y Fragueiro.<\/p>\n<p>La movilizaci\u00f3n de este a\u00f1o se da en un contexto de particular hostigamiento desde el Gobierno nacional contra el colectivo feminista. El presidente Javier Milei manifest\u00f3 en diversas oportunidades su oposici\u00f3n contra las pol\u00edticas de igualdad de g\u00e9nero y de defensa de derechos de las mujeres.<\/p>\n<p>De esta forma, desde la asunci\u00f3n del actual gobierno se suceden las medidas que atacan y vulneran los derechos conquistados por las mujeres y diversidades en a\u00f1os de lucha. Como muestra cabe se\u00f1alar el cierre del Ministerio de la Mujer y sus dispositivos estatales de atenci\u00f3n y prevenci\u00f3n est\u00e1n ausentes, como la l\u00ednea 144 y el Programa Acompa\u00f1ar.<\/p>\n<p>Los miles de despidos en el Estado tienen un car\u00e1cter feminizado evidente, como se puso en evidencia en el Ministerio de Capital Humano (ex Desarrollo Social), donde la inmensa mayor\u00eda son mujeres.<\/p>\n<p>Pero esta situaci\u00f3n se hace extensiva al conjunto de la poblaci\u00f3n. Desde el comienzo del mandato de Milei y hasta noviembre del 2024 se perdieron 15.748 puestos de trabajadoras de casas particulares, sector sumamente feminizado y sus ingresos han perdido a enero de 2025, 21,8% de su poder adquisitivo respecto a noviembre de 2023.<\/p>\n<p>Otro sector gravemente afecta es el docente: sufrieron un recorte de salarios en t\u00e9rminos nominales con la eliminaci\u00f3n del FONID (Fondo Nacional de Incentivo Docente), que representaba en promedio el 12% del sueldo.<br \/>\nLas jubilaciones m\u00ednimas, que cobran mayormente las mujeres, sufrieron una p\u00e9rdida del poder adquisitivo de 13,3% en el primer trimestre de 2025 respecto al \u00faltimo trimestre del gobierno anterior. A las jubiladas y pensionadas, a su vez, les quitaron la devoluci\u00f3n del IVA, que representaba un ingreso extra de $18.800 por mes. Tambi\u00e9n fueron perjudicadas por los recortes en PAMI.<\/p>\n<p>Asimismo, el Gobierno tom\u00f3 la decisi\u00f3n de no prorrogar la moratoria previsional a partir de marzo de 2025. Como consecuencia, 9 de cada 10 mujeres en edad cercana a jubilarse no podr\u00e1n hacerlo.<\/p>\n<p>En esa l\u00ednea, vale mencionar que el 63% de quienes cobran el ex programa Potenciar Trabajo son mujeres, cuyo poder adquisitivo cay\u00f3 64,6% entre noviembre de 2023 y marzo de 2025. Para recuperar el nivel de noviembre 2023, el monto debiera ser hoy de $220.193,8.<\/p>\n<p>Respecto al programa Acompa\u00f1ar, que perciben las mujeres y diversidades en contextos de violencia de g\u00e9nero, perdi\u00f3 29,8% de su poder adquisitivo desde la asunci\u00f3n de Javier Milei, a la par que se detuvieron las altas, se redujo la cantidad de meses que se percibe (de 6 baj\u00f3 a 3 meses) y se exige una denuncia policial, en contra de toda la evidencia disponible en materia de abordaje de violencias.<\/p>\n<p>En materia presupuestaria, el gobierno decidi\u00f3 prorrogar el Presupuesto 2023, garantiz\u00e1ndose la discrecionalidad en el gasto. Lo mismo hicieron en 2025. Las pol\u00edticas que contribuyen a reducir las desigualdades de g\u00e9nero (PPG) mostraron una ca\u00edda de 21,0% en t\u00e9rminos reales durante 2024.<\/p>\n<p><strong>La violencia simb\u00f3lica es concreta<\/strong><\/p>\n<p>Con 52 asesinatos, en lo que va del a\u00f1o hubo m\u00e1s femicidios que en el mismo per\u00edodo del 2024 (49). Este aumento tambi\u00e9n se observ\u00f3 en las denuncias y el reclamo de medidas de protecci\u00f3n. 52 mujeres y diversidades fueron asesinadas en nuestro pa\u00eds por el s\u00f3lo hecho de serlo.<\/p>\n<p>Luego del discurso odiante de Milei en Davos los cr\u00edmenes de odio se han recrudecido, en lo que va del 2025 se incrementaron las agresiones a lesbianas en Argentina.<\/p>\n<p>El 29 de enero Orlando Lutz Fogar prendi\u00f3 fuego la casa de una pareja de lesbianas en Ca\u00f1uelas, a pesar de tener 10 denuncias previas por hostigamiento.<\/p>\n<p>El 5 de febrero otra pareja fue atacada en el barrio porte\u00f1o de Recoleta mientras caminaban por la calle tomadas de la mano.<\/p>\n<p>En Or\u00e1n, Salta, una activista LGBTI+ fue atacada por un hombre que entr\u00f3 a su domicilio y la agredi\u00f3 con un arma blanca, tras lo cual tuvo que ser hospitalizada. El agresor, Juan Marcelo C\u00f3rdoba, ven\u00eda hostigando virtualmente a activistas LGBTI+.<\/p>\n<p><strong>Movilizarse es resistir<\/strong><\/p>\n<p>Desde ATE sostenemos que el discurso presidencial, que equipara la ampliaci\u00f3n de derechos con privilegios indebidos, fomenta un clima de hostilidad y polarizaci\u00f3n. Esta ret\u00f3rica no solo desinforma, sino que tambi\u00e9n legitima actitudes de odio y violencia hacia sectores hist\u00f3ricamente vulnerabilizados. En un contexto en el que las mujeres y las personas LGBTIQ+ contin\u00faan siendo v\u00edctimas de cr\u00edmenes de odio, exclusi\u00f3n laboral y discriminaci\u00f3n, este tipo de declaraciones son irresponsables y peligrosas.<\/p>\n<p>Desde sindicatos como ATE, que han trabajado activamente en la implementaci\u00f3n de pol\u00edticas inclusivas, es fundamental levantar la voz y movilizarse en defensa de los derechos conquistados. No se trata solo de resistir, sino de reafirmar nuestro compromiso con una sociedad m\u00e1s justa, equitativa e inclusiva.<\/p>\n<p>Llenar las calles de convicci\u00f3n y esperanza es el camino, para resistiendo el fascismo y el racismo de un gobierno que solo tiene por norte el saqueo y la crueldad contra las mujeres y diversidades.<\/p>\n","protected":false},"excerpt":{"rendered":"<p>Ma\u00f1ana 8 de Marzo, en el marco del Paro Internacional Feminista, ATE llama a movilizar por las calles de C\u00f3rdoba y enviar un mensaje claro, contundente y masivo contra las pol\u00edticas de hambre saqueo y crueldad del gobierno de Javier Milei.\u00a0La convocatoria es a las 18 horas, con concentraci\u00f3n en la esquina de avenida Col\u00f3n [&hellip;]<\/p>\n","protected":false},"author":7,"featured_media":47887,"comment_status":"open","ping_status":"open","sticky":false,"template":"","format":"standard","meta":{"_exactmetrics_skip_tracking":false,"_exactmetrics_sitenote_active":false,"_exactmetrics_sitenote_note":"","_exactmetrics_sitenote_category":0,"jnews-multi-image_gallery":[],"jnews_single_post":{"format":"standard","override":[{"template":"1","parallax":"1","fullscreen":"1","layout":"no-sidebar-narrow","sidebar":"default-sidebar","second_sidebar":"default-sidebar","sticky_sidebar":"1","share_position":"bottom","share_float_style":"share-monocrhome","show_share_counter":"1","show_view_counter":"1","show_post_meta":"1","show_post_author_image":"1","show_post_date":"1","post_date_format":"default","post_date_format_custom":"Y\/m\/d","show_post_category":"1","show_post_reading_time":"0","post_reading_time_wpm":"300","post_calculate_word_method":"str_word_count","show_zoom_button":"0","zoom_button_out_step":"2","zoom_button_in_step":"3","show_post_tag":"1","number_popup_post":"1","show_post_related":"1","show_inline_post_related":"0"}],"image_override":[{"single_post_thumbnail_size":"crop-500","single_post_gallery_size":"crop-500"}],"trending_post_position":"meta","trending_post_label":"Trending","sponsored_post_label":"Sponsored by","disable_ad":"0"},"jnews_primary_category":[],"jnews_social_meta":[],"jnews_review":[],"enable_review":"","type":"percentage","name":"","summary":"","brand":"","sku":"","good":[],"bad":[],"score_override":"","override_value":"","rating":[],"price":[],"jnews_override_counter":{"view_counter_number":"0","share_counter_number":"0","like_counter_number":"0","dislike_counter_number":"0"},"jnews_post_split":{"post_split":[{"template":"1","tag":"h2","numbering":"asc","mode":"normal","first":"0","enable_toc":"0","toc_type":"normal"}]},"footnotes":""},"categories":[325],"tags":[1489],"class_list":["post-47885","post","type-post","status-publish","format-standard","has-post-thumbnail","hentry","category-generos-y-diversidades","tag-8m-2025"],"jetpack_featured_media_url":"https:\/\/atecordoba.org\/wp-content\/uploads\/2025\/03\/WhatsApp-Image-2025-03-07-at-09.03.41-e1741355066250.jpeg","_links":{"self":[{"href":"https:\/\/atecordoba.org\/index.php?rest_route=\/wp\/v2\/posts\/47885","targetHints":{"allow":["GET"]}}],"collection":[{"href":"https:\/\/atecordoba.org\/index.php?rest_route=\/wp\/v2\/posts"}],"about":[{"href":"https:\/\/atecordoba.org\/index.php?rest_route=\/wp\/v2\/types\/post"}],"author":[{"embeddable":true,"href":"https:\/\/atecordoba.org\/index.php?rest_route=\/wp\/v2\/users\/7"}],"replies":[{"embeddable":true,"href":"https:\/\/atecordoba.org\/index.php?rest_route=%2Fwp%2Fv2%2Fcomments&post=47885"}],"version-history":[{"count":3,"href":"https:\/\/atecordoba.org\/index.php?rest_route=\/wp\/v2\/posts\/47885\/revisions"}],"predecessor-version":[{"id":47890,"href":"https:\/\/atecordoba.org\/index.php?rest_route=\/wp\/v2\/posts\/47885\/revisions\/47890"}],"wp:featuredmedia":[{"embeddable":true,"href":"https:\/\/atecordoba.org\/index.php?rest_route=\/wp\/v2\/media\/47887"}],"wp:attachment":[{"href":"https:\/\/atecordoba.org\/index.php?rest_route=%2Fwp%2Fv2%2Fmedia&parent=47885"}],"wp:term":[{"taxonomy":"category","embeddable":true,"href":"https:\/\/atecordoba.org\/index.php?rest_route=%2Fwp%2Fv2%2Fcategories&post=47885"},{"taxonomy":"post_tag","embeddable":true,"href":"https:\/\/atecordoba.org\/index.php?rest_route=%2Fwp%2Fv2%2Ftags&post=47885"}],"curies":[{"name":"wp","href":"https:\/\/api.w.org\/{rel}","templated":true}]}}