{"id":47857,"date":"2025-03-05T14:47:01","date_gmt":"2025-03-05T17:47:01","guid":{"rendered":"https:\/\/atecordoba.org\/?p=47857"},"modified":"2025-03-05T14:47:46","modified_gmt":"2025-03-05T17:47:46","slug":"giuliani-se-reunio-con-aguiar-para-abordar-los-desafios-en-la-pelea-por-frenar-el-ajuste-de-milei","status":"publish","type":"post","link":"https:\/\/atecordoba.org\/?p=47857","title":{"rendered":"Giuliani se reuni\u00f3 con Aguiar para abordar los desaf\u00edos en la pelea por frenar el ajuste de Milei, los gobernadores e intendentes"},"content":{"rendered":"<p><img loading=\"lazy\" decoding=\"async\" class=\"aligncenter wp-image-47858 \" src=\"https:\/\/atecordoba.org\/wp-content\/uploads\/2025\/03\/WhatsApp-Image-2025-03-05-at-14.07.00-1024x472.jpeg\" alt=\"\" width=\"613\" height=\"283\" \/>El secretario General de ATE Nacional, Rody Aguiar, recibi\u00f3 hoy por la ma\u00f1ana en la sede del Consejo Directivo Nacional al secretario General de ATE C\u00f3rdoba, Federico Giuliani, para abordar el complejo escenario pol\u00edtico que va a marcar este 2025.<\/p>\n<p>Se trata de debatir y planificar los desaf\u00edos en la pelea por frenar el ajuste de Milei, los Gobernadores e Intendentes en todo el pa\u00eds.<\/p>\n<p><img loading=\"lazy\" decoding=\"async\" class=\"aligncenter wp-image-47859 \" src=\"https:\/\/atecordoba.org\/wp-content\/uploads\/2025\/03\/WhatsApp-Image-2025-03-05-at-14.07.01-1-1024x472.jpeg\" alt=\"\" width=\"626\" height=\"289\" srcset=\"https:\/\/atecordoba.org\/wp-content\/uploads\/2025\/03\/WhatsApp-Image-2025-03-05-at-14.07.01-1-1024x472.jpeg 1024w, https:\/\/atecordoba.org\/wp-content\/uploads\/2025\/03\/WhatsApp-Image-2025-03-05-at-14.07.01-1-300x138.jpeg 300w, https:\/\/atecordoba.org\/wp-content\/uploads\/2025\/03\/WhatsApp-Image-2025-03-05-at-14.07.01-1-768x354.jpeg 768w, https:\/\/atecordoba.org\/wp-content\/uploads\/2025\/03\/WhatsApp-Image-2025-03-05-at-14.07.01-1-1536x708.jpeg 1536w, https:\/\/atecordoba.org\/wp-content\/uploads\/2025\/03\/WhatsApp-Image-2025-03-05-at-14.07.01-1-750x345.jpeg 750w, https:\/\/atecordoba.org\/wp-content\/uploads\/2025\/03\/WhatsApp-Image-2025-03-05-at-14.07.01-1-1140x525.jpeg 1140w, https:\/\/atecordoba.org\/wp-content\/uploads\/2025\/03\/WhatsApp-Image-2025-03-05-at-14.07.01-1.jpeg 1600w\" sizes=\"auto, (max-width: 626px) 100vw, 626px\" \/><\/p>\n<p>&#8220;Estuve reunido con nuestro Secretario General del Consejo Directivo Nacional de ATE, Rody Aguiar, con quien debatimos, mates de por medio en su oficina, el escenario pol\u00edtico 2025 y los desaf\u00edos en la pelea por frenar el ajuste de Milei, los Gobernadores e Intendentes en todo el pa\u00eds&#8221;, dijo Giuliani.<\/p>\n<p>Y remat\u00f3: &#8220;Rody se ha convertido, con la gloriosa ATE, en la punta de lanza para organizar la resistencia popular contra el fascismo&#8221;.<\/p>\n<p>&nbsp;<\/p>\n","protected":false},"excerpt":{"rendered":"<p>El secretario General de ATE Nacional, Rody Aguiar, recibi\u00f3 hoy por la ma\u00f1ana en la sede del Consejo Directivo Nacional al secretario General de ATE C\u00f3rdoba, Federico Giuliani, para abordar el complejo escenario pol\u00edtico que va a marcar este 2025. Se trata de debatir y planificar los desaf\u00edos en la pelea por frenar el ajuste [&hellip;]<\/p>\n","protected":false},"author":7,"featured_media":47858,"comment_status":"open","ping_status":"open","sticky":false,"template":"","format":"standard","meta":{"_exactmetrics_skip_tracking":false,"_exactmetrics_sitenote_active":false,"_exactmetrics_sitenote_note":"","_exactmetrics_sitenote_category":0,"jnews-multi-image_gallery":[],"jnews_single_post":{"format":"standard","override":[{"template":"1","parallax":"1","fullscreen":"1","layout":"no-sidebar-narrow","sidebar":"default-sidebar","second_sidebar":"default-sidebar","sticky_sidebar":"1","share_position":"bottom","share_float_style":"share-monocrhome","show_share_counter":"1","show_view_counter":"1","show_post_meta":"1","show_post_author_image":"1","show_post_date":"1","post_date_format":"default","post_date_format_custom":"Y\/m\/d","show_post_category":"1","show_post_reading_time":"0","post_reading_time_wpm":"300","post_calculate_word_method":"str_word_count","show_zoom_button":"0","zoom_button_out_step":"2","zoom_button_in_step":"3","show_post_tag":"1","number_popup_post":"1","show_post_related":"1","show_inline_post_related":"0"}],"image_override":[{"single_post_thumbnail_size":"crop-500","single_post_gallery_size":"crop-500"}],"trending_post_position":"meta","trending_post_label":"Trending","sponsored_post_label":"Sponsored by","disable_ad":"0"},"jnews_primary_category":[],"jnews_social_meta":[],"jnews_review":[],"enable_review":"","type":"percentage","name":"","summary":"","brand":"","sku":"","good":[],"bad":[],"score_override":"","override_value":"","rating":[],"price":[],"jnews_override_counter":{"view_counter_number":"0","share_counter_number":"0","like_counter_number":"0","dislike_counter_number":"0"},"jnews_post_split":{"post_split":[{"template":"1","tag":"h2","numbering":"asc","mode":"normal","first":"0","enable_toc":"0","toc_type":"normal"}]},"footnotes":""},"categories":[756],"tags":[894],"class_list":["post-47857","post","type-post","status-publish","format-standard","has-post-thumbnail","hentry","category-consejo-directivo-nacional-cdn","tag-reunion-cdn"],"jetpack_featured_media_url":"https:\/\/atecordoba.org\/wp-content\/uploads\/2025\/03\/WhatsApp-Image-2025-03-05-at-14.07.00-e1741196813209.jpeg","_links":{"self":[{"href":"https:\/\/atecordoba.org\/index.php?rest_route=\/wp\/v2\/posts\/47857","targetHints":{"allow":["GET"]}}],"collection":[{"href":"https:\/\/atecordoba.org\/index.php?rest_route=\/wp\/v2\/posts"}],"about":[{"href":"https:\/\/atecordoba.org\/index.php?rest_route=\/wp\/v2\/types\/post"}],"author":[{"embeddable":true,"href":"https:\/\/atecordoba.org\/index.php?rest_route=\/wp\/v2\/users\/7"}],"replies":[{"embeddable":true,"href":"https:\/\/atecordoba.org\/index.php?rest_route=%2Fwp%2Fv2%2Fcomments&post=47857"}],"version-history":[{"count":2,"href":"https:\/\/atecordoba.org\/index.php?rest_route=\/wp\/v2\/posts\/47857\/revisions"}],"predecessor-version":[{"id":47861,"href":"https:\/\/atecordoba.org\/index.php?rest_route=\/wp\/v2\/posts\/47857\/revisions\/47861"}],"wp:featuredmedia":[{"embeddable":true,"href":"https:\/\/atecordoba.org\/index.php?rest_route=\/wp\/v2\/media\/47858"}],"wp:attachment":[{"href":"https:\/\/atecordoba.org\/index.php?rest_route=%2Fwp%2Fv2%2Fmedia&parent=47857"}],"wp:term":[{"taxonomy":"category","embeddable":true,"href":"https:\/\/atecordoba.org\/index.php?rest_route=%2Fwp%2Fv2%2Fcategories&post=47857"},{"taxonomy":"post_tag","embeddable":true,"href":"https:\/\/atecordoba.org\/index.php?rest_route=%2Fwp%2Fv2%2Ftags&post=47857"}],"curies":[{"name":"wp","href":"https:\/\/api.w.org\/{rel}","templated":true}]}}