{"id":47852,"date":"2025-03-05T14:32:14","date_gmt":"2025-03-05T17:32:14","guid":{"rendered":"https:\/\/atecordoba.org\/?p=47852"},"modified":"2025-03-06T09:33:54","modified_gmt":"2025-03-06T12:33:54","slug":"charlas-mano-a-mano-en-ate-con-soledad-segura-las-fake-news-tienen-objetivos-politicos","status":"publish","type":"post","link":"https:\/\/atecordoba.org\/?p=47852","title":{"rendered":"Charlas Mano a Mano en ATE, con Soledad Segura: &#8220;las Fake News tienen objetivos pol\u00edticos&#8221;"},"content":{"rendered":"<p><img loading=\"lazy\" decoding=\"async\" class=\"alignright wp-image-47853 size-full\" src=\"https:\/\/atecordoba.org\/wp-content\/uploads\/2025\/03\/segura.png\" alt=\"\" width=\"400\" height=\"400\" \/>Soledad Segura es una periodista, especialista en comunicaci\u00f3n, investigadora de CONICET y profesora de la Universidad Nacional de C\u00f3rdoba y hoy, a las 17 horas, brindar\u00e1<a href=\"https:\/\/atecordoba.org\/?p=47798\"> una conferencia en el ciclo &#8216;Mano a Mano&#8217;<\/a> que organiza ATE C\u00f3rdoba, para promover el debate sobre temas de inter\u00e9s para nuestra organizaci\u00f3n sindical y el campo popular en general.<\/p>\n<p>Cient\u00edfica social, Segura public\u00f3 recientemente el libro \u201cPublic communication and democracy in Latin America\u201d (Comunicaci\u00f3n P\u00fablica y democracia en Am\u00e9rica Latina), de la editorial inglesa Palgrave Macmillan. Pero la intensa actividad que despliega desde hace a\u00f1os puede verse en la decenas de art\u00edculos ya publicados. Es autora, sola o conjuntamente con otros intelectuales, de 10 libros en la materia.<\/p>\n<p>Siempre interesada y comprometida con combinar abordajes estructurales con temas de coyuntura que plantea la realidad, antes de dar su charla en ATE, brind\u00f3 una entrevista a Radio Verdad, de Villa Dolores, donde explic\u00f3 algunos de los temas que trata en su libro, que ser\u00e1n parte del contenido de la charla debate que realizar\u00e1 en la sede del Consejo Directivo Provincial.<\/p>\n<p>Consultada sobre las condiciones en que se produce en discurso de odio en la actualidad, Segura explic\u00f3 que est\u00e1s conductas se basan en la fragmentaci\u00f3n social imperante. &#8220;Esto tiene que ver con las condiciones en que se dan o recrudecen los discursos de odio o los negacionismos, discursos ofensivos, agresivos, humillantes, despectivos en general&#8221;, apunta.<\/p>\n<p><strong>-\u00bfCu\u00e1les son esas condiciones para que proliferen discursos de odio?<\/strong><\/p>\n<p>Estos problemas suelen tener su caldo de cultivo en condiciones sociales y pol\u00edticas, parte de las cuales no son nuevas sino estructurales, a partir de enorme desigualdad social que hay en Am\u00e9rica Latina y en Argentina. Nuestra regi\u00f3n no es la m\u00e1s pobre del mundo pero si es la m\u00e1s desigual y m\u00e1s inequitativa del mundo. Esa es una condici\u00f3n de fragmentaci\u00f3n social, no tenemos todos iguales posibilidades y oportunidades.<\/p>\n<p>Otras condiciones son el autoritarismo en nuestros v\u00ednculos sociales, las condiciones laborales, m\u00e1s all\u00e1 de la t\u00edpica mirada sobre el sistema pol\u00edtico, la polarizaci\u00f3n pol\u00edtica extrema, que en el Cono Sur nos ha llevado a dictaduras, a guerras civiles en nuestros pa\u00edses que implicaron genocidios.<\/p>\n<p>Se suman el racismo espec\u00edfico de Latinoam\u00e9rica -que no es el mismo de EE.UU. y de Europa-, el clasismo, el machismo, la homofobia, la misoginia, todos elementos hist\u00f3ricos con larga data en nuestra regi\u00f3n. Esta situaci\u00f3n no es nueva: las noticias falsas, los discursos odiantes son tan antiguos como la historia de la humanidad.\u00a0Sin embargo, tenemos la sensaci\u00f3n que ahora son mucho m\u00e1s problem\u00e1ticas porque est\u00e1n vinculados a ciertas condiciones novedosas, propias de nuestra \u00e9poca en los \u00faltimos tiempos, como las redes sociales.<\/p>\n<p><strong>-\u00bfComo se afronta este clima de violencia discursiva?<\/strong><\/p>\n<p>Hay muchas estrategias para afrontar este clima social. Y se agrupan en dos conjuntos. Est\u00e1n las que aportan y contribuyen a buscar soluciones, pero son limitadas e insuficientes, como la alfabetizaci\u00f3n medi\u00e1tica y digital, impulsada muy fuertemente por UNESCO, en alianzas con instituciones p\u00fablicas u organizaciones de diversos pa\u00edses, o las estrategias de observatorios y seguimiento de monitoreo de discurso p\u00fablico, como las organizaciones de fack checking (verificaci\u00f3n de datos).<img loading=\"lazy\" decoding=\"async\" class=\"alignleft wp-image-47854 \" src=\"https:\/\/atecordoba.org\/wp-content\/uploads\/2025\/03\/WhatsApp-Image-2025-03-05-at-13.54.16.jpeg\" alt=\"\" width=\"347\" height=\"347\" srcset=\"https:\/\/atecordoba.org\/wp-content\/uploads\/2025\/03\/WhatsApp-Image-2025-03-05-at-13.54.16.jpeg 640w, https:\/\/atecordoba.org\/wp-content\/uploads\/2025\/03\/WhatsApp-Image-2025-03-05-at-13.54.16-300x300.jpeg 300w, https:\/\/atecordoba.org\/wp-content\/uploads\/2025\/03\/WhatsApp-Image-2025-03-05-at-13.54.16-150x150.jpeg 150w, https:\/\/atecordoba.org\/wp-content\/uploads\/2025\/03\/WhatsApp-Image-2025-03-05-at-13.54.16-560x560.jpeg 560w, https:\/\/atecordoba.org\/wp-content\/uploads\/2025\/03\/WhatsApp-Image-2025-03-05-at-13.54.16-75x75.jpeg 75w, https:\/\/atecordoba.org\/wp-content\/uploads\/2025\/03\/WhatsApp-Image-2025-03-05-at-13.54.16-350x350.jpeg 350w\" sizes=\"auto, (max-width: 347px) 100vw, 347px\" \/> En Argentina tenemos \u2018Chequeado\u2019, que es una de las m\u00e1s antiguas de la regi\u00f3n.<\/p>\n<p>Hay estrategias vinculadas al periodismo de datos, de investigaci\u00f3n, otras relacionadas con la academia y la producci\u00f3n de conocimiento cient\u00edfico y la divulgaci\u00f3n, la comunicaci\u00f3n p\u00fablica de la ciencia, todas estrategias que ayudan a distinguir lo verdadero de lo falso, cuando un discurso es enga\u00f1oso.<\/p>\n<p><strong>-\u00bfQu\u00e9 efectividad tienen?<\/strong><\/p>\n<p>Hacen contribuciones pero son insuficientes porque son iniciativas aisladas, no constantes. Adem\u00e1s, si bien pretenden dirigirse a p\u00fablicos amplios, no los est\u00e1n alcanzando, es algo que circula m\u00e1s entre quienes nos dedicamos al periodismo o trabajamos en universidades, en la pol\u00edtica. Son abordajes t\u00e9cnicas y comunicacionales.<\/p>\n<p>Pero estos problemas no son de \u00edndole t\u00e9cnicos, sino esencialmente pol\u00edticos. Es indisociable lo t\u00e9cnico de lo pol\u00edtico. Van de la mano.<\/p>\n<p>Las campa\u00f1as de desinformaci\u00f3n sirven para alimentar tambi\u00e9n discursos despectivos contra ciertos grupos sociales e incluso que incitan la violencia por el mero hecho de ser otros. Contra las mujeres por ser mujeres, contra las disidencias, los migrantes, pobres, pueblos originarios. En general estos discursos se ensa\u00f1an con los grupos m\u00e1s vulnerabilizados de la sociedad. Y estas campa\u00f1as odiantes y mentirosas son dise\u00f1adas, no aparecen espont\u00e1neamente. Esa es una sensaci\u00f3n que generan las redes sociales.<\/p>\n<p>Hay investigaciones de otros colegas que demuestran que estas campa\u00f1as nacen de usinas de producci\u00f3n de ideas, think tanks, y de financiamiento de pol\u00edticos, de periodistas, dirigentes sociales, influensers de redes, todos ultraconservadores y que act\u00faan en muchos pa\u00edses y por eso no es casualidad que las campa\u00f1as se llaman igual en distintos pa\u00edses y al mismo tiempo. Fue el caso de la campa\u00f1a \u201ccon mis hijos no te metas\u201d contra la educaci\u00f3n sexual en las escuelas.<\/p>\n<p><strong>-\u00bfPor qu\u00e9 las califica como pol\u00edticas?<\/strong><\/p>\n<p>Hay intereses de grupos espec\u00edficos contra otros grupos espec\u00edficos de la sociedad porque hay una idea de la sociedad, un proyecto que es pol\u00edtico.<\/p>\n","protected":false},"excerpt":{"rendered":"<p>Soledad Segura es una periodista, especialista en comunicaci\u00f3n, investigadora de CONICET y profesora de la Universidad Nacional de C\u00f3rdoba y hoy, a las 17 horas, brindar\u00e1 una conferencia en el ciclo &#8216;Mano a Mano&#8217; que organiza ATE C\u00f3rdoba, para promover el debate sobre temas de inter\u00e9s para nuestra organizaci\u00f3n sindical y el campo popular en [&hellip;]<\/p>\n","protected":false},"author":7,"featured_media":47853,"comment_status":"open","ping_status":"open","sticky":false,"template":"","format":"standard","meta":{"_exactmetrics_skip_tracking":false,"_exactmetrics_sitenote_active":false,"_exactmetrics_sitenote_note":"","_exactmetrics_sitenote_category":0,"jnews-multi-image_gallery":[],"jnews_single_post":{"format":"standard","override":[{"template":"1","parallax":"1","fullscreen":"1","layout":"no-sidebar-narrow","sidebar":"default-sidebar","second_sidebar":"default-sidebar","sticky_sidebar":"1","share_position":"bottom","share_float_style":"share-monocrhome","show_share_counter":"1","show_view_counter":"1","show_post_meta":"1","show_post_author_image":"1","show_post_date":"1","post_date_format":"default","post_date_format_custom":"Y\/m\/d","show_post_category":"1","show_post_reading_time":"0","post_reading_time_wpm":"300","post_calculate_word_method":"str_word_count","show_zoom_button":"0","zoom_button_out_step":"2","zoom_button_in_step":"3","show_post_tag":"1","number_popup_post":"1","show_post_related":"1","show_inline_post_related":"0"}],"image_override":[{"single_post_thumbnail_size":"crop-500","single_post_gallery_size":"crop-500"}],"trending_post_position":"meta","trending_post_label":"Trending","sponsored_post_label":"Sponsored by","disable_ad":"0"},"jnews_primary_category":[],"jnews_social_meta":[],"jnews_review":[],"enable_review":"","type":"percentage","name":"","summary":"","brand":"","sku":"","good":[],"bad":[],"score_override":"","override_value":"","rating":[],"price":[],"jnews_override_counter":{"view_counter_number":"0","share_counter_number":"0","like_counter_number":"0","dislike_counter_number":"0"},"jnews_post_split":{"post_split":[{"template":"1","tag":"h2","numbering":"asc","mode":"normal","first":"0","enable_toc":"0","toc_type":"normal"}]},"footnotes":""},"categories":[88],"tags":[],"class_list":["post-47852","post","type-post","status-publish","format-standard","has-post-thumbnail","hentry","category-formacion"],"jetpack_featured_media_url":"https:\/\/atecordoba.org\/wp-content\/uploads\/2025\/03\/segura-e1741196229851.png","_links":{"self":[{"href":"https:\/\/atecordoba.org\/index.php?rest_route=\/wp\/v2\/posts\/47852","targetHints":{"allow":["GET"]}}],"collection":[{"href":"https:\/\/atecordoba.org\/index.php?rest_route=\/wp\/v2\/posts"}],"about":[{"href":"https:\/\/atecordoba.org\/index.php?rest_route=\/wp\/v2\/types\/post"}],"author":[{"embeddable":true,"href":"https:\/\/atecordoba.org\/index.php?rest_route=\/wp\/v2\/users\/7"}],"replies":[{"embeddable":true,"href":"https:\/\/atecordoba.org\/index.php?rest_route=%2Fwp%2Fv2%2Fcomments&post=47852"}],"version-history":[{"count":2,"href":"https:\/\/atecordoba.org\/index.php?rest_route=\/wp\/v2\/posts\/47852\/revisions"}],"predecessor-version":[{"id":47862,"href":"https:\/\/atecordoba.org\/index.php?rest_route=\/wp\/v2\/posts\/47852\/revisions\/47862"}],"wp:featuredmedia":[{"embeddable":true,"href":"https:\/\/atecordoba.org\/index.php?rest_route=\/wp\/v2\/media\/47853"}],"wp:attachment":[{"href":"https:\/\/atecordoba.org\/index.php?rest_route=%2Fwp%2Fv2%2Fmedia&parent=47852"}],"wp:term":[{"taxonomy":"category","embeddable":true,"href":"https:\/\/atecordoba.org\/index.php?rest_route=%2Fwp%2Fv2%2Fcategories&post=47852"},{"taxonomy":"post_tag","embeddable":true,"href":"https:\/\/atecordoba.org\/index.php?rest_route=%2Fwp%2Fv2%2Ftags&post=47852"}],"curies":[{"name":"wp","href":"https:\/\/api.w.org\/{rel}","templated":true}]}}