{"id":47813,"date":"2025-02-28T13:15:03","date_gmt":"2025-02-28T16:15:03","guid":{"rendered":"https:\/\/atecordoba.org\/?p=47813"},"modified":"2025-02-28T14:17:05","modified_gmt":"2025-02-28T17:17:05","slug":"ate-presente-en-la-marcha-en-defensa-de-epec","status":"publish","type":"post","link":"https:\/\/atecordoba.org\/?p=47813","title":{"rendered":"ATE, presente en la marcha en defensa de EPEC"},"content":{"rendered":"<p><img loading=\"lazy\" decoding=\"async\" class=\"aligncenter wp-image-47818 size-full\" src=\"https:\/\/atecordoba.org\/wp-content\/uploads\/2025\/02\/fede.png\" alt=\"\" width=\"470\" height=\"493\" \/>Miles de compa\u00f1eros y compa\u00f1eras marchamos ayer en defensa la EPEC estatal y del sistema de salud p\u00fablica y llenamos las calles de C\u00f3rdoba, exigiendo al gobernador Llaryora pol\u00edticas que defiendan los bienes p\u00fablicos, dejando de lado el ajuste que aplica furiosamente en un claro alineamiento con el gobierno de Milei.<\/p>\n<p>Por una &#8220;EPEC estatal, p\u00fablica e integrada&#8221; fue el reclamo un\u00edsono de la movilizaci\u00f3n que confluy\u00f3 frente al Patio Olmos.<\/p>\n<p><img loading=\"lazy\" decoding=\"async\" class=\"aligncenter wp-image-47819 \" src=\"https:\/\/atecordoba.org\/wp-content\/uploads\/2025\/02\/WhatsApp-Image-2025-02-27-at-21.37.44-1024x460.jpeg\" alt=\"\" width=\"482\" height=\"216\" srcset=\"https:\/\/atecordoba.org\/wp-content\/uploads\/2025\/02\/WhatsApp-Image-2025-02-27-at-21.37.44-1024x460.jpeg 1024w, https:\/\/atecordoba.org\/wp-content\/uploads\/2025\/02\/WhatsApp-Image-2025-02-27-at-21.37.44-300x135.jpeg 300w, https:\/\/atecordoba.org\/wp-content\/uploads\/2025\/02\/WhatsApp-Image-2025-02-27-at-21.37.44-768x345.jpeg 768w, https:\/\/atecordoba.org\/wp-content\/uploads\/2025\/02\/WhatsApp-Image-2025-02-27-at-21.37.44-750x337.jpeg 750w, https:\/\/atecordoba.org\/wp-content\/uploads\/2025\/02\/WhatsApp-Image-2025-02-27-at-21.37.44-1140x512.jpeg 1140w, https:\/\/atecordoba.org\/wp-content\/uploads\/2025\/02\/WhatsApp-Image-2025-02-27-at-21.37.44.jpeg 1280w\" sizes=\"auto, (max-width: 482px) 100vw, 482px\" \/><\/p>\n<p>En ese marco, ATE y la CTAA dijo presente junto a las y los estatales que estamos dispuestos a defender el Estado, en contra de los negociados, la privatizaci\u00f3n de lo p\u00fablico y los negociados que termina pagando el conjunto de la poblaci\u00f3n en C\u00f3rdoba, al igual que sucede a nivel nacional.<\/p>\n<p>Se destac\u00f3 la presencia de nuestro secretario General, Federico Giuliani, en el palco del acto, donde pudo expresar la convicci\u00f3n de construir un plan de lucha que defienda los salarios, los puestos de trabajo y las pol\u00edticas p\u00fablicas en beneficio del pueblo, que tanto Milei como Llaryora imponen al conjunto del pueblo, entre una larga agenda de reivindicaciones que ATE y la CTAA vienen planteando.<\/p>\n<p>La medida de fuerza de ATE se llev\u00f3 a cabo en el marco de un Paro Nacional de nuestra organizaci\u00f3n resuelto por el Plenario Federal que se desarroll\u00f3 en Capital Federal esta semana, que exigi\u00f3 una recomposici\u00f3n salarial acorde a la p\u00e9rdida de los ingresos estatales del a\u00f1o pasado. Cabe recordar que la paritaria nacional durante el 2024 qued\u00f3 44,4 puntos por debajo de la inflaci\u00f3n: los aumentos durante ese per\u00edodo alcanzaron el 73,3% quedando muy lejos del 117,7% de inflaci\u00f3n. Adem\u00e1s, en el inicio del 2025 el Gobierno otorg\u00f3 un m\u00edsero 1,5 y 1,2 por ciento para los meses de enero y febrero, respectivamente.<\/p>\n<p><img loading=\"lazy\" decoding=\"async\" class=\"aligncenter wp-image-47820 \" src=\"https:\/\/atecordoba.org\/wp-content\/uploads\/2025\/02\/WhatsApp-Image-2025-02-27-at-21.37.44-1-1024x768.jpeg\" alt=\"\" width=\"495\" height=\"371\" srcset=\"https:\/\/atecordoba.org\/wp-content\/uploads\/2025\/02\/WhatsApp-Image-2025-02-27-at-21.37.44-1-1024x768.jpeg 1024w, https:\/\/atecordoba.org\/wp-content\/uploads\/2025\/02\/WhatsApp-Image-2025-02-27-at-21.37.44-1-300x225.jpeg 300w, https:\/\/atecordoba.org\/wp-content\/uploads\/2025\/02\/WhatsApp-Image-2025-02-27-at-21.37.44-1-768x576.jpeg 768w, https:\/\/atecordoba.org\/wp-content\/uploads\/2025\/02\/WhatsApp-Image-2025-02-27-at-21.37.44-1-1536x1152.jpeg 1536w, https:\/\/atecordoba.org\/wp-content\/uploads\/2025\/02\/WhatsApp-Image-2025-02-27-at-21.37.44-1-750x563.jpeg 750w, https:\/\/atecordoba.org\/wp-content\/uploads\/2025\/02\/WhatsApp-Image-2025-02-27-at-21.37.44-1-1140x855.jpeg 1140w, https:\/\/atecordoba.org\/wp-content\/uploads\/2025\/02\/WhatsApp-Image-2025-02-27-at-21.37.44-1.jpeg 1600w\" sizes=\"auto, (max-width: 495px) 100vw, 495px\" \/><\/p>\n<p>En tal sentido, Giuliani alent\u00f3 a las columnas de manifestantes que &#8220;no se olviden que como sucedi\u00f3 con Angeloz, Mestre, Schiaretti y De la Sota, Mart\u00edn Llaryora, la Fundaci\u00f3n Mediterr\u00e1nea y las corporaciones econ\u00f3micas deben saber se la vamos a ganar y EPEC va a seguir siendo estatal, hoy como ayer, con la unidad de los laburantes ocupados, desocupados, los activos, los jubilados, los estatales y los privados&#8221;.<\/p>\n<p>Previamente, el dirigente estatal reivindic\u00f3 al \u00faltimo gobierno popular en C\u00f3rdoba al recordar que un 27 de febrero como ayer, pero hace 51 a\u00f1os &#8220;un golpe policial y civil llamado Navarrazo lo sac\u00f3 del gobierno a nuestro querido compa\u00f1ero Obreg\u00f3n Cano y puso en pr\u00e1ctica un mecanismo de represi\u00f3n, de exterminio, de muerte de los dirigentes sindicales m\u00e1s combativos que ten\u00eda nuestra provincia, dos a\u00f1os antes de que viniera la nefasta dictadura olig\u00e1rquico-c\u00edvico-eclesi\u00e1stica-militar&#8221;.<img loading=\"lazy\" decoding=\"async\" class=\"aligncenter wp-image-47821 \" src=\"https:\/\/atecordoba.org\/wp-content\/uploads\/2025\/02\/WhatsApp-Image-2025-02-27-at-21.37.45-1024x768.jpeg\" alt=\"\" width=\"499\" height=\"374\" srcset=\"https:\/\/atecordoba.org\/wp-content\/uploads\/2025\/02\/WhatsApp-Image-2025-02-27-at-21.37.45-1024x768.jpeg 1024w, https:\/\/atecordoba.org\/wp-content\/uploads\/2025\/02\/WhatsApp-Image-2025-02-27-at-21.37.45-300x225.jpeg 300w, https:\/\/atecordoba.org\/wp-content\/uploads\/2025\/02\/WhatsApp-Image-2025-02-27-at-21.37.45-768x576.jpeg 768w, https:\/\/atecordoba.org\/wp-content\/uploads\/2025\/02\/WhatsApp-Image-2025-02-27-at-21.37.45-1536x1152.jpeg 1536w, https:\/\/atecordoba.org\/wp-content\/uploads\/2025\/02\/WhatsApp-Image-2025-02-27-at-21.37.45-750x563.jpeg 750w, https:\/\/atecordoba.org\/wp-content\/uploads\/2025\/02\/WhatsApp-Image-2025-02-27-at-21.37.45-1140x855.jpeg 1140w, https:\/\/atecordoba.org\/wp-content\/uploads\/2025\/02\/WhatsApp-Image-2025-02-27-at-21.37.45.jpeg 1600w\" sizes=\"auto, (max-width: 499px) 100vw, 499px\" \/><\/p>\n<p>La cita fue pie para recordar la figura de aquellos dirigentes sindicales combativos que hoy aun nos muestran el camino de la lucha. &#8220;Vaya nuestra memoria memoria del Negreo Atilio L\u00f3pez, del Gringo Tosco, de la Perra Castro, de Rene Salamanca, de Elpidio Torres y de nuestros 30 mil compa\u00f1eros y compa\u00f1eras desaparecidas, que estamos honrando hoy, en la calle y de la mejor manera: peleando por un pa\u00eds con justicia social&#8221;.<\/p>\n<p>Giuliani remarc\u00f3 que frente al riesgo de privatizaci\u00f3n de EPEC &#8220;hoy como ATE y CTAA venimos a ponernos codo a codo, espalda con espalda, en esta lucha por defender los puestos de trabajo y para mantener una EPEC estatal, p\u00fablica e integrada. Ponemos el valor m\u00e1s alto que tiene un militante, la solidaridad de clase. Si los tocan a ustedes nos tocan a todos, a todo el pueblo cordob\u00e9s&#8221;.<img loading=\"lazy\" decoding=\"async\" class=\"size-medium wp-image-47824 alignright\" src=\"https:\/\/atecordoba.org\/wp-content\/uploads\/2025\/02\/WhatsApp-Image-2025-02-27-at-21.44.15-1-1-190x300.jpeg\" alt=\"\" width=\"190\" height=\"300\" srcset=\"https:\/\/atecordoba.org\/wp-content\/uploads\/2025\/02\/WhatsApp-Image-2025-02-27-at-21.44.15-1-1-190x300.jpeg 190w, https:\/\/atecordoba.org\/wp-content\/uploads\/2025\/02\/WhatsApp-Image-2025-02-27-at-21.44.15-1-1-650x1024.jpeg 650w, https:\/\/atecordoba.org\/wp-content\/uploads\/2025\/02\/WhatsApp-Image-2025-02-27-at-21.44.15-1-1.jpeg 719w\" sizes=\"auto, (max-width: 190px) 100vw, 190px\" \/><\/p>\n<p><strong>Contra el cordobesismo<\/strong><\/p>\n<p>En otro tramo de su discurso, Giuliani fustig\u00f3 al cordobesismo, que gobierna hace d\u00e9cadas esta provincia, porque &#8220;para ellos la salud, la educaci\u00f3n, EPEC y el APROSS son un negocio; para los que estamos ac\u00e1, son derechos conquistados que vamos a defender con nuestro cuerpo, cueste lo que cueste y caiga quien caiga. Vamos a estar en la calle para dar vuelta la tortilla&#8221;.<\/p>\n<p>&#8220;Tenemos que dejar de lado las boludeses, los personalismos y las mezquindades, que no sirven y son funcionales al poder. Hay que ser humildes y estar a la altura de las circunstancias porque es lo que pide nuestro pueblo: la m\u00e1xima unidad para enfrentar \u00a0y derrotar el ajuste de Llaryora y Milei&#8221;, advirti\u00f3 ante la multitud.<\/p>\n<p><strong>Unidad y acci\u00f3n<\/strong><\/p>\n<p>Por \u00faltimo, Giuliani destac\u00f3 que &#8220;como dec\u00eda el Gringo Tosco, de un lado est\u00e1n los que se juntan para entregarnos en la Casa Rosada y en El Panal, pero tambi\u00e9n en el Congreso y la Legislatura provincial. Aun con diferencias y matices, estamos ac\u00e1 los que entendemos que hay que organizarse para poder tener una patria libre, justa y soberana&#8221;.<\/p>\n<p>Y remarc\u00f3 que &#8220;no alcanza con comunicados de prensa, ni llevando una notita a las oficinas gubernamentales. Tenemos que salir a la calle, construir la fuerza y tratar de derrotar este modelo par que no terminen su mandato y la gesti\u00f3n&#8221;.<\/p>\n<p>&nbsp;<\/p>\n<p>&nbsp;<\/p>\n<p>&nbsp;<\/p>\n","protected":false},"excerpt":{"rendered":"<p>Miles de compa\u00f1eros y compa\u00f1eras marchamos ayer en defensa la EPEC estatal y del sistema de salud p\u00fablica y llenamos las calles de C\u00f3rdoba, exigiendo al gobernador Llaryora pol\u00edticas que defiendan los bienes p\u00fablicos, dejando de lado el ajuste que aplica furiosamente en un claro alineamiento con el gobierno de Milei. Por una &#8220;EPEC estatal, [&hellip;]<\/p>\n","protected":false},"author":7,"featured_media":47818,"comment_status":"open","ping_status":"open","sticky":false,"template":"","format":"standard","meta":{"_exactmetrics_skip_tracking":false,"_exactmetrics_sitenote_active":false,"_exactmetrics_sitenote_note":"","_exactmetrics_sitenote_category":0,"jnews-multi-image_gallery":[],"jnews_single_post":{"format":"standard","override":[{"template":"1","parallax":"1","fullscreen":"1","layout":"no-sidebar-narrow","sidebar":"default-sidebar","second_sidebar":"default-sidebar","sticky_sidebar":"1","share_position":"bottom","share_float_style":"share-monocrhome","show_share_counter":"1","show_view_counter":"1","show_post_meta":"1","show_post_author_image":"1","show_post_date":"1","post_date_format":"default","post_date_format_custom":"Y\/m\/d","show_post_category":"1","show_post_reading_time":"0","post_reading_time_wpm":"300","post_calculate_word_method":"str_word_count","show_zoom_button":"0","zoom_button_out_step":"2","zoom_button_in_step":"3","show_post_tag":"1","number_popup_post":"1","show_post_related":"1","show_inline_post_related":"0"}],"image_override":[{"single_post_thumbnail_size":"crop-500","single_post_gallery_size":"crop-500"}],"trending_post_position":"meta","trending_post_label":"Trending","sponsored_post_label":"Sponsored by","disable_ad":"0"},"jnews_primary_category":[],"jnews_social_meta":[],"jnews_review":[],"enable_review":"","type":"percentage","name":"","summary":"","brand":"","sku":"","good":[],"bad":[],"score_override":"","override_value":"","rating":[],"price":[],"jnews_override_counter":{"view_counter_number":"0","share_counter_number":"0","like_counter_number":"0","dislike_counter_number":"0"},"jnews_post_split":{"post_split":[{"template":"1","tag":"h2","numbering":"asc","mode":"normal","first":"0","enable_toc":"0","toc_type":"normal"}]},"footnotes":""},"categories":[10],"tags":[1484],"class_list":["post-47813","post","type-post","status-publish","format-standard","has-post-thumbnail","hentry","category-accion-politica","tag-epec"],"jetpack_featured_media_url":"https:\/\/atecordoba.org\/wp-content\/uploads\/2025\/02\/fede-e1740760546711.png","_links":{"self":[{"href":"https:\/\/atecordoba.org\/index.php?rest_route=\/wp\/v2\/posts\/47813","targetHints":{"allow":["GET"]}}],"collection":[{"href":"https:\/\/atecordoba.org\/index.php?rest_route=\/wp\/v2\/posts"}],"about":[{"href":"https:\/\/atecordoba.org\/index.php?rest_route=\/wp\/v2\/types\/post"}],"author":[{"embeddable":true,"href":"https:\/\/atecordoba.org\/index.php?rest_route=\/wp\/v2\/users\/7"}],"replies":[{"embeddable":true,"href":"https:\/\/atecordoba.org\/index.php?rest_route=%2Fwp%2Fv2%2Fcomments&post=47813"}],"version-history":[{"count":4,"href":"https:\/\/atecordoba.org\/index.php?rest_route=\/wp\/v2\/posts\/47813\/revisions"}],"predecessor-version":[{"id":47829,"href":"https:\/\/atecordoba.org\/index.php?rest_route=\/wp\/v2\/posts\/47813\/revisions\/47829"}],"wp:featuredmedia":[{"embeddable":true,"href":"https:\/\/atecordoba.org\/index.php?rest_route=\/wp\/v2\/media\/47818"}],"wp:attachment":[{"href":"https:\/\/atecordoba.org\/index.php?rest_route=%2Fwp%2Fv2%2Fmedia&parent=47813"}],"wp:term":[{"taxonomy":"category","embeddable":true,"href":"https:\/\/atecordoba.org\/index.php?rest_route=%2Fwp%2Fv2%2Fcategories&post=47813"},{"taxonomy":"post_tag","embeddable":true,"href":"https:\/\/atecordoba.org\/index.php?rest_route=%2Fwp%2Fv2%2Ftags&post=47813"}],"curies":[{"name":"wp","href":"https:\/\/api.w.org\/{rel}","templated":true}]}}