{"id":47804,"date":"2025-02-28T11:29:37","date_gmt":"2025-02-28T14:29:37","guid":{"rendered":"https:\/\/atecordoba.org\/?p=47804"},"modified":"2025-02-28T15:47:02","modified_gmt":"2025-02-28T18:47:02","slug":"ate-instrumenta-un-chat-en-la-web-para-canalizar-denuncias-de-violencia-laboral-y-de-genero","status":"publish","type":"post","link":"https:\/\/atecordoba.org\/?p=47804","title":{"rendered":"A trav\u00e9s de un personaje llamado Violeta, ATE instrumenta un canal para informar sobre violencia laboral"},"content":{"rendered":"<p><img loading=\"lazy\" decoding=\"async\" class=\"aligncenter wp-image-47809 \" src=\"https:\/\/atecordoba.org\/wp-content\/uploads\/2025\/02\/WhatsApp-Image-2025-02-27-at-22.11.51-1024x1024.jpeg\" alt=\"\" width=\"500\" height=\"500\" srcset=\"https:\/\/atecordoba.org\/wp-content\/uploads\/2025\/02\/WhatsApp-Image-2025-02-27-at-22.11.51-1024x1024.jpeg 1024w, https:\/\/atecordoba.org\/wp-content\/uploads\/2025\/02\/WhatsApp-Image-2025-02-27-at-22.11.51-300x300.jpeg 300w, https:\/\/atecordoba.org\/wp-content\/uploads\/2025\/02\/WhatsApp-Image-2025-02-27-at-22.11.51-150x150.jpeg 150w, https:\/\/atecordoba.org\/wp-content\/uploads\/2025\/02\/WhatsApp-Image-2025-02-27-at-22.11.51-768x768.jpeg 768w, https:\/\/atecordoba.org\/wp-content\/uploads\/2025\/02\/WhatsApp-Image-2025-02-27-at-22.11.51-560x560.jpeg 560w, https:\/\/atecordoba.org\/wp-content\/uploads\/2025\/02\/WhatsApp-Image-2025-02-27-at-22.11.51-75x75.jpeg 75w, https:\/\/atecordoba.org\/wp-content\/uploads\/2025\/02\/WhatsApp-Image-2025-02-27-at-22.11.51-350x350.jpeg 350w, https:\/\/atecordoba.org\/wp-content\/uploads\/2025\/02\/WhatsApp-Image-2025-02-27-at-22.11.51-750x750.jpeg 750w, https:\/\/atecordoba.org\/wp-content\/uploads\/2025\/02\/WhatsApp-Image-2025-02-27-at-22.11.51.jpeg 1080w\" sizes=\"auto, (max-width: 500px) 100vw, 500px\" \/><\/p>\n<p>Frente a la ola de violencia, acoso laboral y discursos de odio que pone en pr\u00e1ctica el gobierno nacional en el Estado, para justificar el ajuste y la pobreza de las y los trabajadores del Estado, ATE puso en marcha una herramienta por medio de un canal para informar de situaciones violentas dentro del \u00e1mbito del trabajo que sufren las y los estatales.<\/p>\n<p>Para acceder a la herramienta las y los compa\u00f1eros deben ingresar al globo del Chat donde un personaje llamado Violeta, creado para tal fin, genera la posibilidad de dejar un mensaje para que el sistema canalice la informaci\u00f3n.<\/p>\n<p><img loading=\"lazy\" decoding=\"async\" class=\"aligncenter wp-image-47810 \" src=\"https:\/\/atecordoba.org\/wp-content\/uploads\/2025\/02\/chat-violeta-1024x541.png\" alt=\"\" width=\"511\" height=\"270\" srcset=\"https:\/\/atecordoba.org\/wp-content\/uploads\/2025\/02\/chat-violeta-1024x541.png 1024w, https:\/\/atecordoba.org\/wp-content\/uploads\/2025\/02\/chat-violeta-300x158.png 300w, https:\/\/atecordoba.org\/wp-content\/uploads\/2025\/02\/chat-violeta-768x406.png 768w, https:\/\/atecordoba.org\/wp-content\/uploads\/2025\/02\/chat-violeta-750x396.png 750w, https:\/\/atecordoba.org\/wp-content\/uploads\/2025\/02\/chat-violeta-1140x602.png 1140w, https:\/\/atecordoba.org\/wp-content\/uploads\/2025\/02\/chat-violeta.png 1308w\" sizes=\"auto, (max-width: 511px) 100vw, 511px\" \/><\/p>\n<p>&#8220;La propuesta surge de la Secretaria de Prensa y Comunicaci\u00f3n ante el crecimiento y la legalizaci\u00f3n desde el Presidente para abajo de los discursos de odio y el nivel de agresividad existente&#8221;, explic\u00f3 Julia Giuliani, titular del \u00e1rea de Prensa.<\/p>\n<p>Y apunt\u00f3: &#8220;queremos instrumentar esta v\u00eda para que las y los compa\u00f1eros est\u00e9n formados e informados. Muchos no saben que existen instancias para poder denunciar y ser acompa\u00f1ados para dejar de naturalizar hechos de violencia en el \u00e1mbito laboral. Son muchos casos que hemos registrado a lo largo del tiempo donde no se denuncia por desconocimiento, por miedo o por verg\u00fcenza. As\u00ed, no se sabe ni se informa que hay una manera colectiva de atravesar estas situaciones y poder darle soluciones&#8221;.<\/p>\n<div id='gallery_1' class='gallery galleryid-47804 gallery-columns-3 gallery-size-thumbnail'><figure class='gallery-item'>\n                <div class='gallery-icon landscape'>\n                    <a href='https:\/\/atecordoba.org\/wp-content\/uploads\/2025\/02\/WhatsApp-Image-2025-02-27-at-22.11.50.jpeg'><img loading=\"lazy\" decoding=\"async\" width=\"150\" height=\"150\" src=\"\" class=\"attachment-thumbnail size-thumbnail lazyload\" alt=\"\" data-src=\"https:\/\/atecordoba.org\/wp-content\/uploads\/2025\/02\/WhatsApp-Image-2025-02-27-at-22.11.50-150x150.jpeg\" data-sizes=\"auto\" data-srcset=\"https:\/\/atecordoba.org\/wp-content\/uploads\/2025\/02\/WhatsApp-Image-2025-02-27-at-22.11.50-150x150.jpeg 150w, https:\/\/atecordoba.org\/wp-content\/uploads\/2025\/02\/WhatsApp-Image-2025-02-27-at-22.11.50-300x300.jpeg 300w, https:\/\/atecordoba.org\/wp-content\/uploads\/2025\/02\/WhatsApp-Image-2025-02-27-at-22.11.50-1024x1024.jpeg 1024w, https:\/\/atecordoba.org\/wp-content\/uploads\/2025\/02\/WhatsApp-Image-2025-02-27-at-22.11.50-768x768.jpeg 768w, https:\/\/atecordoba.org\/wp-content\/uploads\/2025\/02\/WhatsApp-Image-2025-02-27-at-22.11.50-560x560.jpeg 560w, https:\/\/atecordoba.org\/wp-content\/uploads\/2025\/02\/WhatsApp-Image-2025-02-27-at-22.11.50-75x75.jpeg 75w, https:\/\/atecordoba.org\/wp-content\/uploads\/2025\/02\/WhatsApp-Image-2025-02-27-at-22.11.50-350x350.jpeg 350w, https:\/\/atecordoba.org\/wp-content\/uploads\/2025\/02\/WhatsApp-Image-2025-02-27-at-22.11.50-750x750.jpeg 750w, https:\/\/atecordoba.org\/wp-content\/uploads\/2025\/02\/WhatsApp-Image-2025-02-27-at-22.11.50.jpeg 1080w\" data-expand=\"700\" \/><\/a>\n                <\/div><\/figure><figure class='gallery-item'>\n                <div class='gallery-icon landscape'>\n                    <a href='https:\/\/atecordoba.org\/wp-content\/uploads\/2025\/02\/WhatsApp-Image-2025-02-27-at-22.11.49.jpeg'><img loading=\"lazy\" decoding=\"async\" width=\"150\" height=\"150\" src=\"\" class=\"attachment-thumbnail size-thumbnail lazyload\" alt=\"\" data-src=\"https:\/\/atecordoba.org\/wp-content\/uploads\/2025\/02\/WhatsApp-Image-2025-02-27-at-22.11.49-150x150.jpeg\" data-sizes=\"auto\" data-srcset=\"https:\/\/atecordoba.org\/wp-content\/uploads\/2025\/02\/WhatsApp-Image-2025-02-27-at-22.11.49-150x150.jpeg 150w, https:\/\/atecordoba.org\/wp-content\/uploads\/2025\/02\/WhatsApp-Image-2025-02-27-at-22.11.49-300x300.jpeg 300w, https:\/\/atecordoba.org\/wp-content\/uploads\/2025\/02\/WhatsApp-Image-2025-02-27-at-22.11.49-1024x1024.jpeg 1024w, https:\/\/atecordoba.org\/wp-content\/uploads\/2025\/02\/WhatsApp-Image-2025-02-27-at-22.11.49-768x768.jpeg 768w, https:\/\/atecordoba.org\/wp-content\/uploads\/2025\/02\/WhatsApp-Image-2025-02-27-at-22.11.49-560x560.jpeg 560w, https:\/\/atecordoba.org\/wp-content\/uploads\/2025\/02\/WhatsApp-Image-2025-02-27-at-22.11.49-75x75.jpeg 75w, https:\/\/atecordoba.org\/wp-content\/uploads\/2025\/02\/WhatsApp-Image-2025-02-27-at-22.11.49-350x350.jpeg 350w, https:\/\/atecordoba.org\/wp-content\/uploads\/2025\/02\/WhatsApp-Image-2025-02-27-at-22.11.49-750x750.jpeg 750w, https:\/\/atecordoba.org\/wp-content\/uploads\/2025\/02\/WhatsApp-Image-2025-02-27-at-22.11.49.jpeg 1080w\" data-expand=\"700\" \/><\/a>\n                <\/div><\/figure><figure class='gallery-item'>\n                <div class='gallery-icon landscape'>\n                    <a href='https:\/\/atecordoba.org\/wp-content\/uploads\/2025\/02\/WhatsApp-Image-2025-02-27-at-22.11.51-1-e1740752965927.jpeg'><img loading=\"lazy\" decoding=\"async\" width=\"150\" height=\"150\" src=\"\" class=\"attachment-thumbnail size-thumbnail lazyload\" alt=\"\" data-src=\"https:\/\/atecordoba.org\/wp-content\/uploads\/2025\/02\/WhatsApp-Image-2025-02-27-at-22.11.51-1-150x150.jpeg\" data-sizes=\"auto\" data-srcset=\"https:\/\/atecordoba.org\/wp-content\/uploads\/2025\/02\/WhatsApp-Image-2025-02-27-at-22.11.51-1-150x150.jpeg 150w, https:\/\/atecordoba.org\/wp-content\/uploads\/2025\/02\/WhatsApp-Image-2025-02-27-at-22.11.51-1-e1740752965927.jpeg 300w, https:\/\/atecordoba.org\/wp-content\/uploads\/2025\/02\/WhatsApp-Image-2025-02-27-at-22.11.51-1-1024x1024.jpeg 1024w, https:\/\/atecordoba.org\/wp-content\/uploads\/2025\/02\/WhatsApp-Image-2025-02-27-at-22.11.51-1-768x768.jpeg 768w, https:\/\/atecordoba.org\/wp-content\/uploads\/2025\/02\/WhatsApp-Image-2025-02-27-at-22.11.51-1-560x560.jpeg 560w, https:\/\/atecordoba.org\/wp-content\/uploads\/2025\/02\/WhatsApp-Image-2025-02-27-at-22.11.51-1-75x75.jpeg 75w, https:\/\/atecordoba.org\/wp-content\/uploads\/2025\/02\/WhatsApp-Image-2025-02-27-at-22.11.51-1-350x350.jpeg 350w, https:\/\/atecordoba.org\/wp-content\/uploads\/2025\/02\/WhatsApp-Image-2025-02-27-at-22.11.51-1-750x750.jpeg 750w\" data-expand=\"700\" \/><\/a>\n                <\/div><\/figure><br style=\"clear: both\" \/>\n            <\/div>\n\n<p>La ilustraci\u00f3n del chat fue creada por una ni\u00f1a que es parte de la familia estatal de ATE. &#8220;Violeta surge como un chat que est\u00e1 a disposici\u00f3n en la p\u00e1gina web del Consejo Directivo Provincial y en el caso de necesitar un encuentro personal, tambi\u00e9n se activa la posibilidad de un encuentro con la Secretaria de G\u00e9nero&#8221;.<\/p>\n<p>&nbsp;<\/p>\n","protected":false},"excerpt":{"rendered":"<p>Frente a la ola de violencia, acoso laboral y discursos de odio que pone en pr\u00e1ctica el gobierno nacional en el Estado, para justificar el ajuste y la pobreza de las y los trabajadores del Estado, ATE puso en marcha una herramienta por medio de un canal para informar de situaciones violentas dentro del \u00e1mbito [&hellip;]<\/p>\n","protected":false},"author":7,"featured_media":47806,"comment_status":"open","ping_status":"open","sticky":false,"template":"","format":"standard","meta":{"_exactmetrics_skip_tracking":false,"_exactmetrics_sitenote_active":false,"_exactmetrics_sitenote_note":"","_exactmetrics_sitenote_category":0,"jnews-multi-image_gallery":[],"jnews_single_post":{"format":"standard","override":[{"template":"1","parallax":"1","fullscreen":"1","layout":"no-sidebar-narrow","sidebar":"default-sidebar","second_sidebar":"default-sidebar","sticky_sidebar":"1","share_position":"bottom","share_float_style":"share-monocrhome","show_share_counter":"1","show_view_counter":"1","show_post_meta":"1","show_post_author_image":"1","show_post_date":"1","post_date_format":"default","post_date_format_custom":"Y\/m\/d","show_post_category":"1","show_post_reading_time":"0","post_reading_time_wpm":"300","post_calculate_word_method":"str_word_count","show_zoom_button":"0","zoom_button_out_step":"2","zoom_button_in_step":"3","show_post_tag":"1","number_popup_post":"1","show_post_related":"1","show_inline_post_related":"0"}],"image_override":[{"single_post_thumbnail_size":"crop-500","single_post_gallery_size":"crop-500"}],"trending_post_position":"meta","trending_post_label":"Trending","sponsored_post_label":"Sponsored by","disable_ad":"0"},"jnews_primary_category":[],"jnews_social_meta":[],"jnews_review":[],"enable_review":"","type":"percentage","name":"","summary":"","brand":"","sku":"","good":[],"bad":[],"score_override":"","override_value":"","rating":[],"price":[],"jnews_override_counter":{"view_counter_number":"0","share_counter_number":"0","like_counter_number":"0","dislike_counter_number":"0"},"jnews_post_split":{"post_split":[{"template":"1","tag":"h2","numbering":"asc","mode":"normal","first":"0","enable_toc":"0","toc_type":"normal"}]},"footnotes":""},"categories":[325],"tags":[370,541],"class_list":["post-47804","post","type-post","status-publish","format-standard","has-post-thumbnail","hentry","category-generos-y-diversidades","tag-violencia-de-genero","tag-violencia-laboral"],"jetpack_featured_media_url":"https:\/\/atecordoba.org\/wp-content\/uploads\/2025\/02\/WhatsApp-Image-2025-02-27-at-22.11.51-1-e1740752965927.jpeg","_links":{"self":[{"href":"https:\/\/atecordoba.org\/index.php?rest_route=\/wp\/v2\/posts\/47804","targetHints":{"allow":["GET"]}}],"collection":[{"href":"https:\/\/atecordoba.org\/index.php?rest_route=\/wp\/v2\/posts"}],"about":[{"href":"https:\/\/atecordoba.org\/index.php?rest_route=\/wp\/v2\/types\/post"}],"author":[{"embeddable":true,"href":"https:\/\/atecordoba.org\/index.php?rest_route=\/wp\/v2\/users\/7"}],"replies":[{"embeddable":true,"href":"https:\/\/atecordoba.org\/index.php?rest_route=%2Fwp%2Fv2%2Fcomments&post=47804"}],"version-history":[{"count":6,"href":"https:\/\/atecordoba.org\/index.php?rest_route=\/wp\/v2\/posts\/47804\/revisions"}],"predecessor-version":[{"id":47838,"href":"https:\/\/atecordoba.org\/index.php?rest_route=\/wp\/v2\/posts\/47804\/revisions\/47838"}],"wp:featuredmedia":[{"embeddable":true,"href":"https:\/\/atecordoba.org\/index.php?rest_route=\/wp\/v2\/media\/47806"}],"wp:attachment":[{"href":"https:\/\/atecordoba.org\/index.php?rest_route=%2Fwp%2Fv2%2Fmedia&parent=47804"}],"wp:term":[{"taxonomy":"category","embeddable":true,"href":"https:\/\/atecordoba.org\/index.php?rest_route=%2Fwp%2Fv2%2Fcategories&post=47804"},{"taxonomy":"post_tag","embeddable":true,"href":"https:\/\/atecordoba.org\/index.php?rest_route=%2Fwp%2Fv2%2Ftags&post=47804"}],"curies":[{"name":"wp","href":"https:\/\/api.w.org\/{rel}","templated":true}]}}