{"id":47798,"date":"2025-02-28T10:10:32","date_gmt":"2025-02-28T13:10:32","guid":{"rendered":"https:\/\/atecordoba.org\/?p=47798"},"modified":"2025-02-28T10:10:32","modified_gmt":"2025-02-28T13:10:32","slug":"charla-debate-en-ate-sobre-comunicacion-democracia-y-la-lucha-contra-los-discursos-de-odio-con-soledad-segura","status":"publish","type":"post","link":"https:\/\/atecordoba.org\/?p=47798","title":{"rendered":"Charla-debate en ATE: sobre comunicaci\u00f3n, democracia y la lucha contra los discursos de odio, con Soledad Segura"},"content":{"rendered":"<p><img loading=\"lazy\" decoding=\"async\" class=\"aligncenter wp-image-47799 \" src=\"https:\/\/atecordoba.org\/wp-content\/uploads\/2025\/02\/WhatsApp-Image-2025-02-27-at-21.48.46-1024x1024.jpeg\" alt=\"\" width=\"616\" height=\"616\" srcset=\"https:\/\/atecordoba.org\/wp-content\/uploads\/2025\/02\/WhatsApp-Image-2025-02-27-at-21.48.46-1024x1024.jpeg 1024w, https:\/\/atecordoba.org\/wp-content\/uploads\/2025\/02\/WhatsApp-Image-2025-02-27-at-21.48.46-300x300.jpeg 300w, https:\/\/atecordoba.org\/wp-content\/uploads\/2025\/02\/WhatsApp-Image-2025-02-27-at-21.48.46-150x150.jpeg 150w, https:\/\/atecordoba.org\/wp-content\/uploads\/2025\/02\/WhatsApp-Image-2025-02-27-at-21.48.46-768x768.jpeg 768w, https:\/\/atecordoba.org\/wp-content\/uploads\/2025\/02\/WhatsApp-Image-2025-02-27-at-21.48.46-560x560.jpeg 560w, https:\/\/atecordoba.org\/wp-content\/uploads\/2025\/02\/WhatsApp-Image-2025-02-27-at-21.48.46-75x75.jpeg 75w, https:\/\/atecordoba.org\/wp-content\/uploads\/2025\/02\/WhatsApp-Image-2025-02-27-at-21.48.46-350x350.jpeg 350w, https:\/\/atecordoba.org\/wp-content\/uploads\/2025\/02\/WhatsApp-Image-2025-02-27-at-21.48.46-750x750.jpeg 750w, https:\/\/atecordoba.org\/wp-content\/uploads\/2025\/02\/WhatsApp-Image-2025-02-27-at-21.48.46.jpeg 1080w\" sizes=\"auto, (max-width: 616px) 100vw, 616px\" \/>Vuelven los ciclos &#8220;Mano a Mano&#8221; en ATE C\u00f3rdoba. El pr\u00f3ximo mi\u00e9rcoles 5 de marzo, a las 17 horas, en sede del Consejo Directivo Provincial, Entre R\u00edos 450, se llevar\u00e1 a cabo una charla-debate sobre \u201ccomunicaci\u00f3n, democracia y la lucha contra los discursos de odio\u201d.<img loading=\"lazy\" decoding=\"async\" class=\"alignright wp-image-47801 size-medium\" src=\"https:\/\/atecordoba.org\/wp-content\/uploads\/2025\/02\/sole-segura-libro-212x300.jpg\" alt=\"\" width=\"212\" height=\"300\" srcset=\"https:\/\/atecordoba.org\/wp-content\/uploads\/2025\/02\/sole-segura-libro-212x300.jpg 212w, https:\/\/atecordoba.org\/wp-content\/uploads\/2025\/02\/sole-segura-libro-725x1024.jpg 725w, https:\/\/atecordoba.org\/wp-content\/uploads\/2025\/02\/sole-segura-libro-768x1085.jpg 768w, https:\/\/atecordoba.org\/wp-content\/uploads\/2025\/02\/sole-segura-libro-750x1059.jpg 750w, https:\/\/atecordoba.org\/wp-content\/uploads\/2025\/02\/sole-segura-libro.jpg 827w\" sizes=\"auto, (max-width: 212px) 100vw, 212px\" \/><\/p>\n<p>La actividad se realiza en el marco de la organizaci\u00f3n del Paro Internacional de Mujeres del 8M y estar\u00e1 a cargo de la investigadora de CONICET y profesora de la UNC, Soledad Segura.<\/p>\n<p>La cient\u00edfica social es autora del libro &#8220;Public communication and democracy in Latin America&#8221; (Comunicaci\u00f3n P\u00fablica y democracia en Am\u00e9rica Latina).<\/p>\n<p>Se trata de una actividad donde analizaremos estrategias para enfrentar la desinformaci\u00f3n, el negacionismo y los discursos de odio desde la acci\u00f3n de organizaciones sociales, el Estado y el sector privado en Am\u00e9rica Latina.<\/p>\n<p>La charla es de acceso libre y gratuito.<\/p>\n<p>Organizan las secretar\u00edas de G\u00e9nero y Diversidades, Prensa y Acci\u00f3n Pol\u00edtica de ATE C\u00f3rdoba<\/p>\n","protected":false},"excerpt":{"rendered":"<p>Vuelven los ciclos &#8220;Mano a Mano&#8221; en ATE C\u00f3rdoba. El pr\u00f3ximo mi\u00e9rcoles 5 de marzo, a las 17 horas, en sede del Consejo Directivo Provincial, Entre R\u00edos 450, se llevar\u00e1 a cabo una charla-debate sobre \u201ccomunicaci\u00f3n, democracia y la lucha contra los discursos de odio\u201d. La actividad se realiza en el marco de la organizaci\u00f3n [&hellip;]<\/p>\n","protected":false},"author":7,"featured_media":47800,"comment_status":"open","ping_status":"open","sticky":false,"template":"","format":"standard","meta":{"_exactmetrics_skip_tracking":false,"_exactmetrics_sitenote_active":false,"_exactmetrics_sitenote_note":"","_exactmetrics_sitenote_category":0,"jnews-multi-image_gallery":[],"jnews_single_post":{"format":"standard","override":[{"template":"1","parallax":"1","fullscreen":"1","layout":"no-sidebar-narrow","sidebar":"default-sidebar","second_sidebar":"default-sidebar","sticky_sidebar":"1","share_position":"bottom","share_float_style":"share-monocrhome","show_share_counter":"1","show_view_counter":"1","show_post_meta":"1","show_post_author_image":"1","show_post_date":"1","post_date_format":"default","post_date_format_custom":"Y\/m\/d","show_post_category":"1","show_post_reading_time":"0","post_reading_time_wpm":"300","post_calculate_word_method":"str_word_count","show_zoom_button":"0","zoom_button_out_step":"2","zoom_button_in_step":"3","show_post_tag":"1","number_popup_post":"1","show_post_related":"1","show_inline_post_related":"0"}],"image_override":[{"single_post_thumbnail_size":"crop-500","single_post_gallery_size":"crop-500"}],"trending_post_position":"meta","trending_post_label":"Trending","sponsored_post_label":"Sponsored by","disable_ad":"0"},"jnews_primary_category":[],"jnews_social_meta":[],"jnews_review":[],"enable_review":"","type":"percentage","name":"","summary":"","brand":"","sku":"","good":[],"bad":[],"score_override":"","override_value":"","rating":[],"price":[],"jnews_override_counter":{"view_counter_number":"0","share_counter_number":"0","like_counter_number":"0","dislike_counter_number":"0"},"jnews_post_split":{"post_split":[{"template":"1","tag":"h2","numbering":"asc","mode":"normal","first":"0","enable_toc":"0","toc_type":"normal"}]},"footnotes":""},"categories":[10],"tags":[],"class_list":["post-47798","post","type-post","status-publish","format-standard","has-post-thumbnail","hentry","category-accion-politica"],"jetpack_featured_media_url":"https:\/\/atecordoba.org\/wp-content\/uploads\/2025\/02\/sole-segura-e1740748121240.jpg","_links":{"self":[{"href":"https:\/\/atecordoba.org\/index.php?rest_route=\/wp\/v2\/posts\/47798","targetHints":{"allow":["GET"]}}],"collection":[{"href":"https:\/\/atecordoba.org\/index.php?rest_route=\/wp\/v2\/posts"}],"about":[{"href":"https:\/\/atecordoba.org\/index.php?rest_route=\/wp\/v2\/types\/post"}],"author":[{"embeddable":true,"href":"https:\/\/atecordoba.org\/index.php?rest_route=\/wp\/v2\/users\/7"}],"replies":[{"embeddable":true,"href":"https:\/\/atecordoba.org\/index.php?rest_route=%2Fwp%2Fv2%2Fcomments&post=47798"}],"version-history":[{"count":1,"href":"https:\/\/atecordoba.org\/index.php?rest_route=\/wp\/v2\/posts\/47798\/revisions"}],"predecessor-version":[{"id":47802,"href":"https:\/\/atecordoba.org\/index.php?rest_route=\/wp\/v2\/posts\/47798\/revisions\/47802"}],"wp:featuredmedia":[{"embeddable":true,"href":"https:\/\/atecordoba.org\/index.php?rest_route=\/wp\/v2\/media\/47800"}],"wp:attachment":[{"href":"https:\/\/atecordoba.org\/index.php?rest_route=%2Fwp%2Fv2%2Fmedia&parent=47798"}],"wp:term":[{"taxonomy":"category","embeddable":true,"href":"https:\/\/atecordoba.org\/index.php?rest_route=%2Fwp%2Fv2%2Fcategories&post=47798"},{"taxonomy":"post_tag","embeddable":true,"href":"https:\/\/atecordoba.org\/index.php?rest_route=%2Fwp%2Fv2%2Ftags&post=47798"}],"curies":[{"name":"wp","href":"https:\/\/api.w.org\/{rel}","templated":true}]}}