{"id":47785,"date":"2025-02-27T13:49:51","date_gmt":"2025-02-27T16:49:51","guid":{"rendered":"https:\/\/atecordoba.org\/?p=47785"},"modified":"2025-02-27T13:55:59","modified_gmt":"2025-02-27T16:55:59","slug":"ate-ingresa-a-agua-de-oro-y-amplia-la-representacion-de-las-os-municipales-en-sierras-chicas","status":"publish","type":"post","link":"https:\/\/atecordoba.org\/?p=47785","title":{"rendered":"ATE ingresa a Agua de Oro y amplia la representaci\u00f3n de las\/os municipales en Sierras Chicas"},"content":{"rendered":"<p><img loading=\"lazy\" decoding=\"async\" class=\"aligncenter wp-image-47787 \" src=\"https:\/\/atecordoba.org\/wp-content\/uploads\/2025\/02\/agua-de-oro_municipalidad-819x1024.jpg\" alt=\"\" width=\"605\" height=\"756\" \/>En una nota dirigida al intendente de Agua de Oro Miguel Aguirre, localidad ubicada en el corredor de las Sierras Chicas, el Consejo Directivo Provincial present\u00f3 la n\u00f3mina de las y los municipales de la localidad afiliados a nuestra gremio y solicit\u00f3 al Ejecutivo act\u00fae como agente de retenci\u00f3n de la cuota sindical, tal como lo establece la Ley de Asociaciones Sindicales.<\/p>\n<p>De esta forma, ATE ingresa formalmente a ejercer la representaci\u00f3n de las y los compa\u00f1eros del sector, que se afiliaron masivamente a nuestra organizaci\u00f3n para avanzar en mejoras salariales y de condiciones de trabajo.<\/p>\n<p>La solicitud se fundamenta en la misma norma y en las resoluciones del Ministerio de Trabajo y la C\u00e1mara del Trabajo del Poder Judicial que as\u00ed lo dictaminaron oportunamente.<\/p>\n<p><img loading=\"lazy\" decoding=\"async\" class=\"aligncenter wp-image-47788 \" src=\"https:\/\/atecordoba.org\/wp-content\/uploads\/2025\/02\/agua-de-oro_dispensario.jpg\" alt=\"\" width=\"618\" height=\"464\" srcset=\"https:\/\/atecordoba.org\/wp-content\/uploads\/2025\/02\/agua-de-oro_dispensario.jpg 800w, https:\/\/atecordoba.org\/wp-content\/uploads\/2025\/02\/agua-de-oro_dispensario-300x225.jpg 300w, https:\/\/atecordoba.org\/wp-content\/uploads\/2025\/02\/agua-de-oro_dispensario-768x576.jpg 768w, https:\/\/atecordoba.org\/wp-content\/uploads\/2025\/02\/agua-de-oro_dispensario-750x563.jpg 750w\" sizes=\"auto, (max-width: 618px) 100vw, 618px\" \/><\/p>\n<p>Cabe destacar que ATE ostenta la Personer\u00eda Gremial N\u00ba2, la m\u00e1s antigua del pa\u00eds.<\/p>\n<p>En la ocasi\u00f3n, nuestro secretario General, Federico Giuliani, pidi\u00f3 tambi\u00e9n que Aguirre que conceda una audiencia a nuestro gremio, a los fines de abordar los temas inherentes a la representaci\u00f3n del conjunto de las y los municipales de la localidad.<\/p>\n<p>De esta forma, ATE consolida su presencia en las Sierras Chicas y amplia la representaci\u00f3n de nuestra organizaci\u00f3n entre las y los municipales del interior provincial.<\/p>\n<div id='gallery_1' class='gallery galleryid-47785 gallery-columns-2 gallery-size-medium'><figure class='gallery-item'>\n                <div class='gallery-icon portrait'>\n                    <a href='https:\/\/atecordoba.org\/wp-content\/uploads\/2025\/02\/agua-de-oro-nota1.png'><img loading=\"lazy\" decoding=\"async\" width=\"254\" height=\"300\" src=\"\" class=\"attachment-medium size-medium lazyload\" alt=\"\" data-src=\"https:\/\/atecordoba.org\/wp-content\/uploads\/2025\/02\/agua-de-oro-nota1-254x300.png\" data-sizes=\"auto\" data-srcset=\"https:\/\/atecordoba.org\/wp-content\/uploads\/2025\/02\/agua-de-oro-nota1-254x300.png 254w, https:\/\/atecordoba.org\/wp-content\/uploads\/2025\/02\/agua-de-oro-nota1.png 579w\" data-expand=\"700\" \/><\/a>\n                <\/div><\/figure><figure class='gallery-item'>\n                <div class='gallery-icon portrait'>\n                    <a href='https:\/\/atecordoba.org\/wp-content\/uploads\/2025\/02\/agua-de-oro-nota2-1.png'><img loading=\"lazy\" decoding=\"async\" width=\"261\" height=\"300\" src=\"\" class=\"attachment-medium size-medium lazyload\" alt=\"\" data-src=\"https:\/\/atecordoba.org\/wp-content\/uploads\/2025\/02\/agua-de-oro-nota2-1-261x300.png\" data-sizes=\"auto\" data-srcset=\"https:\/\/atecordoba.org\/wp-content\/uploads\/2025\/02\/agua-de-oro-nota2-1-261x300.png 261w, https:\/\/atecordoba.org\/wp-content\/uploads\/2025\/02\/agua-de-oro-nota2-1.png 581w\" data-expand=\"700\" \/><\/a>\n                <\/div><\/figure><br style=\"clear: both\" \/>\n            <\/div>\n\n","protected":false},"excerpt":{"rendered":"<p>En una nota dirigida al intendente de Agua de Oro Miguel Aguirre, localidad ubicada en el corredor de las Sierras Chicas, el Consejo Directivo Provincial present\u00f3 la n\u00f3mina de las y los municipales de la localidad afiliados a nuestra gremio y solicit\u00f3 al Ejecutivo act\u00fae como agente de retenci\u00f3n de la cuota sindical, tal como [&hellip;]<\/p>\n","protected":false},"author":7,"featured_media":47787,"comment_status":"open","ping_status":"open","sticky":false,"template":"","format":"standard","meta":{"_exactmetrics_skip_tracking":false,"_exactmetrics_sitenote_active":false,"_exactmetrics_sitenote_note":"","_exactmetrics_sitenote_category":0,"jnews-multi-image_gallery":[],"jnews_single_post":{"format":"standard","override":[{"template":"1","parallax":"1","fullscreen":"1","layout":"no-sidebar-narrow","sidebar":"default-sidebar","second_sidebar":"default-sidebar","sticky_sidebar":"1","share_position":"bottom","share_float_style":"share-monocrhome","show_share_counter":"1","show_view_counter":"1","show_post_meta":"1","show_post_author_image":"1","show_post_date":"1","post_date_format":"default","post_date_format_custom":"Y\/m\/d","show_post_category":"1","show_post_reading_time":"0","post_reading_time_wpm":"300","post_calculate_word_method":"str_word_count","show_zoom_button":"0","zoom_button_out_step":"2","zoom_button_in_step":"3","show_post_tag":"1","number_popup_post":"1","show_post_related":"1","show_inline_post_related":"0"}],"image_override":[{"single_post_thumbnail_size":"crop-500","single_post_gallery_size":"crop-500"}],"trending_post_position":"meta","trending_post_label":"Trending","sponsored_post_label":"Sponsored by","disable_ad":"0"},"jnews_primary_category":[],"jnews_social_meta":[],"jnews_review":[],"enable_review":"","type":"percentage","name":"","summary":"","brand":"","sku":"","good":[],"bad":[],"score_override":"","override_value":"","rating":[],"price":[],"jnews_override_counter":{"view_counter_number":"0","share_counter_number":"0","like_counter_number":"0","dislike_counter_number":"0"},"jnews_post_split":{"post_split":[{"template":"1","tag":"h2","numbering":"asc","mode":"normal","first":"0","enable_toc":"0","toc_type":"normal"}]},"footnotes":""},"categories":[20],"tags":[1488],"class_list":["post-47785","post","type-post","status-publish","format-standard","has-post-thumbnail","hentry","category-municipales","tag-agua-de-oro"],"jetpack_featured_media_url":"https:\/\/atecordoba.org\/wp-content\/uploads\/2025\/02\/agua-de-oro_municipalidad-e1740674928375.jpg","_links":{"self":[{"href":"https:\/\/atecordoba.org\/index.php?rest_route=\/wp\/v2\/posts\/47785","targetHints":{"allow":["GET"]}}],"collection":[{"href":"https:\/\/atecordoba.org\/index.php?rest_route=\/wp\/v2\/posts"}],"about":[{"href":"https:\/\/atecordoba.org\/index.php?rest_route=\/wp\/v2\/types\/post"}],"author":[{"embeddable":true,"href":"https:\/\/atecordoba.org\/index.php?rest_route=\/wp\/v2\/users\/7"}],"replies":[{"embeddable":true,"href":"https:\/\/atecordoba.org\/index.php?rest_route=%2Fwp%2Fv2%2Fcomments&post=47785"}],"version-history":[{"count":3,"href":"https:\/\/atecordoba.org\/index.php?rest_route=\/wp\/v2\/posts\/47785\/revisions"}],"predecessor-version":[{"id":47794,"href":"https:\/\/atecordoba.org\/index.php?rest_route=\/wp\/v2\/posts\/47785\/revisions\/47794"}],"wp:featuredmedia":[{"embeddable":true,"href":"https:\/\/atecordoba.org\/index.php?rest_route=\/wp\/v2\/media\/47787"}],"wp:attachment":[{"href":"https:\/\/atecordoba.org\/index.php?rest_route=%2Fwp%2Fv2%2Fmedia&parent=47785"}],"wp:term":[{"taxonomy":"category","embeddable":true,"href":"https:\/\/atecordoba.org\/index.php?rest_route=%2Fwp%2Fv2%2Fcategories&post=47785"},{"taxonomy":"post_tag","embeddable":true,"href":"https:\/\/atecordoba.org\/index.php?rest_route=%2Fwp%2Fv2%2Ftags&post=47785"}],"curies":[{"name":"wp","href":"https:\/\/api.w.org\/{rel}","templated":true}]}}