{"id":47780,"date":"2025-02-27T13:34:55","date_gmt":"2025-02-27T16:34:55","guid":{"rendered":"https:\/\/atecordoba.org\/?p=47780"},"modified":"2025-02-28T14:39:19","modified_gmt":"2025-02-28T17:39:19","slug":"anac-giuliani-y-delegadas-os-de-cordoba-se-reunieron-con-la-coordinacion-nacional-de-ate-y-definieron-hacer-una-campana-publica-sobre-los-riesgos-para-la-aviacion-del-ajuste-de-milei","status":"publish","type":"post","link":"https:\/\/atecordoba.org\/?p=47780","title":{"rendered":"ANAC: C\u00f3rdoba se reuni\u00f3 con la Coordinaci\u00f3n Nacional de ATE y definieron hacer una campa\u00f1a p\u00fablica sobre los riesgos para la aviaci\u00f3n del ajuste de Milei"},"content":{"rendered":"<p><img loading=\"lazy\" decoding=\"async\" class=\"aligncenter wp-image-47781 \" src=\"https:\/\/atecordoba.org\/wp-content\/uploads\/2025\/02\/ATE-ANAC-Belleli-1024x768.jpg\" alt=\"\" width=\"615\" height=\"462\" \/>Delegados de ATE ANAC C\u00f3rdoba mantuvieron una reuni\u00f3n con Marcelo Belelli, referente de ANAC y dirigente de la Coordinaci\u00f3n Nacional ATE ANAC a nivel nacional, y el Secretario General C\u00f3rdoba ATE.<\/p>\n<p>En la ocasi\u00f3n se puso de manifiesto la situaci\u00f3n del organismo ante posibles despidos. La transferencia de los servicios de SEI y Sanidad a EANA, una sociedad an\u00f3nima del Estado, o la tercerizaci\u00f3n de esos servicios.<\/p>\n<p>Otra consecuencia de la reducci\u00f3n que pretende implementar este gobierno es la de quitar funciones y de esa manera dejar que los privados se autorregulen, anulando el rol de autoridad aeron\u00e1utica a la ANAC.<\/p>\n<p>ATE ANAC ha elaborado un importante documento de Evaluaci\u00f3n de Riesgos de la Seguridad Operacional, que pone de manifiesto los potenciales riesgos en que se pondr\u00eda a la aviaci\u00f3n en general, ante la reducci\u00f3n de personal en todo el organismo.<\/p>\n<p>Por ello el sector decidi\u00f3 dar amplia difusi\u00f3n a la comunidad y todos los medios del Informe T\u00e9cnico elaborado por ATE ANAC, como comunicar en todos los \u00e1mbitos sociales y pol\u00edticos el riesgo que tendr\u00e1\u0301 la aviaci\u00f3n.<\/p>\n<p>Asimismo se coordinar\u00e1 a nivel nacional una posible movilizaci\u00f3n y conferencia de prensa para las pr\u00f3ximas semanas.<\/p>\n<p><strong>Qu\u00e9 es la ANAC<\/strong><\/p>\n<p>1-La ANAC es la Administraci\u00f3n Nacional de Aviaci\u00f3n Civil, un organismo estatal que regula las actividades de aviaci\u00f3n civil en todo el territorio argentino. Es un organismo descentralizado dependiente del Ministerio de Transporte de la Naci\u00f3n que fue creado en el a\u00f1o 2007.<\/p>\n<p>2-Hasta 1990 los aeropuertos y aer\u00f3dromos de todo el pa\u00eds pertenec\u00edan a la Fuerza A\u00e9rea Argentina, a trav\u00e9s de su Comando de Regiones A\u00e9reas. Durante el gobierno de Carlos Menem en un marco de privatizaciones, la concesi\u00f3n y administraci\u00f3n de los mismos pasaron a manos de capitales privados, a las empresas competitivas entre s\u00ed, Aeropuertos Argentina 2000 y London Supply, quienes todav\u00eda las poseen.<\/p>\n<p>3- La misi\u00f3n de la ANAC es la de normar, regular y fiscalizar la aviaci\u00f3n civil Argentina, optimizando niveles de Seguridad Operacional, en el espacio a\u00e9reo, aeropuertos y aer\u00f3dromos de todo el Pa\u00eds.<\/p>\n<p>4- A partir del 1\u00ba de julio del 2007 m\u00e1s de 3000 militares pasaron en \u00abcomisi\u00f3n\u00bb por un a\u00f1o, a la \u00f3rbita de la Secretar\u00eda de Transporte de la Naci\u00f3n dependiente de la Secretar\u00eda de Transporte del Ministerio de Planificaci\u00f3n Federal, Inversi\u00f3n P\u00fablica y Servicios.<\/p>\n<p>5-Actualmente muchos aer\u00f3dromos y aeropuertos bajo la jurisdicci\u00f3n de la ANAC, comparten el predio de las diferentes bases a\u00e9reas militares y brigadas a\u00e9reas de la Fuerza A\u00e9rea Argentina, tales son los casos de El Palomar, Mor\u00f3n, Mariano Moreno, Paran\u00e1, Tandil, Comodoro Rivadavia, R\u00edo Gallegos, Mar del Plata, Mendoza, Villa Reynolds y Reconquista.<\/p>\n<p><strong>El Documento: riesgos para la operacionales para la aviaci\u00f3n civil\u00a0<\/strong><\/p>\n<a href=\"https:\/\/atecordoba.org\/wp-content\/uploads\/2025\/02\/Evaluacion-de-Riesgos-en-la-Seguridad-Operacional-de-la-Aviacion.pdf\" class=\"pdfemb-viewer\" style=\"\" data-width=\"max\" data-height=\"max\" data-toolbar=\"bottom\" data-toolbar-fixed=\"off\">Evaluacio\u0301n de Riesgos en la Seguridad Operacional de la Aviacio\u0301n<\/a>\n","protected":false},"excerpt":{"rendered":"<p>Delegados de ATE ANAC C\u00f3rdoba mantuvieron una reuni\u00f3n con Marcelo Belelli, referente de ANAC y dirigente de la Coordinaci\u00f3n Nacional ATE ANAC a nivel nacional, y el Secretario General C\u00f3rdoba ATE. En la ocasi\u00f3n se puso de manifiesto la situaci\u00f3n del organismo ante posibles despidos. La transferencia de los servicios de SEI y Sanidad a [&hellip;]<\/p>\n","protected":false},"author":7,"featured_media":47781,"comment_status":"open","ping_status":"open","sticky":false,"template":"","format":"standard","meta":{"_exactmetrics_skip_tracking":false,"_exactmetrics_sitenote_active":false,"_exactmetrics_sitenote_note":"","_exactmetrics_sitenote_category":0,"jnews-multi-image_gallery":[],"jnews_single_post":{"format":"standard","override":[{"template":"1","parallax":"1","fullscreen":"1","layout":"no-sidebar-narrow","sidebar":"default-sidebar","second_sidebar":"default-sidebar","sticky_sidebar":"1","share_position":"bottom","share_float_style":"share-monocrhome","show_share_counter":"1","show_view_counter":"1","show_post_meta":"1","show_post_author_image":"1","show_post_date":"1","post_date_format":"default","post_date_format_custom":"Y\/m\/d","show_post_category":"1","show_post_reading_time":"0","post_reading_time_wpm":"300","post_calculate_word_method":"str_word_count","show_zoom_button":"0","zoom_button_out_step":"2","zoom_button_in_step":"3","show_post_tag":"1","number_popup_post":"1","show_post_related":"1","show_inline_post_related":"0"}],"image_override":[{"single_post_thumbnail_size":"crop-500","single_post_gallery_size":"crop-500"}],"trending_post_position":"meta","trending_post_label":"Trending","sponsored_post_label":"Sponsored by","disable_ad":"0"},"jnews_primary_category":[],"jnews_social_meta":[],"jnews_review":[],"enable_review":"","type":"percentage","name":"","summary":"","brand":"","sku":"","good":[],"bad":[],"score_override":"","override_value":"","rating":[],"price":[],"jnews_override_counter":{"view_counter_number":"0","share_counter_number":"0","like_counter_number":"0","dislike_counter_number":"0"},"jnews_post_split":{"post_split":[{"template":"1","tag":"h2","numbering":"asc","mode":"normal","first":"0","enable_toc":"0","toc_type":"normal"}]},"footnotes":""},"categories":[18],"tags":[417,33,1486,1487],"class_list":["post-47780","post","type-post","status-publish","format-standard","has-post-thumbnail","hentry","category-nacionales","tag-ajuste","tag-anac","tag-aviacion-civil","tag-riesgo-operacional"],"jetpack_featured_media_url":"https:\/\/atecordoba.org\/wp-content\/uploads\/2025\/02\/ATE-ANAC-Belleli-e1740674080545.jpg","_links":{"self":[{"href":"https:\/\/atecordoba.org\/index.php?rest_route=\/wp\/v2\/posts\/47780","targetHints":{"allow":["GET"]}}],"collection":[{"href":"https:\/\/atecordoba.org\/index.php?rest_route=\/wp\/v2\/posts"}],"about":[{"href":"https:\/\/atecordoba.org\/index.php?rest_route=\/wp\/v2\/types\/post"}],"author":[{"embeddable":true,"href":"https:\/\/atecordoba.org\/index.php?rest_route=\/wp\/v2\/users\/7"}],"replies":[{"embeddable":true,"href":"https:\/\/atecordoba.org\/index.php?rest_route=%2Fwp%2Fv2%2Fcomments&post=47780"}],"version-history":[{"count":3,"href":"https:\/\/atecordoba.org\/index.php?rest_route=\/wp\/v2\/posts\/47780\/revisions"}],"predecessor-version":[{"id":47835,"href":"https:\/\/atecordoba.org\/index.php?rest_route=\/wp\/v2\/posts\/47780\/revisions\/47835"}],"wp:featuredmedia":[{"embeddable":true,"href":"https:\/\/atecordoba.org\/index.php?rest_route=\/wp\/v2\/media\/47781"}],"wp:attachment":[{"href":"https:\/\/atecordoba.org\/index.php?rest_route=%2Fwp%2Fv2%2Fmedia&parent=47780"}],"wp:term":[{"taxonomy":"category","embeddable":true,"href":"https:\/\/atecordoba.org\/index.php?rest_route=%2Fwp%2Fv2%2Fcategories&post=47780"},{"taxonomy":"post_tag","embeddable":true,"href":"https:\/\/atecordoba.org\/index.php?rest_route=%2Fwp%2Fv2%2Ftags&post=47780"}],"curies":[{"name":"wp","href":"https:\/\/api.w.org\/{rel}","templated":true}]}}