{"id":47765,"date":"2025-02-27T10:50:47","date_gmt":"2025-02-27T13:50:47","guid":{"rendered":"https:\/\/atecordoba.org\/?p=47765"},"modified":"2025-02-27T12:25:23","modified_gmt":"2025-02-27T15:25:23","slug":"ate-llevo-a-la-legislatura-proyectos-que-amplian-derechos-para-las-trabajadoras-estatales","status":"publish","type":"post","link":"https:\/\/atecordoba.org\/?p=47765","title":{"rendered":"ATE llev\u00f3 a la Legislatura proyectos que ampl\u00edan derechos para las trabajadoras estatales"},"content":{"rendered":"<p><img loading=\"lazy\" decoding=\"async\" class=\"aligncenter wp-image-47773 \" src=\"https:\/\/atecordoba.org\/wp-content\/uploads\/2025\/02\/WhatsApp-Image-2025-02-27-at-08.51.24-1-576x1024.jpeg\" alt=\"\" width=\"578\" height=\"1028\" srcset=\"https:\/\/atecordoba.org\/wp-content\/uploads\/2025\/02\/WhatsApp-Image-2025-02-27-at-08.51.24-1-576x1024.jpeg 576w, https:\/\/atecordoba.org\/wp-content\/uploads\/2025\/02\/WhatsApp-Image-2025-02-27-at-08.51.24-1-169x300.jpeg 169w, https:\/\/atecordoba.org\/wp-content\/uploads\/2025\/02\/WhatsApp-Image-2025-02-27-at-08.51.24-1.jpeg 720w\" sizes=\"auto, (max-width: 578px) 100vw, 578px\" \/>Ayer se llev\u00f3 a cabo una reuni\u00f3n de dirigentas de ATE C\u00f3rdoba en la Legislatura con la titular de la Comisi\u00f3n de Legislaci\u00f3n del Trabajo, Previsi\u00f3n y Seguridad Social, Silvia Jurich para analizar y avanzar sobre diversos proyectos que ampl\u00edan derechos para nuestras trabajadoras y trabajadores provinciales y municipales.<\/p>\n<p>La comitiva de ATE estuvo integrada por la secretaria de Prensa, Julia Giuliani, y su par de Acci\u00f3n Pol\u00edtica, Alejandra Agnone.<\/p>\n<p>&#8220;Destacamos esta disposici\u00f3n para avanzar en el di\u00e1logo institucional con la legisladora Jurich&#8221;, afirm\u00f3 Giuliani a la salida den al audiencia.<\/p>\n<p>Entre otras cuestiones se abord\u00f3 la implementaci\u00f3n de la <strong>ley provincial N\u00ba 10318 de Licencia Laboral por Violencia de G\u00e9nero para Trabajadoras<\/strong>, que da marco e invita a los municipios cordobeses a implementar este instrumento de protecci\u00f3n de las trabajadores.<img loading=\"lazy\" decoding=\"async\" class=\"aligncenter wp-image-47774 \" src=\"https:\/\/atecordoba.org\/wp-content\/uploads\/2025\/02\/WhatsApp-Image-2025-02-27-at-08.51.22.jpeg\" alt=\"\" width=\"603\" height=\"760\" srcset=\"https:\/\/atecordoba.org\/wp-content\/uploads\/2025\/02\/WhatsApp-Image-2025-02-27-at-08.51.22.jpeg 720w, https:\/\/atecordoba.org\/wp-content\/uploads\/2025\/02\/WhatsApp-Image-2025-02-27-at-08.51.22-238x300.jpeg 238w\" sizes=\"auto, (max-width: 603px) 100vw, 603px\" \/><\/p>\n<p>ATE acerc\u00f3 a Jurich el<a href=\"https:\/\/atecordoba.org\/?p=47768\"> Protocolo de Actuaci\u00f3n y Prevenci\u00f3n de situaciones de violencia laboral<\/a> pretende regular las acciones de prevenci\u00f3n, orientaci\u00f3n, abordaje, y erradicaci\u00f3n de pr\u00e1cticas laborales violentas o discriminaci\u00f3n por razones de g\u00e9nero, para el personal que se desempe\u00f1a en el \u00e1mbito laboral de los municipios.<\/p>\n<p>La norma fue elaborada por nuestro gremio y ya fue propuesto a\u00a017 municipios del interior provincial, de los cuales cuatro ya se hicieron eco de la iniciativa: La Paz, Villa Ciudad Parque, R\u00edo Primero y Salsipuedes.<\/p>\n<p>&#8220;Este Protocolo fue elaborado por nuestro gremio en base a la legislaci\u00f3n nacional, provincial y los tratados internacionales, sumado a la larga experiencia de las propias estatales, teniendo en cuenta la situaciones de violencia que nos tocan vivir, tanto en el \u00e1mbito del trabajo como en el hogar. Por lo tanto, es fundamental que los municipios adopten esta herramienta para cuidar a las compa\u00f1eras&#8221;, concluy\u00f3 Giuliani.<\/p>\n<a href=\"https:\/\/atecordoba.org\/wp-content\/uploads\/2025\/02\/PROTOCOLO-PARA-EL-DESEMPENO-LABORAL-EN-LOS-AMBITOS.-1-1.pdf\" class=\"pdfemb-viewer\" style=\"\" data-width=\"max\" data-height=\"max\" data-toolbar=\"bottom\" data-toolbar-fixed=\"off\">PROTOCOLO PARA EL DESEMPE\u00d1O LABORAL EN LOS AMBITOS... (1)<\/a>\n<p>&nbsp;<\/p>\n<p>&nbsp;<\/p>\n","protected":false},"excerpt":{"rendered":"<p>Ayer se llev\u00f3 a cabo una reuni\u00f3n de dirigentas de ATE C\u00f3rdoba en la Legislatura con la titular de la Comisi\u00f3n de Legislaci\u00f3n del Trabajo, Previsi\u00f3n y Seguridad Social, Silvia Jurich para analizar y avanzar sobre diversos proyectos que ampl\u00edan derechos para nuestras trabajadoras y trabajadores provinciales y municipales. La comitiva de ATE estuvo integrada [&hellip;]<\/p>\n","protected":false},"author":7,"featured_media":47777,"comment_status":"open","ping_status":"open","sticky":false,"template":"","format":"standard","meta":{"_exactmetrics_skip_tracking":false,"_exactmetrics_sitenote_active":false,"_exactmetrics_sitenote_note":"","_exactmetrics_sitenote_category":0,"jnews-multi-image_gallery":[],"jnews_single_post":{"format":"standard","override":[{"template":"1","parallax":"1","fullscreen":"1","layout":"no-sidebar-narrow","sidebar":"default-sidebar","second_sidebar":"default-sidebar","sticky_sidebar":"1","share_position":"bottom","share_float_style":"share-monocrhome","show_share_counter":"1","show_view_counter":"1","show_post_meta":"1","show_post_author_image":"1","show_post_date":"1","post_date_format":"default","post_date_format_custom":"Y\/m\/d","show_post_category":"1","show_post_reading_time":"0","post_reading_time_wpm":"300","post_calculate_word_method":"str_word_count","show_zoom_button":"0","zoom_button_out_step":"2","zoom_button_in_step":"3","show_post_tag":"1","number_popup_post":"1","show_post_related":"1","show_inline_post_related":"0"}],"image_override":[{"single_post_thumbnail_size":"crop-500","single_post_gallery_size":"crop-500"}],"trending_post_position":"meta","trending_post_label":"Trending","sponsored_post_label":"Sponsored by","disable_ad":"0"},"jnews_primary_category":[],"jnews_social_meta":[],"jnews_review":[],"enable_review":"","type":"percentage","name":"","summary":"","brand":"","sku":"","good":[],"bad":[],"score_override":"","override_value":"","rating":[],"price":[],"jnews_override_counter":{"view_counter_number":"0","share_counter_number":"0","like_counter_number":"0","dislike_counter_number":"0"},"jnews_post_split":{"post_split":[{"template":"1","tag":"h2","numbering":"asc","mode":"normal","first":"0","enable_toc":"0","toc_type":"normal"}]},"footnotes":""},"categories":[325],"tags":[370,541],"class_list":["post-47765","post","type-post","status-publish","format-standard","has-post-thumbnail","hentry","category-generos-y-diversidades","tag-violencia-de-genero","tag-violencia-laboral"],"jetpack_featured_media_url":"https:\/\/atecordoba.org\/wp-content\/uploads\/2025\/02\/WhatsApp-Image-2025-02-27-at-08.51.24-1-2.jpeg","_links":{"self":[{"href":"https:\/\/atecordoba.org\/index.php?rest_route=\/wp\/v2\/posts\/47765","targetHints":{"allow":["GET"]}}],"collection":[{"href":"https:\/\/atecordoba.org\/index.php?rest_route=\/wp\/v2\/posts"}],"about":[{"href":"https:\/\/atecordoba.org\/index.php?rest_route=\/wp\/v2\/types\/post"}],"author":[{"embeddable":true,"href":"https:\/\/atecordoba.org\/index.php?rest_route=\/wp\/v2\/users\/7"}],"replies":[{"embeddable":true,"href":"https:\/\/atecordoba.org\/index.php?rest_route=%2Fwp%2Fv2%2Fcomments&post=47765"}],"version-history":[{"count":2,"href":"https:\/\/atecordoba.org\/index.php?rest_route=\/wp\/v2\/posts\/47765\/revisions"}],"predecessor-version":[{"id":47778,"href":"https:\/\/atecordoba.org\/index.php?rest_route=\/wp\/v2\/posts\/47765\/revisions\/47778"}],"wp:featuredmedia":[{"embeddable":true,"href":"https:\/\/atecordoba.org\/index.php?rest_route=\/wp\/v2\/media\/47777"}],"wp:attachment":[{"href":"https:\/\/atecordoba.org\/index.php?rest_route=%2Fwp%2Fv2%2Fmedia&parent=47765"}],"wp:term":[{"taxonomy":"category","embeddable":true,"href":"https:\/\/atecordoba.org\/index.php?rest_route=%2Fwp%2Fv2%2Fcategories&post=47765"},{"taxonomy":"post_tag","embeddable":true,"href":"https:\/\/atecordoba.org\/index.php?rest_route=%2Fwp%2Fv2%2Ftags&post=47765"}],"curies":[{"name":"wp","href":"https:\/\/api.w.org\/{rel}","templated":true}]}}