{"id":47740,"date":"2025-02-25T13:01:52","date_gmt":"2025-02-25T16:01:52","guid":{"rendered":"https:\/\/atecordoba.org\/?p=47740"},"modified":"2025-02-25T18:52:29","modified_gmt":"2025-02-25T21:52:29","slug":"marcha-federal-en-defensa-de-la-salud-publica-ate-contra-las-politicas-de-ajuste-de-llaryora-y-milei","status":"publish","type":"post","link":"https:\/\/atecordoba.org\/?p=47740","title":{"rendered":"Marcha Federal en Defensa de la Salud P\u00fablica: ATE, contra las pol\u00edticas de ajuste de Llaryora y Milei"},"content":{"rendered":"<p><img loading=\"lazy\" decoding=\"async\" class=\"aligncenter wp-image-47743 \" src=\"https:\/\/atecordoba.org\/wp-content\/uploads\/2025\/02\/12_08_Paro_Salud_San_Francisco_14-1024x768.jpg\" alt=\"\" width=\"635\" height=\"477\" \/>En el marco de la Marcha Federal en Defensa de la Salud P\u00fablica, ATE C\u00f3rdoba movilizar\u00e1 el 27 de febrero contra las pol\u00edticas de ajuste que viene implementando el Gobernador Mart\u00edn Llaryora, alineado con el brutal vaciamiento del Estado que lleva adelante el presidente Javier Milei.<\/p>\n<p>El Consejo Directivo Provincial convoca a concentrar a las 18 horas en la sede del sindicato Luz y Fuerza, Dean Funes 672.<\/p>\n<p><img loading=\"lazy\" decoding=\"async\" class=\"alignnone size-medium wp-image-47753\" src=\"https:\/\/atecordoba.org\/wp-content\/uploads\/2025\/02\/IMG-20250225-WA0028-240x300.jpg\" alt=\"\" width=\"240\" height=\"300\" srcset=\"https:\/\/atecordoba.org\/wp-content\/uploads\/2025\/02\/IMG-20250225-WA0028-240x300.jpg 240w, https:\/\/atecordoba.org\/wp-content\/uploads\/2025\/02\/IMG-20250225-WA0028-819x1024.jpg 819w, https:\/\/atecordoba.org\/wp-content\/uploads\/2025\/02\/IMG-20250225-WA0028-768x960.jpg 768w, https:\/\/atecordoba.org\/wp-content\/uploads\/2025\/02\/IMG-20250225-WA0028-1229x1536.jpg 1229w, https:\/\/atecordoba.org\/wp-content\/uploads\/2025\/02\/IMG-20250225-WA0028-750x938.jpg 750w, https:\/\/atecordoba.org\/wp-content\/uploads\/2025\/02\/IMG-20250225-WA0028-1140x1425.jpg 1140w, https:\/\/atecordoba.org\/wp-content\/uploads\/2025\/02\/IMG-20250225-WA0028.jpg 1280w\" sizes=\"auto, (max-width: 240px) 100vw, 240px\" \/><\/p>\n<p>ATE reclama una agenda de reivindicaciones basada en:<\/p>\n<ul>\n<li>urgente recomposici\u00f3n salarial para el sector, el fin de la precaricaci\u00f3n labora;<\/li>\n<li>fin de la precaricaci\u00f3n laboral, pase a planta permanente de todes les compa\u00f1eres precarizados (monotributistas y becarios) trabajadores de Salud;<\/li>\n<li>eliminaci\u00f3n del cobro del Fondo FOSAET y de Enfermedades Catastr\u00f3ficas del Apross, con descuentos en funci\u00f3n de los acuerdos Paritarios;<\/li>\n<li>recuperaci\u00f3n del 82% m\u00f3vil a todas y todos los jubilados provinciales;<\/li>\n<li>reglamentaci\u00f3n de los Cambios de Grupo Ocupacional, respetando los Derechos Adquiridos de las y los Trabajadores de Salud, de La Ley 7233, en el proceso de migraci\u00f3n Voluntaria de la misma y, la Derogaci\u00f3n\/ Eliminaci\u00f3n del Art 107 bis\u00a0de la Ley 10889, por traer aparejado la Flexibilizaci\u00f3n Laboral y Privatizaci\u00f3n del sistema de salud p\u00fablica;<\/li>\n<li>BASTA DE PERSECUCI\u00d3N ANTISINDICAL.<\/li>\n<\/ul>\n<p>&#8220;En C\u00f3rdoba el estado de la salud p\u00fablica es desastroso&#8221;, denuncia el delegado de ATE en el Hospital San Roque Viejo, Osvaldo Reynaldo.<\/p>\n<p>Y agrega: &#8220;en el vacunatorio central del San Roque Viejo, no tenemos vacunas ni para el personal ni para los pacientes de la segunda dosis de la vacuna contra la neumon\u00eda. Las autoridades aducen que es muy cara y que la Naci\u00f3n no la env\u00eda. Esto es especialmente grave para personas con asma o Epoc&#8221;.<\/p>\n<p><img loading=\"lazy\" decoding=\"async\" class=\"alignnone size-medium wp-image-47754\" src=\"https:\/\/atecordoba.org\/wp-content\/uploads\/2025\/02\/IMG-20250225-WA0029-240x300.jpg\" alt=\"\" width=\"240\" height=\"300\" srcset=\"https:\/\/atecordoba.org\/wp-content\/uploads\/2025\/02\/IMG-20250225-WA0029-240x300.jpg 240w, https:\/\/atecordoba.org\/wp-content\/uploads\/2025\/02\/IMG-20250225-WA0029-819x1024.jpg 819w, https:\/\/atecordoba.org\/wp-content\/uploads\/2025\/02\/IMG-20250225-WA0029-768x960.jpg 768w, https:\/\/atecordoba.org\/wp-content\/uploads\/2025\/02\/IMG-20250225-WA0029-1229x1536.jpg 1229w, https:\/\/atecordoba.org\/wp-content\/uploads\/2025\/02\/IMG-20250225-WA0029-750x938.jpg 750w, https:\/\/atecordoba.org\/wp-content\/uploads\/2025\/02\/IMG-20250225-WA0029-1140x1425.jpg 1140w, https:\/\/atecordoba.org\/wp-content\/uploads\/2025\/02\/IMG-20250225-WA0029.jpg 1280w\" sizes=\"auto, (max-width: 240px) 100vw, 240px\" \/><\/p>\n<p>Desde ATE el eje de cr\u00edtica apunta contra a la pol\u00edtica de Llaryora, que adhiere y encubre la pol\u00edtica de Milei. &#8220;Tenemos mucha precarizaci\u00f3n laboral con monotributos y contratos basura. La ley provincial 10889 aprobada por la Legislatura, aun no puesta en marcha por Llaryora, implica la legalizaci\u00f3n de la precarizaci\u00f3n laboral y abre las puertas a la privatizaci\u00f3n de la salud p\u00fablica&#8221;, afirma.<\/p>\n<p>Adem\u00e1s, ATE denuncia que en el proceso de migraci\u00f3n del r\u00e9gimen de la ley 7233 a la 7625, se respeten los derechos adquiridos, tanto de los profesionales como de los trabajadores no profesionales.<\/p>\n<p>El punto fundamental de la convocatoria es el reclamo de &#8220;una urgente recomposici\u00f3n salarial donde el b\u00e1sico sea igual o superior a la canasta b\u00e1sica familiar, atada a los \u00edndices de INDEC y no del IPC C\u00f3rdoba, que lo maneja el Gobierno de C\u00f3rdoba. Esto es esencial para que los trabajadores provinciales salgan del estado de empobrecimiento y de nuestros jubilados&#8221;, remarca Reynaldo.<\/p>\n<p><img loading=\"lazy\" decoding=\"async\" class=\"alignnone size-medium wp-image-47755\" src=\"https:\/\/atecordoba.org\/wp-content\/uploads\/2025\/02\/IMG-20250225-WA0030-240x300.jpg\" alt=\"\" width=\"240\" height=\"300\" srcset=\"https:\/\/atecordoba.org\/wp-content\/uploads\/2025\/02\/IMG-20250225-WA0030-240x300.jpg 240w, https:\/\/atecordoba.org\/wp-content\/uploads\/2025\/02\/IMG-20250225-WA0030-819x1024.jpg 819w, https:\/\/atecordoba.org\/wp-content\/uploads\/2025\/02\/IMG-20250225-WA0030-768x960.jpg 768w, https:\/\/atecordoba.org\/wp-content\/uploads\/2025\/02\/IMG-20250225-WA0030-1229x1536.jpg 1229w, https:\/\/atecordoba.org\/wp-content\/uploads\/2025\/02\/IMG-20250225-WA0030-750x938.jpg 750w, https:\/\/atecordoba.org\/wp-content\/uploads\/2025\/02\/IMG-20250225-WA0030-1140x1425.jpg 1140w, https:\/\/atecordoba.org\/wp-content\/uploads\/2025\/02\/IMG-20250225-WA0030.jpg 1280w\" sizes=\"auto, (max-width: 240px) 100vw, 240px\" \/><\/p>\n<p><strong>Marcha Federal<\/strong><\/p>\n<p>La medida de fuerza se replicar\u00e1 en las principales ciudades del pa\u00eds.<\/p>\n<p>A nivel nacional la convocatoria denuncia que los Equipos de Salud de los \u00e1mbitos municipales, provinciales y nacional est\u00e1n siendo diezmados, trabajan en condiciones inhumanas, con sobrecarga laboral, pluriempleo y no cuentan con los insumos indispensables para brindar la atenci\u00f3n necesaria a las personas que recurren al Sistema P\u00fablico.<\/p>\n<p>Y se\u00f1ala que el art\u00edculo 42 de la Constituci\u00f3n Nacional determina como OBLIGACI\u00d3N del Estado la \u201cProtecci\u00f3n de la Salud\u201d de todos los habitantes de nuestra patria.<\/p>\n<p>Un hecho grav\u00edsimo es el desmantelamiento de programas p\u00fablicos que anteriormente garantizaban la atenci\u00f3n en casos de:\u00a0VIH, Hepatitis, Tuberculosis, Calendario de Vacunaci\u00f3n, Salud Sexual y Reproductiva, Oncol\u00f3gicos y Transplantados, Medicamentos al 100% y Prestaciones Sociales de PAMI, Discapacidad, Programas de Atenci\u00f3n Primaria de la Salud en los Dispensarios y Centros de Salud Barriales y Locales, Embarazo No Intencional en la Adolescencia, Comunidad LGTBQ+, Salud Mental, Atenci\u00f3n a Poblaciones Vulnerables, tanto en ciudades como de las zonas rurales de nuestro interior.<\/p>\n<p>&#8220;La salud no debe estar ordenada por el mercado, es un Derecho Fundamental que debe garantizarse de manera integral para todos los habitantes de nuestro suelo&#8221;, a\u00f1ade la convocatoria federal.<\/p>\n","protected":false},"excerpt":{"rendered":"<p>En el marco de la Marcha Federal en Defensa de la Salud P\u00fablica, ATE C\u00f3rdoba movilizar\u00e1 el 27 de febrero contra las pol\u00edticas de ajuste que viene implementando el Gobernador Mart\u00edn Llaryora, alineado con el brutal vaciamiento del Estado que lleva adelante el presidente Javier Milei. El Consejo Directivo Provincial convoca a concentrar a las [&hellip;]<\/p>\n","protected":false},"author":7,"featured_media":47743,"comment_status":"open","ping_status":"open","sticky":false,"template":"","format":"standard","meta":{"_exactmetrics_skip_tracking":false,"_exactmetrics_sitenote_active":false,"_exactmetrics_sitenote_note":"","_exactmetrics_sitenote_category":0,"jnews-multi-image_gallery":[],"jnews_single_post":{"format":"standard","override":[{"template":"1","parallax":"1","fullscreen":"1","layout":"no-sidebar-narrow","sidebar":"default-sidebar","second_sidebar":"default-sidebar","sticky_sidebar":"1","share_position":"bottom","share_float_style":"share-monocrhome","show_share_counter":"1","show_view_counter":"1","show_post_meta":"1","show_post_author_image":"1","show_post_date":"1","post_date_format":"default","post_date_format_custom":"Y\/m\/d","show_post_category":"1","show_post_reading_time":"0","post_reading_time_wpm":"300","post_calculate_word_method":"str_word_count","show_zoom_button":"0","zoom_button_out_step":"2","zoom_button_in_step":"3","show_post_tag":"1","number_popup_post":"1","show_post_related":"1","show_inline_post_related":"0"}],"image_override":[{"single_post_thumbnail_size":"crop-500","single_post_gallery_size":"crop-500"}],"trending_post_position":"meta","trending_post_label":"Trending","sponsored_post_label":"Sponsored by","disable_ad":"0"},"jnews_primary_category":[],"jnews_social_meta":[],"jnews_review":[],"enable_review":"","type":"percentage","name":"","summary":"","brand":"","sku":"","good":[],"bad":[],"score_override":"","override_value":"","rating":[],"price":[],"jnews_override_counter":{"view_counter_number":"0","share_counter_number":"0","like_counter_number":"0","dislike_counter_number":"0"},"jnews_post_split":{"post_split":[{"template":"1","tag":"h2","numbering":"asc","mode":"normal","first":"0","enable_toc":"0","toc_type":"normal"}]},"footnotes":""},"categories":[8],"tags":[658,1271],"class_list":["post-47740","post","type-post","status-publish","format-standard","has-post-thumbnail","hentry","category-provinciales","tag-salud-publica","tag-salud-publica-cordoba"],"jetpack_featured_media_url":"https:\/\/atecordoba.org\/wp-content\/uploads\/2025\/02\/12_08_Paro_Salud_San_Francisco_14-e1740499271722.jpg","_links":{"self":[{"href":"https:\/\/atecordoba.org\/index.php?rest_route=\/wp\/v2\/posts\/47740","targetHints":{"allow":["GET"]}}],"collection":[{"href":"https:\/\/atecordoba.org\/index.php?rest_route=\/wp\/v2\/posts"}],"about":[{"href":"https:\/\/atecordoba.org\/index.php?rest_route=\/wp\/v2\/types\/post"}],"author":[{"embeddable":true,"href":"https:\/\/atecordoba.org\/index.php?rest_route=\/wp\/v2\/users\/7"}],"replies":[{"embeddable":true,"href":"https:\/\/atecordoba.org\/index.php?rest_route=%2Fwp%2Fv2%2Fcomments&post=47740"}],"version-history":[{"count":5,"href":"https:\/\/atecordoba.org\/index.php?rest_route=\/wp\/v2\/posts\/47740\/revisions"}],"predecessor-version":[{"id":47757,"href":"https:\/\/atecordoba.org\/index.php?rest_route=\/wp\/v2\/posts\/47740\/revisions\/47757"}],"wp:featuredmedia":[{"embeddable":true,"href":"https:\/\/atecordoba.org\/index.php?rest_route=\/wp\/v2\/media\/47743"}],"wp:attachment":[{"href":"https:\/\/atecordoba.org\/index.php?rest_route=%2Fwp%2Fv2%2Fmedia&parent=47740"}],"wp:term":[{"taxonomy":"category","embeddable":true,"href":"https:\/\/atecordoba.org\/index.php?rest_route=%2Fwp%2Fv2%2Fcategories&post=47740"},{"taxonomy":"post_tag","embeddable":true,"href":"https:\/\/atecordoba.org\/index.php?rest_route=%2Fwp%2Fv2%2Ftags&post=47740"}],"curies":[{"name":"wp","href":"https:\/\/api.w.org\/{rel}","templated":true}]}}