{"id":47736,"date":"2025-02-25T11:01:27","date_gmt":"2025-02-25T14:01:27","guid":{"rendered":"https:\/\/atecordoba.org\/?p=47736"},"modified":"2025-02-25T12:37:07","modified_gmt":"2025-02-25T15:37:07","slug":"contra-la-privatizacion-de-epec-ate-marcha-este-27-de-febrero","status":"publish","type":"post","link":"https:\/\/atecordoba.org\/?p=47736","title":{"rendered":"Contra la privatizaci\u00f3n de EPEC: ATE y la CTAA marchan este 27 de febrero"},"content":{"rendered":"<p>&nbsp;<\/p>\n<p><img loading=\"lazy\" decoding=\"async\" class=\"aligncenter wp-image-47737 \" src=\"https:\/\/atecordoba.org\/wp-content\/uploads\/2025\/02\/epec-camion.jpg\" alt=\"\" width=\"634\" height=\"357\" \/>En defensa de la EPEC, ATE y la CTAA marchar\u00e1n junto el jueves 27 de febrero a las 18 horas en rechazo a la transformaci\u00f3n de la empresa provincial de energ\u00eda en una sociedad an\u00f3nima, que la ubica a las puertas de la privatizaci\u00f3n de parte del Gobierno de Mart\u00edn Llaryora.<\/p>\n<p>\u201cLos servicios p\u00fablicos son derechos esenciales que debemos proteger en unidad\u201d, convoca a movilizar el sindicato de Luz y Fuerza, concentrando en la sede gremial para llevar la protesta al centro de la capital provincial.<\/p>\n<p>C\u00f3rdoba que no est\u00e1 de acuerdo con que EPEC pase a manos privadas ni que sea una Sociedad An\u00f3nima. \u201cLa energ\u00eda que da EPEC llega a todos los lugares de C\u00f3rdoba, a los m\u00e1s rec\u00f3nditos\u201d y es sabido que una empresa privada no har\u00eda eso, remarc\u00f3 la dirigencia de Luz y Fuerza. Que, adem\u00e1s, se\u00f1al\u00f3 que EPEC \u201csiempre reestablece el servicio en menor tiempo que cualquier empresa energ\u00e9tica del pa\u00eds\u201d y que al d\u00eda de hoy no da p\u00e9rdidas econ\u00f3micas pese a ser una empresa sin fines de lucro.<\/p>\n<p>Cabe mencionar que en ese contexto el gobierno de C\u00f3rdoba traslada a los usuarios de EPEC el fuerte incremento de las tarifas de generaci\u00f3n habilitado a lo largo de los \u00faltimos dos a\u00f1os por el Gobierno Nacional, que ya acumula cerca de un mil por ciento de variaci\u00f3n y continuar\u00eda este a\u00f1o<\/p>\n<p>En solidaridad con Luz y Fuerza, por una EPEC estatal e integrada, contra las pol\u00edticas neoliberales de Llaryora, que gobierna en l\u00ednea con el desguace del Estado que impone Javier Milei, las y los estatales marchamos para defender el capital social invertido y los derechos del pueblo de C\u00f3rdoba.<\/p>\n<p>&nbsp;<\/p>\n","protected":false},"excerpt":{"rendered":"<p>&nbsp; En defensa de la EPEC, ATE y la CTAA marchar\u00e1n junto el jueves 27 de febrero a las 18 horas en rechazo a la transformaci\u00f3n de la empresa provincial de energ\u00eda en una sociedad an\u00f3nima, que la ubica a las puertas de la privatizaci\u00f3n de parte del Gobierno de Mart\u00edn Llaryora. \u201cLos servicios p\u00fablicos [&hellip;]<\/p>\n","protected":false},"author":7,"featured_media":47737,"comment_status":"open","ping_status":"open","sticky":false,"template":"","format":"standard","meta":{"_exactmetrics_skip_tracking":false,"_exactmetrics_sitenote_active":false,"_exactmetrics_sitenote_note":"","_exactmetrics_sitenote_category":0,"jnews-multi-image_gallery":[],"jnews_single_post":{"format":"standard","override":[{"template":"1","parallax":"1","fullscreen":"1","layout":"no-sidebar-narrow","sidebar":"default-sidebar","second_sidebar":"default-sidebar","sticky_sidebar":"1","share_position":"bottom","share_float_style":"share-monocrhome","show_share_counter":"1","show_view_counter":"1","show_post_meta":"1","show_post_author_image":"1","show_post_date":"1","post_date_format":"default","post_date_format_custom":"Y\/m\/d","show_post_category":"1","show_post_reading_time":"0","post_reading_time_wpm":"300","post_calculate_word_method":"str_word_count","show_zoom_button":"0","zoom_button_out_step":"2","zoom_button_in_step":"3","show_post_tag":"1","number_popup_post":"1","show_post_related":"1","show_inline_post_related":"0"}],"image_override":[{"single_post_thumbnail_size":"crop-500","single_post_gallery_size":"crop-500"}],"trending_post_position":"meta","trending_post_label":"Trending","sponsored_post_label":"Sponsored by","disable_ad":"0"},"jnews_primary_category":[],"jnews_social_meta":[],"jnews_review":[],"enable_review":"","type":"percentage","name":"","summary":"","brand":"","sku":"","good":[],"bad":[],"score_override":"","override_value":"","rating":[],"price":[],"jnews_override_counter":{"view_counter_number":"0","share_counter_number":"0","like_counter_number":"0","dislike_counter_number":"0"},"jnews_post_split":{"post_split":[{"template":"1","tag":"h2","numbering":"asc","mode":"normal","first":"0","enable_toc":"0","toc_type":"normal"}]},"footnotes":""},"categories":[10],"tags":[1484],"class_list":["post-47736","post","type-post","status-publish","format-standard","has-post-thumbnail","hentry","category-accion-politica","tag-epec"],"jetpack_featured_media_url":"https:\/\/atecordoba.org\/wp-content\/uploads\/2025\/02\/epec-camion-e1740492038175.jpg","_links":{"self":[{"href":"https:\/\/atecordoba.org\/index.php?rest_route=\/wp\/v2\/posts\/47736","targetHints":{"allow":["GET"]}}],"collection":[{"href":"https:\/\/atecordoba.org\/index.php?rest_route=\/wp\/v2\/posts"}],"about":[{"href":"https:\/\/atecordoba.org\/index.php?rest_route=\/wp\/v2\/types\/post"}],"author":[{"embeddable":true,"href":"https:\/\/atecordoba.org\/index.php?rest_route=\/wp\/v2\/users\/7"}],"replies":[{"embeddable":true,"href":"https:\/\/atecordoba.org\/index.php?rest_route=%2Fwp%2Fv2%2Fcomments&post=47736"}],"version-history":[{"count":3,"href":"https:\/\/atecordoba.org\/index.php?rest_route=\/wp\/v2\/posts\/47736\/revisions"}],"predecessor-version":[{"id":47742,"href":"https:\/\/atecordoba.org\/index.php?rest_route=\/wp\/v2\/posts\/47736\/revisions\/47742"}],"wp:featuredmedia":[{"embeddable":true,"href":"https:\/\/atecordoba.org\/index.php?rest_route=\/wp\/v2\/media\/47737"}],"wp:attachment":[{"href":"https:\/\/atecordoba.org\/index.php?rest_route=%2Fwp%2Fv2%2Fmedia&parent=47736"}],"wp:term":[{"taxonomy":"category","embeddable":true,"href":"https:\/\/atecordoba.org\/index.php?rest_route=%2Fwp%2Fv2%2Fcategories&post=47736"},{"taxonomy":"post_tag","embeddable":true,"href":"https:\/\/atecordoba.org\/index.php?rest_route=%2Fwp%2Fv2%2Ftags&post=47736"}],"curies":[{"name":"wp","href":"https:\/\/api.w.org\/{rel}","templated":true}]}}