{"id":47720,"date":"2025-02-24T14:53:25","date_gmt":"2025-02-24T17:53:25","guid":{"rendered":"https:\/\/atecordoba.org\/?p=47720"},"modified":"2025-02-24T14:54:45","modified_gmt":"2025-02-24T17:54:45","slug":"ate-ingresa-a-la-comuna-de-los-hornillos-y-solicita-aplicar-el-codigo-de-descuento-de-la-cuota-gremial","status":"publish","type":"post","link":"https:\/\/atecordoba.org\/?p=47720","title":{"rendered":"ATE ingresa a Los Hornillos y solicita a la Comuna la retenci\u00f3n de la cuota gremial"},"content":{"rendered":"<p><img loading=\"lazy\" decoding=\"async\" class=\"aligncenter wp-image-47725 size-full\" src=\"https:\/\/atecordoba.org\/wp-content\/uploads\/2025\/02\/los-hornillos-585x390-1.jpg\" alt=\"\" width=\"585\" height=\"390\" srcset=\"https:\/\/atecordoba.org\/wp-content\/uploads\/2025\/02\/los-hornillos-585x390-1.jpg 585w, https:\/\/atecordoba.org\/wp-content\/uploads\/2025\/02\/los-hornillos-585x390-1-300x200.jpg 300w\" sizes=\"auto, (max-width: 585px) 100vw, 585px\" \/>En una nota dirigida a la presidenta de la comuna de Los Hornillos Carolina Caballero, ubicada en el Valle de Traslasierra, el Consejo Directivo Provincial present\u00f3 la n\u00f3mina de las y los municipales de la localidad afiliados a nuestra gremio y solicit\u00f3 que el Ejecutivo oficie de agente de retenci\u00f3n de la cuota sindical, tal como lo establece la Ley de Asociaciones Sindicales.<\/p>\n<p>De esta forma, ATE ingresa formalmente a ejercer la representaci\u00f3n de las y los compa\u00f1eros del sector, que se afiliaron masivamente a nuestra organizaci\u00f3n para avanzar en mejoras salariales y de condiciones de trabajo.<\/p>\n<p>La solicitud se fundamenta en la misma norma y en las resoluciones del Ministerio de Trabajo y la C\u00e1mara del Trabajo del Poder Judicial que as\u00ed lo dictaminaron oportunamente.<\/p>\n<p>Cabe destacar que ATE ostenta la Personer\u00eda Gremial N\u00ba2, la m\u00e1s antigua del pa\u00eds.<\/p>\n<p>En la ocasi\u00f3n, nuestro secretario General, Federico Giuliani, pidi\u00f3 tambi\u00e9n que Caballero conceda una audiencia a los fines de abordar los temas inherentes a la representaci\u00f3n del conjunto de las y los municipales de la localidad, ubicada en el Departamento San Javier.<\/p>\n<div id='gallery_1' class='gallery galleryid-47720 gallery-columns-3 gallery-size-thumbnail'><figure class='gallery-item'>\n                <div class='gallery-icon portrait'>\n                    <a href='https:\/\/atecordoba.org\/wp-content\/uploads\/2025\/02\/WhatsApp-Image-2025-02-24-at-14.09.34-1.jpeg'><img loading=\"lazy\" decoding=\"async\" width=\"150\" height=\"150\" src=\"\" class=\"attachment-thumbnail size-thumbnail lazyload\" alt=\"\" data-src=\"https:\/\/atecordoba.org\/wp-content\/uploads\/2025\/02\/WhatsApp-Image-2025-02-24-at-14.09.34-1-150x150.jpeg\" data-sizes=\"auto\" data-srcset=\"https:\/\/atecordoba.org\/wp-content\/uploads\/2025\/02\/WhatsApp-Image-2025-02-24-at-14.09.34-1-150x150.jpeg 150w, https:\/\/atecordoba.org\/wp-content\/uploads\/2025\/02\/WhatsApp-Image-2025-02-24-at-14.09.34-1-560x560.jpeg 560w, https:\/\/atecordoba.org\/wp-content\/uploads\/2025\/02\/WhatsApp-Image-2025-02-24-at-14.09.34-1-75x75.jpeg 75w, https:\/\/atecordoba.org\/wp-content\/uploads\/2025\/02\/WhatsApp-Image-2025-02-24-at-14.09.34-1-350x350.jpeg 350w\" data-expand=\"700\" \/><\/a>\n                <\/div><\/figure><figure class='gallery-item'>\n                <div class='gallery-icon portrait'>\n                    <a href='https:\/\/atecordoba.org\/wp-content\/uploads\/2025\/02\/WhatsApp-Image-2025-02-24-at-14.09.34.jpeg'><img loading=\"lazy\" decoding=\"async\" width=\"150\" height=\"150\" src=\"\" class=\"attachment-thumbnail size-thumbnail lazyload\" alt=\"\" data-src=\"https:\/\/atecordoba.org\/wp-content\/uploads\/2025\/02\/WhatsApp-Image-2025-02-24-at-14.09.34-150x150.jpeg\" data-sizes=\"auto\" data-srcset=\"https:\/\/atecordoba.org\/wp-content\/uploads\/2025\/02\/WhatsApp-Image-2025-02-24-at-14.09.34-150x150.jpeg 150w, https:\/\/atecordoba.org\/wp-content\/uploads\/2025\/02\/WhatsApp-Image-2025-02-24-at-14.09.34-560x560.jpeg 560w, https:\/\/atecordoba.org\/wp-content\/uploads\/2025\/02\/WhatsApp-Image-2025-02-24-at-14.09.34-75x75.jpeg 75w, https:\/\/atecordoba.org\/wp-content\/uploads\/2025\/02\/WhatsApp-Image-2025-02-24-at-14.09.34-350x350.jpeg 350w\" data-expand=\"700\" \/><\/a>\n                <\/div><\/figure><figure class='gallery-item'>\n                <div class='gallery-icon portrait'>\n                    <a href='https:\/\/atecordoba.org\/wp-content\/uploads\/2025\/02\/WhatsApp-Image-2025-02-24-at-14.09.35.jpeg'><img loading=\"lazy\" decoding=\"async\" width=\"150\" height=\"150\" src=\"\" class=\"attachment-thumbnail size-thumbnail lazyload\" alt=\"\" data-src=\"https:\/\/atecordoba.org\/wp-content\/uploads\/2025\/02\/WhatsApp-Image-2025-02-24-at-14.09.35-150x150.jpeg\" data-sizes=\"auto\" data-srcset=\"https:\/\/atecordoba.org\/wp-content\/uploads\/2025\/02\/WhatsApp-Image-2025-02-24-at-14.09.35-150x150.jpeg 150w, https:\/\/atecordoba.org\/wp-content\/uploads\/2025\/02\/WhatsApp-Image-2025-02-24-at-14.09.35-560x560.jpeg 560w, https:\/\/atecordoba.org\/wp-content\/uploads\/2025\/02\/WhatsApp-Image-2025-02-24-at-14.09.35-75x75.jpeg 75w, https:\/\/atecordoba.org\/wp-content\/uploads\/2025\/02\/WhatsApp-Image-2025-02-24-at-14.09.35-350x350.jpeg 350w\" data-expand=\"700\" \/><\/a>\n                <\/div><\/figure><br style=\"clear: both\" \/>\n            <\/div>\n\n<p><img loading=\"lazy\" decoding=\"async\" class=\"aligncenter wp-image-47724 \" src=\"https:\/\/atecordoba.org\/wp-content\/uploads\/2025\/02\/WhatsApp-Image-2025-02-24-at-14.09.35-1-768x1024.jpeg\" alt=\"\" width=\"585\" height=\"780\" srcset=\"https:\/\/atecordoba.org\/wp-content\/uploads\/2025\/02\/WhatsApp-Image-2025-02-24-at-14.09.35-1-768x1024.jpeg 768w, https:\/\/atecordoba.org\/wp-content\/uploads\/2025\/02\/WhatsApp-Image-2025-02-24-at-14.09.35-1-225x300.jpeg 225w, https:\/\/atecordoba.org\/wp-content\/uploads\/2025\/02\/WhatsApp-Image-2025-02-24-at-14.09.35-1-750x1000.jpeg 750w, https:\/\/atecordoba.org\/wp-content\/uploads\/2025\/02\/WhatsApp-Image-2025-02-24-at-14.09.35-1.jpeg 960w\" sizes=\"auto, (max-width: 585px) 100vw, 585px\" \/><\/p>\n","protected":false},"excerpt":{"rendered":"<p>En una nota dirigida a la presidenta de la comuna de Los Hornillos Carolina Caballero, ubicada en el Valle de Traslasierra, el Consejo Directivo Provincial present\u00f3 la n\u00f3mina de las y los municipales de la localidad afiliados a nuestra gremio y solicit\u00f3 que el Ejecutivo oficie de agente de retenci\u00f3n de la cuota sindical, tal [&hellip;]<\/p>\n","protected":false},"author":7,"featured_media":47725,"comment_status":"open","ping_status":"open","sticky":false,"template":"","format":"standard","meta":{"_exactmetrics_skip_tracking":false,"_exactmetrics_sitenote_active":false,"_exactmetrics_sitenote_note":"","_exactmetrics_sitenote_category":0,"jnews-multi-image_gallery":[],"jnews_single_post":{"format":"standard","override":[{"template":"1","parallax":"1","fullscreen":"1","layout":"no-sidebar-narrow","sidebar":"default-sidebar","second_sidebar":"default-sidebar","sticky_sidebar":"1","share_position":"bottom","share_float_style":"share-monocrhome","show_share_counter":"1","show_view_counter":"1","show_post_meta":"1","show_post_author_image":"1","show_post_date":"1","post_date_format":"default","post_date_format_custom":"Y\/m\/d","show_post_category":"1","show_post_reading_time":"0","post_reading_time_wpm":"300","post_calculate_word_method":"str_word_count","show_zoom_button":"0","zoom_button_out_step":"2","zoom_button_in_step":"3","show_post_tag":"1","number_popup_post":"1","show_post_related":"1","show_inline_post_related":"0"}],"image_override":[{"single_post_thumbnail_size":"crop-500","single_post_gallery_size":"crop-500"}],"trending_post_position":"meta","trending_post_label":"Trending","sponsored_post_label":"Sponsored by","disable_ad":"0"},"jnews_primary_category":[],"jnews_social_meta":[],"jnews_review":[],"enable_review":"","type":"percentage","name":"","summary":"","brand":"","sku":"","good":[],"bad":[],"score_override":"","override_value":"","rating":[],"price":[],"jnews_override_counter":{"view_counter_number":"0","share_counter_number":"0","like_counter_number":"0","dislike_counter_number":"0"},"jnews_post_split":{"post_split":[{"template":"1","tag":"h2","numbering":"asc","mode":"normal","first":"0","enable_toc":"0","toc_type":"normal"}]},"footnotes":""},"categories":[20],"tags":[1482],"class_list":["post-47720","post","type-post","status-publish","format-standard","has-post-thumbnail","hentry","category-municipales","tag-los-hornillos"],"jetpack_featured_media_url":"https:\/\/atecordoba.org\/wp-content\/uploads\/2025\/02\/los-hornillos-585x390-1.jpg","_links":{"self":[{"href":"https:\/\/atecordoba.org\/index.php?rest_route=\/wp\/v2\/posts\/47720","targetHints":{"allow":["GET"]}}],"collection":[{"href":"https:\/\/atecordoba.org\/index.php?rest_route=\/wp\/v2\/posts"}],"about":[{"href":"https:\/\/atecordoba.org\/index.php?rest_route=\/wp\/v2\/types\/post"}],"author":[{"embeddable":true,"href":"https:\/\/atecordoba.org\/index.php?rest_route=\/wp\/v2\/users\/7"}],"replies":[{"embeddable":true,"href":"https:\/\/atecordoba.org\/index.php?rest_route=%2Fwp%2Fv2%2Fcomments&post=47720"}],"version-history":[{"count":2,"href":"https:\/\/atecordoba.org\/index.php?rest_route=\/wp\/v2\/posts\/47720\/revisions"}],"predecessor-version":[{"id":47727,"href":"https:\/\/atecordoba.org\/index.php?rest_route=\/wp\/v2\/posts\/47720\/revisions\/47727"}],"wp:featuredmedia":[{"embeddable":true,"href":"https:\/\/atecordoba.org\/index.php?rest_route=\/wp\/v2\/media\/47725"}],"wp:attachment":[{"href":"https:\/\/atecordoba.org\/index.php?rest_route=%2Fwp%2Fv2%2Fmedia&parent=47720"}],"wp:term":[{"taxonomy":"category","embeddable":true,"href":"https:\/\/atecordoba.org\/index.php?rest_route=%2Fwp%2Fv2%2Fcategories&post=47720"},{"taxonomy":"post_tag","embeddable":true,"href":"https:\/\/atecordoba.org\/index.php?rest_route=%2Fwp%2Fv2%2Ftags&post=47720"}],"curies":[{"name":"wp","href":"https:\/\/api.w.org\/{rel}","templated":true}]}}