{"id":47716,"date":"2025-02-24T14:35:58","date_gmt":"2025-02-24T17:35:58","guid":{"rendered":"https:\/\/atecordoba.org\/?p=47716"},"modified":"2025-02-24T14:35:58","modified_gmt":"2025-02-24T17:35:58","slug":"ate-cordoba-repudia-el-proyecto-de-milei-para-privatizar-yacimientos-carboniferos-rio-turbio","status":"publish","type":"post","link":"https:\/\/atecordoba.org\/?p=47716","title":{"rendered":"ATE C\u00f3rdoba repudia el proyecto de Milei para privatizar Yacimientos Carbon\u00edferos R\u00edo Turbio"},"content":{"rendered":"<p><img loading=\"lazy\" decoding=\"async\" class=\"aligncenter wp-image-47717 \" src=\"https:\/\/atecordoba.org\/wp-content\/uploads\/2025\/02\/YCF.webp\" alt=\"\" width=\"642\" height=\"428\" \/>En un nuevo paso para desguazar el Estado y rifar la soberan\u00eda nacional, el Gobierno de Javier Milei emiti\u00f3 un decreto que cambia la figura jur\u00eddica de Yacimientos Carbon\u00edferos R\u00edo Turbio y la transforma en Sociedad An\u00f3nima, con el obvio fin de proceder a su privatizaci\u00f3n.<\/p>\n<p>ATE C\u00f3rdoba repudia la medida oficial, al tratarse de otro escal\u00f3n para proceder con discrecionalidad al desguace del Estado.<\/p>\n<p>La firma ya tuvo su experiencia privada en los &#8217;90 cuando el menemismo procedi\u00f3 a su venta, con un saldo de miles de despedidos y un fuerte vaciamiento, que deriv\u00f3 en una tragedia en 2004 cuando la mina de carb\u00f3n de R\u00edo Turbio tuvo un accidente, con varios mineros fallecidos.<\/p>\n<p>Hoy, al igual que en los &#8217;90, nos enfrentamos a un gobierno cipayo que rifa nuestra soberan\u00eda y lastima todo el entramado productivo nacional, donde YCRT cumple un rol importante como generadora de energ\u00eda, ya que solo precisa que el Estado ponga en marcha una usina de generaci\u00f3n el\u00e9ctrica para que se invirtieron millones de d\u00f3lares.<\/p>\n<p>Se trata de una inversi\u00f3n realizada con el dinero de las y los argentinos, que los liberales pretenden liberar para el negocio de unos pocos, como hacen habitualmente.<\/p>\n<p>Desde el Consejo Directivo Provincial, enviamos nuestra solidaridad con ATE Santa Cruz y los mineros de R\u00edo Turbio, un ejemplo de lucha que mantenemos en alto.<\/p>\n<p>&nbsp;<\/p>\n","protected":false},"excerpt":{"rendered":"<p>En un nuevo paso para desguazar el Estado y rifar la soberan\u00eda nacional, el Gobierno de Javier Milei emiti\u00f3 un decreto que cambia la figura jur\u00eddica de Yacimientos Carbon\u00edferos R\u00edo Turbio y la transforma en Sociedad An\u00f3nima, con el obvio fin de proceder a su privatizaci\u00f3n. ATE C\u00f3rdoba repudia la medida oficial, al tratarse de [&hellip;]<\/p>\n","protected":false},"author":7,"featured_media":47717,"comment_status":"open","ping_status":"open","sticky":false,"template":"","format":"standard","meta":{"_exactmetrics_skip_tracking":false,"_exactmetrics_sitenote_active":false,"_exactmetrics_sitenote_note":"","_exactmetrics_sitenote_category":0,"jnews-multi-image_gallery":[],"jnews_single_post":{"format":"standard","override":[{"template":"1","parallax":"1","fullscreen":"1","layout":"no-sidebar-narrow","sidebar":"default-sidebar","second_sidebar":"default-sidebar","sticky_sidebar":"1","share_position":"bottom","share_float_style":"share-monocrhome","show_share_counter":"1","show_view_counter":"1","show_post_meta":"1","show_post_author_image":"1","show_post_date":"1","post_date_format":"default","post_date_format_custom":"Y\/m\/d","show_post_category":"1","show_post_reading_time":"0","post_reading_time_wpm":"300","post_calculate_word_method":"str_word_count","show_zoom_button":"0","zoom_button_out_step":"2","zoom_button_in_step":"3","show_post_tag":"1","number_popup_post":"1","show_post_related":"1","show_inline_post_related":"0"}],"image_override":[{"single_post_thumbnail_size":"crop-500","single_post_gallery_size":"crop-500"}],"trending_post_position":"meta","trending_post_label":"Trending","sponsored_post_label":"Sponsored by","disable_ad":"0"},"jnews_primary_category":[],"jnews_social_meta":[],"jnews_review":[],"enable_review":"","type":"percentage","name":"","summary":"","brand":"","sku":"","good":[],"bad":[],"score_override":"","override_value":"","rating":[],"price":[],"jnews_override_counter":{"view_counter_number":"0","share_counter_number":"0","like_counter_number":"0","dislike_counter_number":"0"},"jnews_post_split":{"post_split":[{"template":"1","tag":"h2","numbering":"asc","mode":"normal","first":"0","enable_toc":"0","toc_type":"normal"}]},"footnotes":""},"categories":[18],"tags":[],"class_list":["post-47716","post","type-post","status-publish","format-standard","has-post-thumbnail","hentry","category-nacionales"],"jetpack_featured_media_url":"https:\/\/atecordoba.org\/wp-content\/uploads\/2025\/02\/YCF-e1740418465605.webp","_links":{"self":[{"href":"https:\/\/atecordoba.org\/index.php?rest_route=\/wp\/v2\/posts\/47716","targetHints":{"allow":["GET"]}}],"collection":[{"href":"https:\/\/atecordoba.org\/index.php?rest_route=\/wp\/v2\/posts"}],"about":[{"href":"https:\/\/atecordoba.org\/index.php?rest_route=\/wp\/v2\/types\/post"}],"author":[{"embeddable":true,"href":"https:\/\/atecordoba.org\/index.php?rest_route=\/wp\/v2\/users\/7"}],"replies":[{"embeddable":true,"href":"https:\/\/atecordoba.org\/index.php?rest_route=%2Fwp%2Fv2%2Fcomments&post=47716"}],"version-history":[{"count":1,"href":"https:\/\/atecordoba.org\/index.php?rest_route=\/wp\/v2\/posts\/47716\/revisions"}],"predecessor-version":[{"id":47718,"href":"https:\/\/atecordoba.org\/index.php?rest_route=\/wp\/v2\/posts\/47716\/revisions\/47718"}],"wp:featuredmedia":[{"embeddable":true,"href":"https:\/\/atecordoba.org\/index.php?rest_route=\/wp\/v2\/media\/47717"}],"wp:attachment":[{"href":"https:\/\/atecordoba.org\/index.php?rest_route=%2Fwp%2Fv2%2Fmedia&parent=47716"}],"wp:term":[{"taxonomy":"category","embeddable":true,"href":"https:\/\/atecordoba.org\/index.php?rest_route=%2Fwp%2Fv2%2Fcategories&post=47716"},{"taxonomy":"post_tag","embeddable":true,"href":"https:\/\/atecordoba.org\/index.php?rest_route=%2Fwp%2Fv2%2Ftags&post=47716"}],"curies":[{"name":"wp","href":"https:\/\/api.w.org\/{rel}","templated":true}]}}