{"id":47711,"date":"2025-02-24T11:53:14","date_gmt":"2025-02-24T14:53:14","guid":{"rendered":"https:\/\/atecordoba.org\/?p=47711"},"modified":"2025-02-24T11:53:14","modified_gmt":"2025-02-24T14:53:14","slug":"ate-convoco-a-un-plenario-federal-el-martes-25-y-se-encamina-a-un-paro-nacional-antes-de-fin-de-mes","status":"publish","type":"post","link":"https:\/\/atecordoba.org\/?p=47711","title":{"rendered":"ATE convoc\u00f3 a un Plenario Federal el martes 25 y se encamina a un Paro Nacional antes de fin de mes"},"content":{"rendered":"<p><img loading=\"lazy\" decoding=\"async\" class=\"aligncenter wp-image-47712 \" src=\"https:\/\/atecordoba.org\/wp-content\/uploads\/2025\/02\/plenario-nacional-ATE-Argentina-1024x576.webp\" alt=\"\" width=\"642\" height=\"361\" \/><\/p>\n<p>\u201cNecesitamos presionar para que se reabran las paritarias y se inicie un proceso de recuperaci\u00f3n de todos los ingresos en el sector p\u00fablico. Hasta ahora, el recorte sobre los salarios es de tal magnitud que en promedio apenas alcanzan para cubrir la mitad del costo que tiene la canasta familiar total. Crece el porcentaje de trabajadores p\u00fablicos que deciden irse del Estado. Estamos perdiendo personal altamente calificado\u201d, indic\u00f3 Rodolfo Aguiar, Secretario General de ATE Nacional, al convocar a un Plenario Federal de delegados y delegadas, para definir un Paro Nacional en reclamo por la urgente reapertura de las paritarias, en rechazo a los despidos y contra el plan de cierre de organismos nacionales.<\/p>\n<p>\u201cSe impone la necesidad de una medida de fuerza que tenga alcance nacional para abrir tambi\u00e9n las negociaciones en las provincias y en todos los municipios. La estafa presidencial golpea al Gobierno\u201d, agreg\u00f3 el dirigente.<\/p>\n<p>El encuentro se realizar\u00e1 en el Anfiteatro Eva Per\u00f3n de la sede nacional del sindicato (Avenida Belgrano 2527, CABA), a las 14 horas. Se espera la participaci\u00f3n de m\u00e1s de mil delegados de todo el pa\u00eds.<\/p>\n<p>\u201cNo le tenemos que dar tregua y rechazar cualquier posibilidad que se pretenda compensar el costo fiscal que implican los favores al campo con la baja de retenciones o a los m\u00e1s ricos con la quita de impuestos a los autos de alta gama con un nuevo recorte en el Estado. El Gobierno planifica el cierre y la fusi\u00f3n de organismos y si eso sucede tendr\u00e1 un impacto social altamente negativo. Por estas horas, la autoridad presidencial est\u00e1 por el piso y no podemos permitir que se recupere. Es momento de avanzar\u201d, concluy\u00f3 el Secretario General de ATE Nacional.<\/p>\n<p>Cabe recordar que la paritaria nacional durante el 2024 qued\u00f3 44,4 puntos por debajo de la inflaci\u00f3n: los aumentos durante ese per\u00edodo alcanzaron el 73,3% quedando muy lejos del 117,7% de inflaci\u00f3n.<\/p>\n<p>Adem\u00e1s, aceler\u00f3 este reclamo las declaraciones del propio presidente Javier Milei en las que adelant\u00f3 que se est\u00e1 preparando un nuevo decreto para eliminar y fusionar cerca de 50 organismos del Estado.<\/p>\n<p>(fuente: https:\/\/ctaacordoba.org\/)<\/p>\n<p>&nbsp;<\/p>\n","protected":false},"excerpt":{"rendered":"<p>\u201cNecesitamos presionar para que se reabran las paritarias y se inicie un proceso de recuperaci\u00f3n de todos los ingresos en el sector p\u00fablico. Hasta ahora, el recorte sobre los salarios es de tal magnitud que en promedio apenas alcanzan para cubrir la mitad del costo que tiene la canasta familiar total. Crece el porcentaje de [&hellip;]<\/p>\n","protected":false},"author":7,"featured_media":47712,"comment_status":"open","ping_status":"open","sticky":false,"template":"","format":"standard","meta":{"_exactmetrics_skip_tracking":false,"_exactmetrics_sitenote_active":false,"_exactmetrics_sitenote_note":"","_exactmetrics_sitenote_category":0,"jnews-multi-image_gallery":[],"jnews_single_post":{"format":"standard","override":[{"template":"1","parallax":"1","fullscreen":"1","layout":"no-sidebar-narrow","sidebar":"default-sidebar","second_sidebar":"default-sidebar","sticky_sidebar":"1","share_position":"bottom","share_float_style":"share-monocrhome","show_share_counter":"1","show_view_counter":"1","show_post_meta":"1","show_post_author_image":"1","show_post_date":"1","post_date_format":"default","post_date_format_custom":"Y\/m\/d","show_post_category":"1","show_post_reading_time":"0","post_reading_time_wpm":"300","post_calculate_word_method":"str_word_count","show_zoom_button":"0","zoom_button_out_step":"2","zoom_button_in_step":"3","show_post_tag":"1","number_popup_post":"1","show_post_related":"1","show_inline_post_related":"0"}],"image_override":[{"single_post_thumbnail_size":"crop-500","single_post_gallery_size":"crop-500"}],"trending_post_position":"meta","trending_post_label":"Trending","sponsored_post_label":"Sponsored by","disable_ad":"0"},"jnews_primary_category":[],"jnews_social_meta":[],"jnews_review":[],"enable_review":"","type":"percentage","name":"","summary":"","brand":"","sku":"","good":[],"bad":[],"score_override":"","override_value":"","rating":[],"price":[],"jnews_override_counter":{"view_counter_number":"0","share_counter_number":"0","like_counter_number":"0","dislike_counter_number":"0"},"jnews_post_split":{"post_split":[{"template":"1","tag":"h2","numbering":"asc","mode":"normal","first":"0","enable_toc":"0","toc_type":"normal"}]},"footnotes":""},"categories":[18],"tags":[1481],"class_list":["post-47711","post","type-post","status-publish","format-standard","has-post-thumbnail","hentry","category-nacionales","tag-plenario-federal"],"jetpack_featured_media_url":"https:\/\/atecordoba.org\/wp-content\/uploads\/2025\/02\/plenario-nacional-ATE-Argentina-e1740408774182.webp","_links":{"self":[{"href":"https:\/\/atecordoba.org\/index.php?rest_route=\/wp\/v2\/posts\/47711","targetHints":{"allow":["GET"]}}],"collection":[{"href":"https:\/\/atecordoba.org\/index.php?rest_route=\/wp\/v2\/posts"}],"about":[{"href":"https:\/\/atecordoba.org\/index.php?rest_route=\/wp\/v2\/types\/post"}],"author":[{"embeddable":true,"href":"https:\/\/atecordoba.org\/index.php?rest_route=\/wp\/v2\/users\/7"}],"replies":[{"embeddable":true,"href":"https:\/\/atecordoba.org\/index.php?rest_route=%2Fwp%2Fv2%2Fcomments&post=47711"}],"version-history":[{"count":1,"href":"https:\/\/atecordoba.org\/index.php?rest_route=\/wp\/v2\/posts\/47711\/revisions"}],"predecessor-version":[{"id":47713,"href":"https:\/\/atecordoba.org\/index.php?rest_route=\/wp\/v2\/posts\/47711\/revisions\/47713"}],"wp:featuredmedia":[{"embeddable":true,"href":"https:\/\/atecordoba.org\/index.php?rest_route=\/wp\/v2\/media\/47712"}],"wp:attachment":[{"href":"https:\/\/atecordoba.org\/index.php?rest_route=%2Fwp%2Fv2%2Fmedia&parent=47711"}],"wp:term":[{"taxonomy":"category","embeddable":true,"href":"https:\/\/atecordoba.org\/index.php?rest_route=%2Fwp%2Fv2%2Fcategories&post=47711"},{"taxonomy":"post_tag","embeddable":true,"href":"https:\/\/atecordoba.org\/index.php?rest_route=%2Fwp%2Fv2%2Ftags&post=47711"}],"curies":[{"name":"wp","href":"https:\/\/api.w.org\/{rel}","templated":true}]}}