{"id":47705,"date":"2025-02-21T15:40:50","date_gmt":"2025-02-21T18:40:50","guid":{"rendered":"https:\/\/atecordoba.org\/?p=47705"},"modified":"2025-02-21T15:41:30","modified_gmt":"2025-02-21T18:41:30","slug":"giuliani-necesitamos-una-ctaa-en-la-calle","status":"publish","type":"post","link":"https:\/\/atecordoba.org\/?p=47705","title":{"rendered":"Giuliani: \u201cNecesitamos una CTAA en la calle\u201d"},"content":{"rendered":"<p><img loading=\"lazy\" decoding=\"async\" class=\"aligncenter wp-image-47706 size-full\" src=\"https:\/\/atecordoba.org\/wp-content\/uploads\/2025\/02\/472017714_10162285509789805_1475152281432372089_n.jpg\" alt=\"\" width=\"550\" height=\"416\" srcset=\"https:\/\/atecordoba.org\/wp-content\/uploads\/2025\/02\/472017714_10162285509789805_1475152281432372089_n.jpg 550w, https:\/\/atecordoba.org\/wp-content\/uploads\/2025\/02\/472017714_10162285509789805_1475152281432372089_n-300x227.jpg 300w\" sizes=\"auto, (max-width: 550px) 100vw, 550px\" \/>El Secretario General de ATE y la CTA Aut\u00f3noma C\u00f3rdoba, Federico Giuliani, describi\u00f3 al \u201cCordobesismo\u201d como la expresi\u00f3n de la matriz pol\u00edtica e ideol\u00f3gica conservadora que gobierna C\u00f3rdoba desde el retorno de la democracia bajo el formato de la UCR primero y el PJ despu\u00e9s; cuestion\u00f3 el modelo extractivista que impera en el territorio; reconoci\u00f3 la crisis de representatividad que atraviesa al conjunto del movimiento obrero y, por ende, a la propia Central; se manifest\u00f3 en contra tanto del \u201cUnicato Sindical\u201d como del \u201cUnicato Social\u201d; reivindic\u00f3 la militancia en el territorio para construir poder popular, combatir el hambre y la pobreza; y afirm\u00f3 que en la lucha feminista, el protagonismo de los j\u00f3venes y la resistencia del Movimiento Ambientalista, est\u00e1n las claves camino a una alternativa que permita avizorar un futuro diferente.<\/p>\n<p>Giuliani sostuvo en declaraciones a una agencia de noticias: \u201cLo primero que quiero destacar del balance que podemos hacer desde que asumimos la conducci\u00f3n de la CTA Aut\u00f3noma de la provincia de C\u00f3rdoba es la institucionalidad que hemos logrado en una etapa de resistencia pol\u00edtica a la entrega y el saqueo, que nos tuvo en la calle junto a los movimientos sociales y a organizaciones sindicales, principalmente de la Capital, con mucha trayectoria, lo que nos permiti\u00f3 ser protagonistas de distintas movilizaciones contra las pol\u00edticas de ajuste de Milei y Llaryora\u201d.<\/p>\n<p>Y agreg\u00f3: \u201cEntre los ejes centrales que tenemos para este a\u00f1o es crecer territorialmente. Esto significa cuantitativa y cualitativamente. En ese sentido impulsamos con fuerza la Federaci\u00f3n Nacional Territorial (FeNaT-CTAA) que se fund\u00f3 durante el Encuentro de Organizaciones Territoriales de la Central que tuvo lugar el 30 de junio y 1\u00ba de julio de 2018 en el Campus de la Universidad Nacional de R\u00edo Cuarto y que tiene un \u00e1mbito de actuaci\u00f3n nacional, lo que que nos permite contener e incorporar al sujeto trabajador que ya no est\u00e1 ni en las<img loading=\"lazy\" decoding=\"async\" class=\"alignright wp-image-47707 \" src=\"https:\/\/atecordoba.org\/wp-content\/uploads\/2025\/02\/471354971_10162285509794805_7127611772984995108_n-211x300-1.jpg\" alt=\"\" width=\"335\" height=\"476\" \/> oficinas ni en la f\u00e1brica sino en el barrio. El segundo punto es afianzar lo que venimos desarrollando con el sector privado, no solamente en la incorporaci\u00f3n de nuevos actores, sino en la formaci\u00f3n de aquellos cuadros que nos van a permitir el desarrollo en un sector tan neur\u00e1lgico para la Central. En tercer lugar vamos a continuar con la institucionalidad. Entendemos que es importante continuar con el camino que hemos emprendido para ganar nuestro reconocimiento tanto en la calle como a nivel institucional. Y el cuarto eje es la presencia en el conflicto social, hemos tenido posicionamientos muy claros y contundentes respecto a los aumentos de luz, agua, transporte y otras cuestiones que afectan no s\u00f3lo a los trabajadores sino a la mayor\u00eda de la poblaci\u00f3n\u201d.<\/p>\n<p>Giuliani expres\u00f3: \u201cNecesitamos una Central en la calle para hacerse cargo de estos conflictos pele\u00e1ndole al hambre, a la represi\u00f3n policial, a la barbarie de Milei y la casta y dando la disputa ideol\u00f3gica al individualismo del s\u00e1lvese quien pueda en el territorio. Fortalecer la constituci\u00f3n de nuevos sindicatos o de agrupamientos que quieran disputar gremios privados y de esa manera crecer en cantidad, lanzando una afiliaci\u00f3n masiva, a trav\u00e9s de la formaci\u00f3n y capacitaci\u00f3n\u201d.<\/p>\n<p><strong>Cordobesismo<\/strong><\/p>\n<p>\u201cQue el Gobierno de Mart\u00edn Llaryora salvo algunos amagues est\u00e9 alineado con el Gobierno vendepatria de Milei no deber\u00eda sorprendernos\u201d, apunta.<\/p>\n<p>\u201cTiene que ver con la composici\u00f3n pol\u00edtica e ideol\u00f3gica del \u2018Cordobesismo\u2019 que es una alianza de gobierno que ha venido de la mano del radicalismo en primer lugar, y desde hace 25 a\u00f1os del PJ. Es una visi\u00f3n que lleva los destinos de una provincia vertebrada en pos de los beneficios de los grupos concentrados de poder como los de Pagani, Urqu\u00eda, Roggio y tiene que ver claramente con la demanda de la oligarqu\u00eda, principalmente extractivista, con pol\u00edticas de monocultivo, agrot\u00f3xicos y fumigaciones para lograr una alta rentabilidad de la tierra. El Gobierno no est\u00e1 dispuesto a tocar los intereses de los ganadores de siempre. Somos conscientes que en C\u00f3rdoba tendr\u00edan que pagar los que m\u00e1s tienen y deber\u00eda haber una Reforma Impositiva progresiva y no como se da ahora, donde los cordobeses pagamos la electricidad un 150 por ciento m\u00e1s caro que cualquier ciudadano de la Argentina\u201d.<img loading=\"lazy\" decoding=\"async\" class=\"alignleft wp-image-47708 \" src=\"https:\/\/atecordoba.org\/wp-content\/uploads\/2025\/02\/471415542_10162285509799805_3140918792721259156_n-238x300-1.jpg\" alt=\"\" width=\"389\" height=\"490\" \/><\/p>\n<p>En palabras del Secretario General de la CTA-A, \u201cel trabajo territorial es permanente e incansable, tal vez el m\u00e1s dif\u00edcil por tener que pelear de manera desigual contra condiciones de alt\u00edsima precarizaci\u00f3n en la vida misma, sin servicios b\u00e1sicos, con la problem\u00e1tica del hambre marcando la agenda, sin trabajo concreto ni continuo. En esas condiciones, nuestra CTA trata de conseguir paliativos para sortear la crisis, primero a trav\u00e9s de lo que podemos conseguir a trav\u00e9s del Estado, porque entendemos que a la discusi\u00f3n hay que darla para arrancar los recursos que nos corresponden\u201d.<\/p>\n<p>A su juicio, \u201cas\u00ed como no creemos en el \u2018Unicato Sindical\u2019 tampoco creemos en el \u2018Unicato Social\u2019, por eso la CTA Auton\u00f3ma, tanto a nivel nacional como provincial, est\u00e1 a la altura de otras organizaciones para mostrar trabajo genuino en el territorio y de ah\u00ed en m\u00e1s exigir y demandar que aquellos recursos que tiene el Estado lleguen a las barriadas populares. Tambi\u00e9n est\u00e1n la autogesti\u00f3n y la construcci\u00f3n del sujeto de la Econom\u00eda Popular para generar trabajo genuino, no solamente de manera individual sino colectiva, con un concepto importante como es la Soberan\u00eda Alimentaria: Comer sano, bien y en cantidad, con nuestras huertas comunitarias\u201d.<\/p>\n<p><strong>Crisis de representatividad<\/strong><\/p>\n<p>Seg\u00fan Giuliani, la crisis de representatividad del Movimiento Popular es un hecho verificable: \u201cEsto tiene un contexto. Hace m\u00e1s de 55 a\u00f1os, en \u00e9pocas del \u2018Cordobazo\u2019, exist\u00eda un Movimiento Obrero calificado y muy fuerte, que tiene que ver con la matriz industrial de la provincia y en consonancia con el Movimiento Estudiantil heredero de la Reforma de 1918. Era otro pa\u00eds, otra C\u00f3rdoba. Venimos de una derrota propinada por la dictadura c\u00edvico-militar y C\u00f3rdoba fue una de las provincias m\u00e1s castigada por el Terrorismo de Estado. Nuestros mejores cuadros fueron asesinados, exiliados o detenidos. Esa derrota hizo que asumieran responsabilidades dirigentes que no ten\u00edan tal vez esa visi\u00f3n estrat\u00e9gica integral que demostraron Atilio L\u00f3pez, Agust\u00edn Tosco, Ren\u00e9 Salamanca o H\u00e9ctor \u2018La Perra\u2019 Castro\u201d.<\/p>\n<p>\u201cEl \u2018Cordobesismo\u2019 ha domesticado a buena parte del Movimiento Obrero y Social, hoy estamos en presencia de una crisis de representatividad y est\u00e1 en discusi\u00f3n nuestra legitimidad en el seno de la comunidad. Un poco por el trabajo de los medios hegem\u00f3nicos junto con el poder que apuntan a deslegitimar a los dirigentes obreros, sociales, pol\u00edticos con esta tarea de machacarle diariamente a la sociedad que todos los dirigentes son corruptos, indecentes o se enriquecen a costa de los trabajadores, un discurso que hizo mella en la gente. Convengamos que tambi\u00e9n hay algunos ejemplos de dirigentes atornillados durante mucho tiempo en sus sillones, con gremios ricos y laburantes pobres y otros que han demostrado conductas \u00e9ticas totalmente reprochables, lo que no ayuda a cambiar esa imagen\u201d, apunt\u00f3.<img loading=\"lazy\" decoding=\"async\" class=\"alignright wp-image-47709 \" src=\"https:\/\/atecordoba.org\/wp-content\/uploads\/2025\/02\/472017714_10162285509789805_1475152281432372089_n-2-205x300-1.jpg\" alt=\"\" width=\"373\" height=\"546\" \/><\/p>\n<p>Para Giuliani, \u201cesto nos pone en un punto de debatir realmente el rol de la dirigencia, promover la autocr\u00edtica, fomentar el recambio natural, la promoci\u00f3n de cuadros pol\u00edticos que de alguna manera vuelvan a reconstituir lo que alguna vez se hizo en nuestra provincia como los planes de Huerta Grande y La Falda que nos demostraban c\u00f3mo los trabajadores discut\u00edan el Proyecto de Naci\u00f3n y de Patria al que aspiramos. El Movimiento Obrero cordob\u00e9s est\u00e1 en crisis, obviamente nosotros tambi\u00e9n, pero hay que remarcar tambi\u00e9n que hubo complicidades de la burocracia con el \u2018Cordobesismo\u2019 para que en la alternancia entre radicales y justicialistas se mantuviera la gobernabilidad de un modelo que afecta a la mayor\u00eda y privilegia a las minor\u00edas\u201d.<\/p>\n<p><strong>Nuevos actores<\/strong><\/p>\n<p>Finalmente, y pensando en clave de futuro, Giuliani arriesg\u00f3 algunas ideas de lo que piensa es una posibilidad de recomponer el Movimiento Popular: \u201cCuesta encontrar un programa que nos unifique en cinco o seis puntos para que nos juntemos. Veo tres actores que me parece tienen mucho que ver con delinear lo que viene. Primero, el avance de la lucha feminista en este movimiento horizontal, heterog\u00e9neo y diverso hay mucho que aprender. La otra, es la lucha de la juventud con presencia en varias instancias organizativas porque cuando no encuentran cabida en lo sindical, lo buscan en otros espacios culturales, partidarios, sociales. Y tercero, la pelea por el ambiente. El Movimiento Ambientalista en C\u00f3rdoba es fuerte, tiene presencia y un accionar coherente contra el extractivismo\u201d.<\/p>\n<p>\u201cProbablemente en estas luchas podamos desentra\u00f1ar los dirigentes sindicales este germen de lo nuevo que nos va a permitir pegar un salto y volver a estar en los primeros planos como alguna vez lo estuvimos para avanzar en la construcci\u00f3n de una sociedad de iguales\u201d, remat\u00f3.<\/p>\n","protected":false},"excerpt":{"rendered":"<p>El Secretario General de ATE y la CTA Aut\u00f3noma C\u00f3rdoba, Federico Giuliani, describi\u00f3 al \u201cCordobesismo\u201d como la expresi\u00f3n de la matriz pol\u00edtica e ideol\u00f3gica conservadora que gobierna C\u00f3rdoba desde el retorno de la democracia bajo el formato de la UCR primero y el PJ despu\u00e9s; cuestion\u00f3 el modelo extractivista que impera en el territorio; reconoci\u00f3 [&hellip;]<\/p>\n","protected":false},"author":7,"featured_media":47706,"comment_status":"open","ping_status":"open","sticky":false,"template":"","format":"standard","meta":{"_exactmetrics_skip_tracking":false,"_exactmetrics_sitenote_active":false,"_exactmetrics_sitenote_note":"","_exactmetrics_sitenote_category":0,"jnews-multi-image_gallery":[],"jnews_single_post":{"format":"standard","override":[{"template":"1","parallax":"1","fullscreen":"1","layout":"no-sidebar-narrow","sidebar":"default-sidebar","second_sidebar":"default-sidebar","sticky_sidebar":"1","share_position":"bottom","share_float_style":"share-monocrhome","show_share_counter":"1","show_view_counter":"1","show_post_meta":"1","show_post_author_image":"1","show_post_date":"1","post_date_format":"default","post_date_format_custom":"Y\/m\/d","show_post_category":"1","show_post_reading_time":"0","post_reading_time_wpm":"300","post_calculate_word_method":"str_word_count","show_zoom_button":"0","zoom_button_out_step":"2","zoom_button_in_step":"3","show_post_tag":"1","number_popup_post":"1","show_post_related":"1","show_inline_post_related":"0"}],"image_override":[{"single_post_thumbnail_size":"crop-500","single_post_gallery_size":"crop-500"}],"trending_post_position":"meta","trending_post_label":"Trending","sponsored_post_label":"Sponsored by","disable_ad":"0"},"jnews_primary_category":[],"jnews_social_meta":[],"jnews_review":[],"enable_review":"","type":"percentage","name":"","summary":"","brand":"","sku":"","good":[],"bad":[],"score_override":"","override_value":"","rating":[],"price":[],"jnews_override_counter":{"view_counter_number":"0","share_counter_number":"0","like_counter_number":"0","dislike_counter_number":"0"},"jnews_post_split":{"post_split":[{"template":"1","tag":"h2","numbering":"asc","mode":"normal","first":"0","enable_toc":"0","toc_type":"normal"}]},"footnotes":""},"categories":[92],"tags":[1241],"class_list":["post-47705","post","type-post","status-publish","format-standard","has-post-thumbnail","hentry","category-cta","tag-cordobesismo"],"jetpack_featured_media_url":"https:\/\/atecordoba.org\/wp-content\/uploads\/2025\/02\/472017714_10162285509789805_1475152281432372089_n.jpg","_links":{"self":[{"href":"https:\/\/atecordoba.org\/index.php?rest_route=\/wp\/v2\/posts\/47705","targetHints":{"allow":["GET"]}}],"collection":[{"href":"https:\/\/atecordoba.org\/index.php?rest_route=\/wp\/v2\/posts"}],"about":[{"href":"https:\/\/atecordoba.org\/index.php?rest_route=\/wp\/v2\/types\/post"}],"author":[{"embeddable":true,"href":"https:\/\/atecordoba.org\/index.php?rest_route=\/wp\/v2\/users\/7"}],"replies":[{"embeddable":true,"href":"https:\/\/atecordoba.org\/index.php?rest_route=%2Fwp%2Fv2%2Fcomments&post=47705"}],"version-history":[{"count":1,"href":"https:\/\/atecordoba.org\/index.php?rest_route=\/wp\/v2\/posts\/47705\/revisions"}],"predecessor-version":[{"id":47710,"href":"https:\/\/atecordoba.org\/index.php?rest_route=\/wp\/v2\/posts\/47705\/revisions\/47710"}],"wp:featuredmedia":[{"embeddable":true,"href":"https:\/\/atecordoba.org\/index.php?rest_route=\/wp\/v2\/media\/47706"}],"wp:attachment":[{"href":"https:\/\/atecordoba.org\/index.php?rest_route=%2Fwp%2Fv2%2Fmedia&parent=47705"}],"wp:term":[{"taxonomy":"category","embeddable":true,"href":"https:\/\/atecordoba.org\/index.php?rest_route=%2Fwp%2Fv2%2Fcategories&post=47705"},{"taxonomy":"post_tag","embeddable":true,"href":"https:\/\/atecordoba.org\/index.php?rest_route=%2Fwp%2Fv2%2Ftags&post=47705"}],"curies":[{"name":"wp","href":"https:\/\/api.w.org\/{rel}","templated":true}]}}