{"id":47700,"date":"2025-02-21T12:09:06","date_gmt":"2025-02-21T15:09:06","guid":{"rendered":"https:\/\/atecordoba.org\/?p=47700"},"modified":"2025-02-21T12:09:06","modified_gmt":"2025-02-21T15:09:06","slug":"no-al-filtro-de-milei-y-sturzenegger-nos-organizamos-para-enfrentar-los-examenes-de-idoneidad","status":"publish","type":"post","link":"https:\/\/atecordoba.org\/?p=47700","title":{"rendered":"No al filtro de Milei y Sturzenegger: Nos organizamos para enfrentar los ex\u00e1menes de idoneidad"},"content":{"rendered":"<p><img loading=\"lazy\" decoding=\"async\" class=\"aligncenter wp-image-47701 size-full\" src=\"https:\/\/atecordoba.org\/wp-content\/uploads\/2025\/02\/flyer-curso-examen.jpg\" alt=\"\" width=\"526\" height=\"526\" srcset=\"https:\/\/atecordoba.org\/wp-content\/uploads\/2025\/02\/flyer-curso-examen.jpg 526w, https:\/\/atecordoba.org\/wp-content\/uploads\/2025\/02\/flyer-curso-examen-300x300.jpg 300w, https:\/\/atecordoba.org\/wp-content\/uploads\/2025\/02\/flyer-curso-examen-150x150.jpg 150w, https:\/\/atecordoba.org\/wp-content\/uploads\/2025\/02\/flyer-curso-examen-75x75.jpg 75w, https:\/\/atecordoba.org\/wp-content\/uploads\/2025\/02\/flyer-curso-examen-350x350.jpg 350w\" sizes=\"auto, (max-width: 526px) 100vw, 526px\" \/>El Gobierno Nacional impone la Evaluaci\u00f3n General de Conocimientos y Competencias (Resoluci\u00f3n 26\/2024) como un nuevo mecanismo de ajuste para justificar despidos masivos en el Estado. Desde ATE C\u00f3rdoba rechazamos esta maniobra y nos organizamos para hacerle frente.<\/p>\n<p>Por eso, este s\u00e1bado 22 de febrero brindaremos clases de apoyo en nuestra sede sindical de calle Entre R\u00edos 450 de la ciudad de C\u00f3rdoba, para acompa\u00f1ar a quienes deban rendir el examen:<\/p>\n<p>Grupo 1: 10:00 a 12:00 horas.<\/p>\n<p>Grupo 2: 12:00 a 14:00 horas.<\/p>\n<p>No estamos solos ni solas. Nos quieren evaluar despu\u00e9s de a\u00f1os de precarizaci\u00f3n, ignorando nuestra experiencia y formaci\u00f3n. Este examen no es m\u00e1s que una excusa para despedirnos.<\/p>\n<p>Estamos en Plan de Lucha y relevando a las y los compa\u00f1eros afectados. Sumate, informate y organ\u00edzate.<\/p>\n","protected":false},"excerpt":{"rendered":"<p>El Gobierno Nacional impone la Evaluaci\u00f3n General de Conocimientos y Competencias (Resoluci\u00f3n 26\/2024) como un nuevo mecanismo de ajuste para justificar despidos masivos en el Estado. Desde ATE C\u00f3rdoba rechazamos esta maniobra y nos organizamos para hacerle frente. Por eso, este s\u00e1bado 22 de febrero brindaremos clases de apoyo en nuestra sede sindical de calle [&hellip;]<\/p>\n","protected":false},"author":7,"featured_media":47702,"comment_status":"open","ping_status":"open","sticky":false,"template":"","format":"standard","meta":{"_exactmetrics_skip_tracking":false,"_exactmetrics_sitenote_active":false,"_exactmetrics_sitenote_note":"","_exactmetrics_sitenote_category":0,"jnews-multi-image_gallery":[],"jnews_single_post":{"format":"standard","override":[{"template":"1","parallax":"1","fullscreen":"1","layout":"no-sidebar-narrow","sidebar":"default-sidebar","second_sidebar":"default-sidebar","sticky_sidebar":"1","share_position":"bottom","share_float_style":"share-monocrhome","show_share_counter":"1","show_view_counter":"1","show_post_meta":"1","show_post_author_image":"1","show_post_date":"1","post_date_format":"default","post_date_format_custom":"Y\/m\/d","show_post_category":"1","show_post_reading_time":"0","post_reading_time_wpm":"300","post_calculate_word_method":"str_word_count","show_zoom_button":"0","zoom_button_out_step":"2","zoom_button_in_step":"3","show_post_tag":"1","number_popup_post":"1","show_post_related":"1","show_inline_post_related":"0"}],"image_override":[{"single_post_thumbnail_size":"crop-500","single_post_gallery_size":"crop-500"}],"trending_post_position":"meta","trending_post_label":"Trending","sponsored_post_label":"Sponsored by","disable_ad":"0"},"jnews_primary_category":[],"jnews_social_meta":[],"jnews_review":[],"enable_review":"","type":"percentage","name":"","summary":"","brand":"","sku":"","good":[],"bad":[],"score_override":"","override_value":"","rating":[],"price":[],"jnews_override_counter":{"view_counter_number":"0","share_counter_number":"0","like_counter_number":"0","dislike_counter_number":"0"},"jnews_post_split":{"post_split":[{"template":"1","tag":"h2","numbering":"asc","mode":"normal","first":"0","enable_toc":"0","toc_type":"normal"}]},"footnotes":""},"categories":[18],"tags":[1480],"class_list":["post-47700","post","type-post","status-publish","format-standard","has-post-thumbnail","hentry","category-nacionales","tag-examen-idoneidad"],"jetpack_featured_media_url":"https:\/\/atecordoba.org\/wp-content\/uploads\/2025\/02\/flyer-curso-examen-1.jpg","_links":{"self":[{"href":"https:\/\/atecordoba.org\/index.php?rest_route=\/wp\/v2\/posts\/47700","targetHints":{"allow":["GET"]}}],"collection":[{"href":"https:\/\/atecordoba.org\/index.php?rest_route=\/wp\/v2\/posts"}],"about":[{"href":"https:\/\/atecordoba.org\/index.php?rest_route=\/wp\/v2\/types\/post"}],"author":[{"embeddable":true,"href":"https:\/\/atecordoba.org\/index.php?rest_route=\/wp\/v2\/users\/7"}],"replies":[{"embeddable":true,"href":"https:\/\/atecordoba.org\/index.php?rest_route=%2Fwp%2Fv2%2Fcomments&post=47700"}],"version-history":[{"count":1,"href":"https:\/\/atecordoba.org\/index.php?rest_route=\/wp\/v2\/posts\/47700\/revisions"}],"predecessor-version":[{"id":47703,"href":"https:\/\/atecordoba.org\/index.php?rest_route=\/wp\/v2\/posts\/47700\/revisions\/47703"}],"wp:featuredmedia":[{"embeddable":true,"href":"https:\/\/atecordoba.org\/index.php?rest_route=\/wp\/v2\/media\/47702"}],"wp:attachment":[{"href":"https:\/\/atecordoba.org\/index.php?rest_route=%2Fwp%2Fv2%2Fmedia&parent=47700"}],"wp:term":[{"taxonomy":"category","embeddable":true,"href":"https:\/\/atecordoba.org\/index.php?rest_route=%2Fwp%2Fv2%2Fcategories&post=47700"},{"taxonomy":"post_tag","embeddable":true,"href":"https:\/\/atecordoba.org\/index.php?rest_route=%2Fwp%2Fv2%2Ftags&post=47700"}],"curies":[{"name":"wp","href":"https:\/\/api.w.org\/{rel}","templated":true}]}}