{"id":47693,"date":"2025-02-20T15:28:55","date_gmt":"2025-02-20T18:28:55","guid":{"rendered":"https:\/\/atecordoba.org\/?p=47693"},"modified":"2025-02-20T16:09:29","modified_gmt":"2025-02-20T19:09:29","slug":"ate-movilizo-a-capital-humano-con-delegaciones-del-cdr-y-senaf-y-fue-reprimida-por-el-gobierno","status":"publish","type":"post","link":"https:\/\/atecordoba.org\/?p=47693","title":{"rendered":"ATE moviliz\u00f3 a Capital Humano con delegaciones del CDR y SENAF y fue reprimida por el Gobierno"},"content":{"rendered":"<p><img loading=\"lazy\" decoding=\"async\" class=\"aligncenter wp-image-47694 size-full\" src=\"https:\/\/atecordoba.org\/wp-content\/uploads\/2025\/02\/Captura-de-pantalla-2025-02-20-151713.png\" alt=\"\" width=\"586\" height=\"446\" srcset=\"https:\/\/atecordoba.org\/wp-content\/uploads\/2025\/02\/Captura-de-pantalla-2025-02-20-151713.png 586w, https:\/\/atecordoba.org\/wp-content\/uploads\/2025\/02\/Captura-de-pantalla-2025-02-20-151713-300x228.png 300w\" sizes=\"auto, (max-width: 586px) 100vw, 586px\" \/>ATE C\u00f3rdoba moviliz\u00f3 hoy en Capital Federal a la sede del Ministerio de Capital Humano (ex Desarrollo Social) para reclamar por el personal contratado cuyos contratos vencen el 28 de febrero.<\/p>\n<p>De la misma forma se reclam\u00f3 la asignaci\u00f3n de tareas y una sede para organismos como el Centro de Referencia (CDR) y la SENAF, cuyas oficinas fueron cerradas sin informar a las y los trabajadores.<\/p>\n<p>Junto a la columna llegada desde C\u00f3rdoba, se movilizaron compa\u00f1eros y compa\u00f1eras de Capital Federal y de otros puntos del pa\u00eds.<\/p>\n<p>La protesta fue brutalmente reprimida por fuerzas de la ciudad de Buenos Aires, Gendarmer\u00eda y Prefectura.<\/p>\n<p>&#8220;Eso no significa que nos vayan a amedrentar: vamos a seguir peleando por nuestros derechos y nuestros puestos de trabajo&#8221;, dijo el secretario Gremial, Jorge Chalup, que encabez\u00f3 la delegaci\u00f3n cordobesa, junto a otros miembros de Comisi\u00f3n Directiva.<\/p>\n<p><img loading=\"lazy\" decoding=\"async\" class=\"aligncenter wp-image-47695 size-full\" src=\"https:\/\/atecordoba.org\/wp-content\/uploads\/2025\/02\/Captura-de-pantalla-2025-02-20-151605.png\" alt=\"\" width=\"597\" height=\"449\" \/><\/p>\n<p>Por su parte Mar\u00eda Spaventa, trabajadora de CDR y secretaria de G\u00e9nero de ATE C\u00f3rdoba, afirm\u00f3 que &#8220;estamos ac\u00e1 para defender los puestos de trabajo y las pol\u00edticas p\u00fablicas. Venimos denunciando que el gobierno de Milei est\u00e1 dejando a todas las provincias sin espacio de contenci\u00f3n social&#8221;.<\/p>\n<p>La dirigenta concluy\u00f3 se\u00f1alando que &#8220;vamos a seguir luchando, estamos de pie. Ni un despido m\u00e1s y vamos por todas las reincorporaciones&#8221;.<\/p>\n<p>&nbsp;<\/p>\n","protected":false},"excerpt":{"rendered":"<p>ATE C\u00f3rdoba moviliz\u00f3 hoy en Capital Federal a la sede del Ministerio de Capital Humano (ex Desarrollo Social) para reclamar por el personal contratado cuyos contratos vencen el 28 de febrero. De la misma forma se reclam\u00f3 la asignaci\u00f3n de tareas y una sede para organismos como el Centro de Referencia (CDR) y la SENAF, [&hellip;]<\/p>\n","protected":false},"author":7,"featured_media":47697,"comment_status":"open","ping_status":"open","sticky":false,"template":"","format":"standard","meta":{"_exactmetrics_skip_tracking":false,"_exactmetrics_sitenote_active":false,"_exactmetrics_sitenote_note":"","_exactmetrics_sitenote_category":0,"jnews-multi-image_gallery":[],"jnews_single_post":{"format":"standard","override":[{"template":"1","parallax":"1","fullscreen":"1","layout":"no-sidebar-narrow","sidebar":"default-sidebar","second_sidebar":"default-sidebar","sticky_sidebar":"1","share_position":"bottom","share_float_style":"share-monocrhome","show_share_counter":"1","show_view_counter":"1","show_post_meta":"1","show_post_author_image":"1","show_post_date":"1","post_date_format":"default","post_date_format_custom":"Y\/m\/d","show_post_category":"1","show_post_reading_time":"0","post_reading_time_wpm":"300","post_calculate_word_method":"str_word_count","show_zoom_button":"0","zoom_button_out_step":"2","zoom_button_in_step":"3","show_post_tag":"1","number_popup_post":"1","show_post_related":"1","show_inline_post_related":"0"}],"image_override":[{"single_post_thumbnail_size":"crop-500","single_post_gallery_size":"crop-500"}],"trending_post_position":"meta","trending_post_label":"Trending","sponsored_post_label":"Sponsored by","disable_ad":"0"},"jnews_primary_category":[],"jnews_social_meta":[],"jnews_review":[],"enable_review":"","type":"percentage","name":"","summary":"","brand":"","sku":"","good":[],"bad":[],"score_override":"","override_value":"","rating":[],"price":[],"jnews_override_counter":{"view_counter_number":"0","share_counter_number":"0","like_counter_number":"0","dislike_counter_number":"0"},"jnews_post_split":{"post_split":[{"template":"1","tag":"h2","numbering":"asc","mode":"normal","first":"0","enable_toc":"0","toc_type":"normal"}]},"footnotes":""},"categories":[18],"tags":[],"class_list":["post-47693","post","type-post","status-publish","format-standard","has-post-thumbnail","hentry","category-nacionales"],"jetpack_featured_media_url":"https:\/\/atecordoba.org\/wp-content\/uploads\/2025\/02\/Captura-de-pantalla-2025-02-20-151605-1.png","_links":{"self":[{"href":"https:\/\/atecordoba.org\/index.php?rest_route=\/wp\/v2\/posts\/47693","targetHints":{"allow":["GET"]}}],"collection":[{"href":"https:\/\/atecordoba.org\/index.php?rest_route=\/wp\/v2\/posts"}],"about":[{"href":"https:\/\/atecordoba.org\/index.php?rest_route=\/wp\/v2\/types\/post"}],"author":[{"embeddable":true,"href":"https:\/\/atecordoba.org\/index.php?rest_route=\/wp\/v2\/users\/7"}],"replies":[{"embeddable":true,"href":"https:\/\/atecordoba.org\/index.php?rest_route=%2Fwp%2Fv2%2Fcomments&post=47693"}],"version-history":[{"count":2,"href":"https:\/\/atecordoba.org\/index.php?rest_route=\/wp\/v2\/posts\/47693\/revisions"}],"predecessor-version":[{"id":47699,"href":"https:\/\/atecordoba.org\/index.php?rest_route=\/wp\/v2\/posts\/47693\/revisions\/47699"}],"wp:featuredmedia":[{"embeddable":true,"href":"https:\/\/atecordoba.org\/index.php?rest_route=\/wp\/v2\/media\/47697"}],"wp:attachment":[{"href":"https:\/\/atecordoba.org\/index.php?rest_route=%2Fwp%2Fv2%2Fmedia&parent=47693"}],"wp:term":[{"taxonomy":"category","embeddable":true,"href":"https:\/\/atecordoba.org\/index.php?rest_route=%2Fwp%2Fv2%2Fcategories&post=47693"},{"taxonomy":"post_tag","embeddable":true,"href":"https:\/\/atecordoba.org\/index.php?rest_route=%2Fwp%2Fv2%2Ftags&post=47693"}],"curies":[{"name":"wp","href":"https:\/\/api.w.org\/{rel}","templated":true}]}}