{"id":47686,"date":"2025-02-20T12:51:13","date_gmt":"2025-02-20T15:51:13","guid":{"rendered":"https:\/\/atecordoba.org\/?p=47686"},"modified":"2025-02-20T12:51:13","modified_gmt":"2025-02-20T15:51:13","slug":"contratos-el-gobierno-nacional-amenaza-con-despedir-a-todos-el-31-de-marzo","status":"publish","type":"post","link":"https:\/\/atecordoba.org\/?p=47686","title":{"rendered":"Contratos: &#8220;el gobierno nacional amenaza con despedir a todos el 31 de marzo&#8221;"},"content":{"rendered":"<p><img loading=\"lazy\" decoding=\"async\" class=\"alignleft wp-image-47689 \" src=\"https:\/\/atecordoba.org\/wp-content\/uploads\/2025\/02\/maria-llorens.jpg\" alt=\"\" width=\"331\" height=\"441\" srcset=\"https:\/\/atecordoba.org\/wp-content\/uploads\/2025\/02\/maria-llorens.jpg 768w, https:\/\/atecordoba.org\/wp-content\/uploads\/2025\/02\/maria-llorens-225x300.jpg 225w, https:\/\/atecordoba.org\/wp-content\/uploads\/2025\/02\/maria-llorens-750x1000.jpg 750w\" sizes=\"auto, (max-width: 331px) 100vw, 331px\" \/>En el marco de la extrema precarizaci\u00f3n y los anuncios de futuros despidos en el Estado nacional, la \u00a0vocal del Consejo Directivo Provincial y delegada de Parques Nacionales, <strong>Mar\u00eda Llorens<\/strong>, brind\u00f3 una entrevista a un medio radial donde explic\u00f3 las condiciones que sufren las y los contratados durante el gobierno de Milei, as\u00ed como la incertidumbre que atraviesan sobre su futuro y la continuidad de los puestos de trabajo.<\/p>\n<p>La entrevista se realiz\u00f3 una vez finalizada la jornada de lucha que <a href=\"https:\/\/atecordoba.org\/?p=47669\">realiz\u00f3 ATE CONICET,<\/a> donde Llorens particip\u00f3 junto a estatales de otros organismos nacionales.<\/p>\n<p>&#8220;Yo trabajo en Parques Nacionales y a mis compa\u00f1eros que ingresaron por el convenio de Ciencia y T\u00e9cnica ya les han dicho que los van a despedir a todos el pr\u00f3ximo 31 de marzo.\u00a0Esas son las condiciones en que estamos trabajando en los organismos nacionales&#8221;, dijo Llorens.<\/p>\n<p>Y explic\u00f3 que cada tres meses se renuevan los contratos, con mayor\u00eda de trabajadores y trabajadoras contratadas con 20 o 25 a\u00f1os de antig\u00fcedad. &#8220;Estamos en lucha para sostener nuestros puestos de trabajo pero tambi\u00e9n para defender el tipo de Estado que queremos&#8221;, asegur\u00f3 la dirigenta.<\/p>\n<p>Adem\u00e1s, se\u00f1al\u00f3 que &#8220;en Parques Nacionales m\u00e1s de la mitad son contratados, incluidos los que revisten funciones en convenios colectivos como el SINEP, que son t\u00e9cnicos profesionales, como los brigadistas que combaten los incendios en todo el territorio nacional con salarios de miseria que no cubren la canasta familiar&#8221;.<\/p>\n<p>Por eso denunci\u00f3 que &#8220;lo que el gobierno llama desvinculaciones tenemos claro que son despidos masivos, porque es el Estado empleador quien debi\u00f3 pasar a planta permanente al personal precarizado. Si estas 20 a\u00f1os como contratado el problema lo tiene quien te emple\u00f3, no el trabajador&#8221;.<\/p>\n<p><strong>Jornada para la reparaci\u00f3n de murales en la UNC<\/strong><\/p>\n<p>La dirigente, con larga trayectoria como militante en organismos de DDHH, relat\u00f3 su participaci\u00f3n en la jornada de reparaci\u00f3n de murales de referentes de DDHH violentados con simbolog\u00eda nazi y fascista en la Ciudad Universitaria de la UNC.<\/p>\n<p>&#8220;Fuimos convocados como clase trabajadora para participar a la revalorizaci\u00f3n y reparaci\u00f3n de los murales de la universidad&#8221;, explic\u00f3.<\/p>\n<p>Y le achac\u00f3 a al gobierno de Milei generar un clima de intolerancia y negacionismo que genera condiciones para ese tipo de ataques. &#8220;Tenemos un gobierno negacionista, que niega los 30 mil desaparecidos, niega el genocidio de Estado que se cometi\u00f3, cosas que ya fueron juzgadas como genocidio. Volver a ponerlo en discusi\u00f3n es un retroceso enorme&#8221;, concluy\u00f3.<\/p>\n","protected":false},"excerpt":{"rendered":"<p>En el marco de la extrema precarizaci\u00f3n y los anuncios de futuros despidos en el Estado nacional, la \u00a0vocal del Consejo Directivo Provincial y delegada de Parques Nacionales, Mar\u00eda Llorens, brind\u00f3 una entrevista a un medio radial donde explic\u00f3 las condiciones que sufren las y los contratados durante el gobierno de Milei, as\u00ed como la [&hellip;]<\/p>\n","protected":false},"author":7,"featured_media":47690,"comment_status":"open","ping_status":"open","sticky":false,"template":"","format":"standard","meta":{"_exactmetrics_skip_tracking":false,"_exactmetrics_sitenote_active":false,"_exactmetrics_sitenote_note":"","_exactmetrics_sitenote_category":0,"jnews-multi-image_gallery":[],"jnews_single_post":{"format":"standard","override":[{"template":"1","parallax":"1","fullscreen":"1","layout":"no-sidebar-narrow","sidebar":"default-sidebar","second_sidebar":"default-sidebar","sticky_sidebar":"1","share_position":"bottom","share_float_style":"share-monocrhome","show_share_counter":"1","show_view_counter":"1","show_post_meta":"1","show_post_author_image":"1","show_post_date":"1","post_date_format":"default","post_date_format_custom":"Y\/m\/d","show_post_category":"1","show_post_reading_time":"0","post_reading_time_wpm":"300","post_calculate_word_method":"str_word_count","show_zoom_button":"0","zoom_button_out_step":"2","zoom_button_in_step":"3","show_post_tag":"1","number_popup_post":"1","show_post_related":"1","show_inline_post_related":"0"}],"image_override":[{"single_post_thumbnail_size":"crop-500","single_post_gallery_size":"crop-500"}],"trending_post_position":"meta","trending_post_label":"Trending","sponsored_post_label":"Sponsored by","disable_ad":"0"},"jnews_primary_category":[],"jnews_social_meta":[],"jnews_review":[],"enable_review":"","type":"percentage","name":"","summary":"","brand":"","sku":"","good":[],"bad":[],"score_override":"","override_value":"","rating":[],"price":[],"jnews_override_counter":{"view_counter_number":"0","share_counter_number":"0","like_counter_number":"0","dislike_counter_number":"0"},"jnews_post_split":{"post_split":[{"template":"1","tag":"h2","numbering":"asc","mode":"normal","first":"0","enable_toc":"0","toc_type":"normal"}]},"footnotes":""},"categories":[18],"tags":[],"class_list":["post-47686","post","type-post","status-publish","format-standard","has-post-thumbnail","hentry","category-nacionales"],"jetpack_featured_media_url":"https:\/\/atecordoba.org\/wp-content\/uploads\/2025\/02\/bandera-ATE-bs-as.jpg","_links":{"self":[{"href":"https:\/\/atecordoba.org\/index.php?rest_route=\/wp\/v2\/posts\/47686","targetHints":{"allow":["GET"]}}],"collection":[{"href":"https:\/\/atecordoba.org\/index.php?rest_route=\/wp\/v2\/posts"}],"about":[{"href":"https:\/\/atecordoba.org\/index.php?rest_route=\/wp\/v2\/types\/post"}],"author":[{"embeddable":true,"href":"https:\/\/atecordoba.org\/index.php?rest_route=\/wp\/v2\/users\/7"}],"replies":[{"embeddable":true,"href":"https:\/\/atecordoba.org\/index.php?rest_route=%2Fwp%2Fv2%2Fcomments&post=47686"}],"version-history":[{"count":1,"href":"https:\/\/atecordoba.org\/index.php?rest_route=\/wp\/v2\/posts\/47686\/revisions"}],"predecessor-version":[{"id":47691,"href":"https:\/\/atecordoba.org\/index.php?rest_route=\/wp\/v2\/posts\/47686\/revisions\/47691"}],"wp:featuredmedia":[{"embeddable":true,"href":"https:\/\/atecordoba.org\/index.php?rest_route=\/wp\/v2\/media\/47690"}],"wp:attachment":[{"href":"https:\/\/atecordoba.org\/index.php?rest_route=%2Fwp%2Fv2%2Fmedia&parent=47686"}],"wp:term":[{"taxonomy":"category","embeddable":true,"href":"https:\/\/atecordoba.org\/index.php?rest_route=%2Fwp%2Fv2%2Fcategories&post=47686"},{"taxonomy":"post_tag","embeddable":true,"href":"https:\/\/atecordoba.org\/index.php?rest_route=%2Fwp%2Fv2%2Ftags&post=47686"}],"curies":[{"name":"wp","href":"https:\/\/api.w.org\/{rel}","templated":true}]}}