{"id":47678,"date":"2025-02-20T10:45:39","date_gmt":"2025-02-20T13:45:39","guid":{"rendered":"https:\/\/atecordoba.org\/?p=47678"},"modified":"2025-02-20T10:46:22","modified_gmt":"2025-02-20T13:46:22","slug":"alerta-sobre-los-riesgos-en-la-seguridad-aerea-por-los-despidos-y-el-ajuste-en-la-anac","status":"publish","type":"post","link":"https:\/\/atecordoba.org\/?p=47678","title":{"rendered":"ATE alerta sobre los riesgos en la seguridad a\u00e9rea por los despidos y el ajuste en la ANAC"},"content":{"rendered":"<p><img loading=\"lazy\" decoding=\"async\" class=\"aligncenter wp-image-47680 \" src=\"https:\/\/atecordoba.org\/wp-content\/uploads\/2025\/02\/WhatsApp-Image-2020-11-05-at-11.16.12-1-1024x576.jpeg\" alt=\"\" width=\"634\" height=\"357\" srcset=\"https:\/\/atecordoba.org\/wp-content\/uploads\/2025\/02\/WhatsApp-Image-2020-11-05-at-11.16.12-1-1024x576.jpeg 1024w, https:\/\/atecordoba.org\/wp-content\/uploads\/2025\/02\/WhatsApp-Image-2020-11-05-at-11.16.12-1-300x169.jpeg 300w, https:\/\/atecordoba.org\/wp-content\/uploads\/2025\/02\/WhatsApp-Image-2020-11-05-at-11.16.12-1-768x432.jpeg 768w, https:\/\/atecordoba.org\/wp-content\/uploads\/2025\/02\/WhatsApp-Image-2020-11-05-at-11.16.12-1-750x422.jpeg 750w, https:\/\/atecordoba.org\/wp-content\/uploads\/2025\/02\/WhatsApp-Image-2020-11-05-at-11.16.12-1-1140x641.jpeg 1140w, https:\/\/atecordoba.org\/wp-content\/uploads\/2025\/02\/WhatsApp-Image-2020-11-05-at-11.16.12-1.jpeg 1280w\" sizes=\"auto, (max-width: 634px) 100vw, 634px\" \/>En medio del rechazo al ajuste que el gobierno nacional intenta realizar en la Administraci\u00f3n Nacional de Aviaci\u00f3n Civil (ANAC), los trabajadores de la entidad elaboraron un documento donde exponen los peligros de los recortes que pretenden hacer las autoridades. Bajo el t\u00edtulo de Evaluaci\u00f3n de riesgos en la seguridad operacional de la aviaci\u00f3n, este trabajo busca alertar sobre el impacto de cualquier reducci\u00f3n de personal o cambio de tareas en el trabajo diario de la ANAC, que debe garantizar la seguridad en la actividad. El documento ser\u00e1 presentado desde la semana que viene en distintas asambleas a los empleados y los interesados en conocer la situaci\u00f3n del sector.<\/p>\n<p>En ese marco, ayer se realiz\u00f3 una asamblea en el Aeropuerto C\u00f3rdoba, convocada por ATE ANAC. \u201cLa asamblea en la Regional Noroeste se llev\u00f3 a cabo en el marco del ajuste que impone el gobierno. En particular en la ANAC el 70% del organismo ser\u00e1 puesto a revisi\u00f3n y ya hay certeza de que los servicios que brinda el organismo pasar\u00e1n a ser prestados por la EANA que es una sociedad an\u00f3nima. Advertimos que el desmembramiento de la autoridad aeron\u00e1utica pone en serio riesgo la seguridad operacional de Argentina en materia de Aviaci\u00f3n. Por ello seguimos en estado de alerta y asambleas permanentes&#8221;, apunt\u00f3 Agustin Bertone, trabajador del \u00e1rea y secretario de Acci\u00f3n Social del Consejo Directivo Provincial.<\/p>\n<p><strong>Los riesgos del ajuste<\/strong><\/p>\n<p>El trabajo fue elaborado por especialistas del sector, a pedido de la coordinaci\u00f3n nacional e ATE en la ANAC, y es una descripci\u00f3n pormenorizada sobre los cambios que se quieren hacer y sus consecuencias. \u201cPonemos en visibilidad los riesgos que significa un ajuste en la ANAC en materia de seguridad \u00e1rea\u201d, destac\u00f3 Marcelo Belelli, referente nacional del gremio en la entidad, en di\u00e1logo con Data Gremial. En particular, Belleli se refiri\u00f3 a despidos que se est\u00e1n produciendo en el organismo, que \u201ctienen impacto en la seguridad a\u00e9rea y la operatividad de la entidad\u201d.<\/p>\n<p>Entre las conclusiones del documento, se destaca que \u201cla seguridad operacional de la aviaci\u00f3n depende directamente de la estabilidad y competencia del personal encargado de su supervisi\u00f3n\u201d. \u201cLa reducci\u00f3n de personal t\u00e9cnico no solo deteriora la capacidad del Estado para garantizar est\u00e1ndares adecuados, sino que introduce riesgos que ninguna medida correctiva puede eliminar por completo\u201d, afirmaron. Por eso, no es posible evitar \u201cel impacto negativo de los despidos en la vigilancia de la seguridad operacional, ya que la sobrecarga de trabajo, la p\u00e9rdida de conocimiento y la disminuci\u00f3n de la moral afectan inevitablemente la calidad de las tareas cr\u00edticas\u201d.<\/p>\n<p><img loading=\"lazy\" decoding=\"async\" class=\"aligncenter wp-image-47679 size-full\" src=\"https:\/\/atecordoba.org\/wp-content\/uploads\/2025\/02\/cuadro-anac.png\" alt=\"\" width=\"561\" height=\"440\" srcset=\"https:\/\/atecordoba.org\/wp-content\/uploads\/2025\/02\/cuadro-anac.png 561w, https:\/\/atecordoba.org\/wp-content\/uploads\/2025\/02\/cuadro-anac-300x235.png 300w\" sizes=\"auto, (max-width: 561px) 100vw, 561px\" \/><\/p>\n<p><strong>Responsabilidades<\/strong><\/p>\n<p>En el documento, los trabajadores de la ANAC recordaron \u201cla importancia del cumplimiento de los est\u00e1ndares internacionales en la aviaci\u00f3n\u201d, que es \u201cfundamental para garantizar la seguridad operacional, la eficiencia y la interoperabilidad con otros pa\u00edses\u201d. En este sentido, la ANAC, como organismo del Estado, \u201ctiene la responsabilidad de velar por el cumplimiento de la normativa nacional e internacional vigente\u201d. Por eso, consideraron que \u201cel despido del personal del organismo estatal encargado de la vigilancia de la seguridad operacional en Argentina representa un peligro significativo. La p\u00e9rdida de personal cualificado puede generar una degradaci\u00f3n en los niveles de seguridad, con consecuencias potencialmente catastr\u00f3ficas\u201d.<\/p>\n<p>Adem\u00e1s, la reducci\u00f3n de personal, ya sea por despidos o recortes en el organismo estatal encargado de realizar la vigilancia de la seguridad operacional de toda la aviaci\u00f3n en nuestro pa\u00eds, puede generar \u201cun peligro gen\u00e9rico para la seguridad operativa\u201d. Esto se debe a que \u201cafecta directamente la capacidad de la organizaci\u00f3n para mantener niveles adecuados de control, coordinaci\u00f3n y respuesta ante situaciones cr\u00edticas\u201d.<\/p>\n<p>Por eso, consideraron que \u201cen un entorno donde la seguridad a\u00e9rea no admite m\u00e1rgenes de error, la decisi\u00f3n de reducir personal t\u00e9cnico equivale a asumir riesgos que, en \u00faltima instancia, pueden traducirse en incidentes con consecuencias irreversibles\u201d. \u201cLa integridad del sistema de aviaci\u00f3n civil requiere reconocer que la estabilidad del recurso humano no es una variable opcional, sino una condici\u00f3n indispensable para la seguridad operacional. Sin inversi\u00f3n en capacitaci\u00f3n y sin estabilidad laboral, la seguridad operacional se ve gravemente amenazada, con consecuencias que pueden ser irreversibles para el sistema de aviaci\u00f3n en Argentina\u201d, agregaron.<\/p>\n<p><strong>Transferencia de tareas<\/strong><\/p>\n<p>Otro punto que toca este trabajo est\u00e1 vinculado al desgaste del personal t\u00e9cnico de seguridad operacional, que tiene \u201cun impacto directo en la seguridad de la aviaci\u00f3n\u201d. La fatiga, la sobrecarga de tareas y la inestabilidad laboral son algunos de las cuestiones que detectaron desde ATE-ANAC, que pueden afectar \u201cla atenci\u00f3n, la toma de decisiones y la capacidad de respuesta ante eventos cr\u00edticos\u201d.<\/p>\n<p>Este documento, alert\u00f3 el dirigente estatal, \u201cest\u00e1 atravesado por otro factor, que es la transferencia de funciones sin la garant\u00eda de los puestos de trabajo, lo que genera tensi\u00f3n en el sector, todas cuestiones que ata\u00f1en a la seguridad a\u00e9rea\u201d. \u201cLlamamos a la reflexi\u00f3n de todos, para que se interprete que todo trabajador que tiene que controlar un vuelo, que tiene que hacer tareas de sensibilidad, no puede estar en toda su capacidad profesional si se pone constantemente en cuestionamiento su trabajo o si debe preocuparse por el sost\u00e9n de su familia. mes a mes, como est\u00e1 pasando\u201d, resalt\u00f3 Belelli.<\/p>\n","protected":false},"excerpt":{"rendered":"<p>En medio del rechazo al ajuste que el gobierno nacional intenta realizar en la Administraci\u00f3n Nacional de Aviaci\u00f3n Civil (ANAC), los trabajadores de la entidad elaboraron un documento donde exponen los peligros de los recortes que pretenden hacer las autoridades. Bajo el t\u00edtulo de Evaluaci\u00f3n de riesgos en la seguridad operacional de la aviaci\u00f3n, este [&hellip;]<\/p>\n","protected":false},"author":7,"featured_media":47682,"comment_status":"open","ping_status":"open","sticky":false,"template":"","format":"standard","meta":{"_exactmetrics_skip_tracking":false,"_exactmetrics_sitenote_active":false,"_exactmetrics_sitenote_note":"","_exactmetrics_sitenote_category":0,"jnews-multi-image_gallery":[],"jnews_single_post":{"format":"standard","override":[{"template":"1","parallax":"1","fullscreen":"1","layout":"no-sidebar-narrow","sidebar":"default-sidebar","second_sidebar":"default-sidebar","sticky_sidebar":"1","share_position":"bottom","share_float_style":"share-monocrhome","show_share_counter":"1","show_view_counter":"1","show_post_meta":"1","show_post_author_image":"1","show_post_date":"1","post_date_format":"default","post_date_format_custom":"Y\/m\/d","show_post_category":"1","show_post_reading_time":"0","post_reading_time_wpm":"300","post_calculate_word_method":"str_word_count","show_zoom_button":"0","zoom_button_out_step":"2","zoom_button_in_step":"3","show_post_tag":"1","number_popup_post":"1","show_post_related":"1","show_inline_post_related":"0"}],"image_override":[{"single_post_thumbnail_size":"crop-500","single_post_gallery_size":"crop-500"}],"trending_post_position":"meta","trending_post_label":"Trending","sponsored_post_label":"Sponsored by","disable_ad":"0"},"jnews_primary_category":[],"jnews_social_meta":[],"jnews_review":[],"enable_review":"","type":"percentage","name":"","summary":"","brand":"","sku":"","good":[],"bad":[],"score_override":"","override_value":"","rating":[],"price":[],"jnews_override_counter":{"view_counter_number":"0","share_counter_number":"0","like_counter_number":"0","dislike_counter_number":"0"},"jnews_post_split":{"post_split":[{"template":"1","tag":"h2","numbering":"asc","mode":"normal","first":"0","enable_toc":"0","toc_type":"normal"}]},"footnotes":""},"categories":[18],"tags":[565,33,1268,1479],"class_list":["post-47678","post","type-post","status-publish","format-standard","has-post-thumbnail","hentry","category-nacionales","tag-aeropuerto-cordoba","tag-anac","tag-anac-cordoba","tag-ate-anac"],"jetpack_featured_media_url":"https:\/\/atecordoba.org\/wp-content\/uploads\/2025\/02\/anac-chata-1-e1740057987247.webp","_links":{"self":[{"href":"https:\/\/atecordoba.org\/index.php?rest_route=\/wp\/v2\/posts\/47678","targetHints":{"allow":["GET"]}}],"collection":[{"href":"https:\/\/atecordoba.org\/index.php?rest_route=\/wp\/v2\/posts"}],"about":[{"href":"https:\/\/atecordoba.org\/index.php?rest_route=\/wp\/v2\/types\/post"}],"author":[{"embeddable":true,"href":"https:\/\/atecordoba.org\/index.php?rest_route=\/wp\/v2\/users\/7"}],"replies":[{"embeddable":true,"href":"https:\/\/atecordoba.org\/index.php?rest_route=%2Fwp%2Fv2%2Fcomments&post=47678"}],"version-history":[{"count":2,"href":"https:\/\/atecordoba.org\/index.php?rest_route=\/wp\/v2\/posts\/47678\/revisions"}],"predecessor-version":[{"id":47684,"href":"https:\/\/atecordoba.org\/index.php?rest_route=\/wp\/v2\/posts\/47678\/revisions\/47684"}],"wp:featuredmedia":[{"embeddable":true,"href":"https:\/\/atecordoba.org\/index.php?rest_route=\/wp\/v2\/media\/47682"}],"wp:attachment":[{"href":"https:\/\/atecordoba.org\/index.php?rest_route=%2Fwp%2Fv2%2Fmedia&parent=47678"}],"wp:term":[{"taxonomy":"category","embeddable":true,"href":"https:\/\/atecordoba.org\/index.php?rest_route=%2Fwp%2Fv2%2Fcategories&post=47678"},{"taxonomy":"post_tag","embeddable":true,"href":"https:\/\/atecordoba.org\/index.php?rest_route=%2Fwp%2Fv2%2Ftags&post=47678"}],"curies":[{"name":"wp","href":"https:\/\/api.w.org\/{rel}","templated":true}]}}