{"id":47669,"date":"2025-02-19T14:26:14","date_gmt":"2025-02-19T17:26:14","guid":{"rendered":"https:\/\/atecordoba.org\/?p=47669"},"modified":"2025-02-19T14:28:41","modified_gmt":"2025-02-19T17:28:41","slug":"asamblea-de-conicet-el-menor-presupuesto-de-la-historia","status":"publish","type":"post","link":"https:\/\/atecordoba.org\/?p=47669","title":{"rendered":"Asamblea de CONICET: &#8220;el menor presupuesto de la historia&#8221;"},"content":{"rendered":"<p><img loading=\"lazy\" decoding=\"async\" class=\"aligncenter wp-image-47670 \" src=\"https:\/\/atecordoba.org\/wp-content\/uploads\/2025\/02\/WhatsApp-Image-2025-02-19-at-11.22.16-AM-1024x769.jpeg\" alt=\"\" width=\"630\" height=\"473\" srcset=\"https:\/\/atecordoba.org\/wp-content\/uploads\/2025\/02\/WhatsApp-Image-2025-02-19-at-11.22.16-AM-1024x769.jpeg 1024w, https:\/\/atecordoba.org\/wp-content\/uploads\/2025\/02\/WhatsApp-Image-2025-02-19-at-11.22.16-AM-300x225.jpeg 300w, https:\/\/atecordoba.org\/wp-content\/uploads\/2025\/02\/WhatsApp-Image-2025-02-19-at-11.22.16-AM-768x577.jpeg 768w, https:\/\/atecordoba.org\/wp-content\/uploads\/2025\/02\/WhatsApp-Image-2025-02-19-at-11.22.16-AM-1536x1153.jpeg 1536w, https:\/\/atecordoba.org\/wp-content\/uploads\/2025\/02\/WhatsApp-Image-2025-02-19-at-11.22.16-AM-2048x1537.jpeg 2048w, https:\/\/atecordoba.org\/wp-content\/uploads\/2025\/02\/WhatsApp-Image-2025-02-19-at-11.22.16-AM-750x563.jpeg 750w, https:\/\/atecordoba.org\/wp-content\/uploads\/2025\/02\/WhatsApp-Image-2025-02-19-at-11.22.16-AM-1140x856.jpeg 1140w\" sizes=\"auto, (max-width: 630px) 100vw, 630px\" \/>Frente a la reuni\u00f3n que realiza hoy el presidente de CONICET, Daniel Salamone, y el directorio del organismo cient\u00edfico, la Junta Interna de ATE CONICET C\u00f3rdoba y el cuerpo de delegadas y delegados del sector realizaron una asamblea en las escalinatas de la Facultad de Ciencias Exactas de la UNC para hacer p\u00fablico, una vez m\u00e1s, la grav\u00edsima situaci\u00f3n del \u00e1rea.<\/p>\n<p>La medida de fuerza, que cont\u00f3 con la participaci\u00f3n del secretario Gremial de ATE C\u00f3rdoba Jorge Chalup, se replic\u00f3 en diversas ciudades del pa\u00eds y expresa el plan de lucha que las y los estatales del sector cient\u00edfico-t\u00e9cnico llevan adelante en repudio a las pol\u00edticas que impone el gobierno de Javier Milei.<\/p>\n<div id='gallery_1' class='gallery galleryid-47669 gallery-columns-3 gallery-size-thumbnail'><figure class='gallery-item'>\n                <div class='gallery-icon landscape'>\n                    <a href='https:\/\/atecordoba.org\/wp-content\/uploads\/2025\/02\/WhatsApp-Image-2025-02-19-at-12.05.48-PM-1-scaled.jpeg'><img loading=\"lazy\" decoding=\"async\" width=\"150\" height=\"150\" src=\"\" class=\"attachment-thumbnail size-thumbnail lazyload\" alt=\"\" data-src=\"https:\/\/atecordoba.org\/wp-content\/uploads\/2025\/02\/WhatsApp-Image-2025-02-19-at-12.05.48-PM-1-150x150.jpeg\" data-sizes=\"auto\" data-srcset=\"https:\/\/atecordoba.org\/wp-content\/uploads\/2025\/02\/WhatsApp-Image-2025-02-19-at-12.05.48-PM-1-150x150.jpeg 150w, https:\/\/atecordoba.org\/wp-content\/uploads\/2025\/02\/WhatsApp-Image-2025-02-19-at-12.05.48-PM-1-560x560.jpeg 560w, https:\/\/atecordoba.org\/wp-content\/uploads\/2025\/02\/WhatsApp-Image-2025-02-19-at-12.05.48-PM-1-75x75.jpeg 75w, https:\/\/atecordoba.org\/wp-content\/uploads\/2025\/02\/WhatsApp-Image-2025-02-19-at-12.05.48-PM-1-350x350.jpeg 350w\" data-expand=\"700\" \/><\/a>\n                <\/div><\/figure><figure class='gallery-item'>\n                <div class='gallery-icon landscape'>\n                    <a href='https:\/\/atecordoba.org\/wp-content\/uploads\/2025\/02\/WhatsApp-Image-2025-02-19-at-12.05.47-PM-scaled.jpeg'><img loading=\"lazy\" decoding=\"async\" width=\"150\" height=\"150\" src=\"\" class=\"attachment-thumbnail size-thumbnail lazyload\" alt=\"\" data-src=\"https:\/\/atecordoba.org\/wp-content\/uploads\/2025\/02\/WhatsApp-Image-2025-02-19-at-12.05.47-PM-150x150.jpeg\" data-sizes=\"auto\" data-srcset=\"https:\/\/atecordoba.org\/wp-content\/uploads\/2025\/02\/WhatsApp-Image-2025-02-19-at-12.05.47-PM-150x150.jpeg 150w, https:\/\/atecordoba.org\/wp-content\/uploads\/2025\/02\/WhatsApp-Image-2025-02-19-at-12.05.47-PM-560x560.jpeg 560w, https:\/\/atecordoba.org\/wp-content\/uploads\/2025\/02\/WhatsApp-Image-2025-02-19-at-12.05.47-PM-75x75.jpeg 75w, https:\/\/atecordoba.org\/wp-content\/uploads\/2025\/02\/WhatsApp-Image-2025-02-19-at-12.05.47-PM-350x350.jpeg 350w\" data-expand=\"700\" \/><\/a>\n                <\/div><\/figure><figure class='gallery-item'>\n                <div class='gallery-icon portrait'>\n                    <a href='https:\/\/atecordoba.org\/wp-content\/uploads\/2025\/02\/WhatsApp-Image-2025-02-19-at-11.12.51-AM-2-scaled.jpeg'><img loading=\"lazy\" decoding=\"async\" width=\"150\" height=\"150\" src=\"\" class=\"attachment-thumbnail size-thumbnail lazyload\" alt=\"\" data-src=\"https:\/\/atecordoba.org\/wp-content\/uploads\/2025\/02\/WhatsApp-Image-2025-02-19-at-11.12.51-AM-2-150x150.jpeg\" data-sizes=\"auto\" data-srcset=\"https:\/\/atecordoba.org\/wp-content\/uploads\/2025\/02\/WhatsApp-Image-2025-02-19-at-11.12.51-AM-2-150x150.jpeg 150w, https:\/\/atecordoba.org\/wp-content\/uploads\/2025\/02\/WhatsApp-Image-2025-02-19-at-11.12.51-AM-2-560x560.jpeg 560w, https:\/\/atecordoba.org\/wp-content\/uploads\/2025\/02\/WhatsApp-Image-2025-02-19-at-11.12.51-AM-2-75x75.jpeg 75w, https:\/\/atecordoba.org\/wp-content\/uploads\/2025\/02\/WhatsApp-Image-2025-02-19-at-11.12.51-AM-2-350x350.jpeg 350w\" data-expand=\"700\" \/><\/a>\n                <\/div><\/figure><br style=\"clear: both\" \/>\n            <\/div>\n\n<p>En tal sentido, el presidente de la Junta Interna, Santiago Ben\u00edtez, afirm\u00f3 que las autoridades de CONICET &#8220;hasta ahora solo ejecutaron el ajuste del Gobierno Nacional y en ese marco, en distintos puntos del pa\u00eds, nos estamos manifestando para hacer p\u00fablico que estamos en una situaci\u00f3n cr\u00edtica, con el menor presupuesto de la historia del organismo&#8221;.<\/p>\n<p>El dirigente asegur\u00f3 adem\u00e1s que &#8220;sufrimos salarios con una p\u00e9rdida enorme de poder adquisitivo, ubic\u00e1ndolos al nivel de 2004&#8221;.<\/p>\n<p>La actividad apunt\u00f3 tambi\u00e9n a denunciar la situaci\u00f3n de la Agencia de Investigaci\u00f3n, Desarrollo e Innovaci\u00f3n (I+D+I), principal fuente de financiamiento de las investigaciones que se realizan en CONICET y cuyo dinero proveniente de fondos internacionales y no del presupuesto nacional no aparece. &#8220;Son 53 millones de d\u00f3lares que se esfumaron el a\u00f1o pasado lo que redunda en que no hay financiamiento para trabajar y que los y las becarias de la Agencia est\u00e9n viviendo una situaci\u00f3n cr\u00edtica&#8221;, dijo Ben\u00edtez.<\/p>\n<p>&#8220;Por eso estuvimos en la esquina de la Facultad de Ciencias Exactas para dialogar con la gente que pasaba e intervenir con carteles y pancartas, contando la situaci\u00f3n que nos toca atravesar&#8221;, concluy\u00f3.<\/p>\n<div id='gallery_2' class='gallery galleryid-47669 gallery-columns-2 gallery-size-thumbnail'><figure class='gallery-item'>\n                <div class='gallery-icon landscape'>\n                    <a href='https:\/\/atecordoba.org\/wp-content\/uploads\/2025\/02\/WhatsApp-Image-2025-02-19-at-11.12.51-AM-scaled-e1739986035500.jpeg'><img loading=\"lazy\" decoding=\"async\" width=\"150\" height=\"150\" src=\"\" class=\"attachment-thumbnail size-thumbnail lazyload\" alt=\"\" data-src=\"https:\/\/atecordoba.org\/wp-content\/uploads\/2025\/02\/WhatsApp-Image-2025-02-19-at-11.12.51-AM-scaled-e1739986035500-150x150.jpeg\" data-sizes=\"auto\" data-srcset=\"https:\/\/atecordoba.org\/wp-content\/uploads\/2025\/02\/WhatsApp-Image-2025-02-19-at-11.12.51-AM-scaled-e1739986035500-150x150.jpeg 150w, https:\/\/atecordoba.org\/wp-content\/uploads\/2025\/02\/WhatsApp-Image-2025-02-19-at-11.12.51-AM-scaled-e1739986035500-75x75.jpeg 75w\" data-expand=\"700\" \/><\/a>\n                <\/div><\/figure><figure class='gallery-item'>\n                <div class='gallery-icon landscape'>\n                    <a href='https:\/\/atecordoba.org\/wp-content\/uploads\/2025\/02\/WhatsApp-Image-2025-02-19-at-12.05.48-PM-scaled-e1739986115638.jpeg'><img loading=\"lazy\" decoding=\"async\" width=\"150\" height=\"150\" src=\"\" class=\"attachment-thumbnail size-thumbnail lazyload\" alt=\"\" data-src=\"https:\/\/atecordoba.org\/wp-content\/uploads\/2025\/02\/WhatsApp-Image-2025-02-19-at-12.05.48-PM-150x150.jpeg\" data-sizes=\"auto\" data-srcset=\"https:\/\/atecordoba.org\/wp-content\/uploads\/2025\/02\/WhatsApp-Image-2025-02-19-at-12.05.48-PM-150x150.jpeg 150w, https:\/\/atecordoba.org\/wp-content\/uploads\/2025\/02\/WhatsApp-Image-2025-02-19-at-12.05.48-PM-560x560.jpeg 560w, https:\/\/atecordoba.org\/wp-content\/uploads\/2025\/02\/WhatsApp-Image-2025-02-19-at-12.05.48-PM-75x75.jpeg 75w, https:\/\/atecordoba.org\/wp-content\/uploads\/2025\/02\/WhatsApp-Image-2025-02-19-at-12.05.48-PM-350x350.jpeg 350w\" data-expand=\"700\" \/><\/a>\n                <\/div><\/figure><br style=\"clear: both\" \/>\n            <\/div>\n\n<p><strong>ATE CONICET denuncia:\u00a0<\/strong><\/p>\n<p>\u274c\ufe0fInsuficiente cantidad de becas de finalizaci\u00f3n<\/p>\n<p>\u274c\ufe0fDespidos de becarixs de Agencia, congelamiento de estipendios,\u00a0 suspensi\u00f3n de pago de PICT. #d\u00f3ndeest\u00e1nlosfondos<\/p>\n<p>\u274c\ufe0fPrecarizaci\u00f3n y despidos de trabajadorxs administrativxs<\/p>\n<p>\u274c\ufe0fParalizaci\u00f3n de ingreso a CIC y CPA<\/p>\n<p>\u274c\ufe0fP\u00e9rdida de poder adquisitivo<\/p>\n<p>\u274c\ufe0fDesfinanciamiento de la ciencia<\/p>\n<p>\u274c\ufe0fEn contra de la persecuci\u00f3n ideol\u00f3gica !<\/p>\n","protected":false},"excerpt":{"rendered":"<p>Frente a la reuni\u00f3n que realiza hoy el presidente de CONICET, Daniel Salamone, y el directorio del organismo cient\u00edfico, la Junta Interna de ATE CONICET C\u00f3rdoba y el cuerpo de delegadas y delegados del sector realizaron una asamblea en las escalinatas de la Facultad de Ciencias Exactas de la UNC para hacer p\u00fablico, una vez [&hellip;]<\/p>\n","protected":false},"author":7,"featured_media":47675,"comment_status":"open","ping_status":"open","sticky":false,"template":"","format":"standard","meta":{"_exactmetrics_skip_tracking":false,"_exactmetrics_sitenote_active":false,"_exactmetrics_sitenote_note":"","_exactmetrics_sitenote_category":0,"jnews-multi-image_gallery":[],"jnews_single_post":{"format":"standard","override":[{"template":"1","parallax":"1","fullscreen":"1","layout":"no-sidebar-narrow","sidebar":"default-sidebar","second_sidebar":"default-sidebar","sticky_sidebar":"1","share_position":"bottom","share_float_style":"share-monocrhome","show_share_counter":"1","show_view_counter":"1","show_post_meta":"1","show_post_author_image":"1","show_post_date":"1","post_date_format":"default","post_date_format_custom":"Y\/m\/d","show_post_category":"1","show_post_reading_time":"0","post_reading_time_wpm":"300","post_calculate_word_method":"str_word_count","show_zoom_button":"0","zoom_button_out_step":"2","zoom_button_in_step":"3","show_post_tag":"1","number_popup_post":"1","show_post_related":"1","show_inline_post_related":"0"}],"image_override":[{"single_post_thumbnail_size":"crop-500","single_post_gallery_size":"crop-500"}],"trending_post_position":"meta","trending_post_label":"Trending","sponsored_post_label":"Sponsored by","disable_ad":"0"},"jnews_primary_category":[],"jnews_social_meta":[],"jnews_review":[],"enable_review":"","type":"percentage","name":"","summary":"","brand":"","sku":"","good":[],"bad":[],"score_override":"","override_value":"","rating":[],"price":[],"jnews_override_counter":{"view_counter_number":"0","share_counter_number":"0","like_counter_number":"0","dislike_counter_number":"0"},"jnews_post_split":{"post_split":[{"template":"1","tag":"h2","numbering":"asc","mode":"normal","first":"0","enable_toc":"0","toc_type":"normal"}]},"footnotes":""},"categories":[18],"tags":[1452,61],"class_list":["post-47669","post","type-post","status-publish","format-standard","has-post-thumbnail","hentry","category-nacionales","tag-ate-conicet-cordoba","tag-conicet"],"jetpack_featured_media_url":"https:\/\/atecordoba.org\/wp-content\/uploads\/2025\/02\/WhatsApp-Image-2025-02-19-at-12.05.48-PM-scaled-e1739986115638.jpeg","_links":{"self":[{"href":"https:\/\/atecordoba.org\/index.php?rest_route=\/wp\/v2\/posts\/47669","targetHints":{"allow":["GET"]}}],"collection":[{"href":"https:\/\/atecordoba.org\/index.php?rest_route=\/wp\/v2\/posts"}],"about":[{"href":"https:\/\/atecordoba.org\/index.php?rest_route=\/wp\/v2\/types\/post"}],"author":[{"embeddable":true,"href":"https:\/\/atecordoba.org\/index.php?rest_route=\/wp\/v2\/users\/7"}],"replies":[{"embeddable":true,"href":"https:\/\/atecordoba.org\/index.php?rest_route=%2Fwp%2Fv2%2Fcomments&post=47669"}],"version-history":[{"count":1,"href":"https:\/\/atecordoba.org\/index.php?rest_route=\/wp\/v2\/posts\/47669\/revisions"}],"predecessor-version":[{"id":47676,"href":"https:\/\/atecordoba.org\/index.php?rest_route=\/wp\/v2\/posts\/47669\/revisions\/47676"}],"wp:featuredmedia":[{"embeddable":true,"href":"https:\/\/atecordoba.org\/index.php?rest_route=\/wp\/v2\/media\/47675"}],"wp:attachment":[{"href":"https:\/\/atecordoba.org\/index.php?rest_route=%2Fwp%2Fv2%2Fmedia&parent=47669"}],"wp:term":[{"taxonomy":"category","embeddable":true,"href":"https:\/\/atecordoba.org\/index.php?rest_route=%2Fwp%2Fv2%2Fcategories&post=47669"},{"taxonomy":"post_tag","embeddable":true,"href":"https:\/\/atecordoba.org\/index.php?rest_route=%2Fwp%2Fv2%2Ftags&post=47669"}],"curies":[{"name":"wp","href":"https:\/\/api.w.org\/{rel}","templated":true}]}}