{"id":47650,"date":"2025-02-18T14:41:25","date_gmt":"2025-02-18T17:41:25","guid":{"rendered":"https:\/\/atecordoba.org\/?p=47650"},"modified":"2025-02-18T14:41:25","modified_gmt":"2025-02-18T17:41:25","slug":"convenio-colectivo-de-trabajo-de-fabricaciones-militares","status":"publish","type":"post","link":"https:\/\/atecordoba.org\/?p=47650","title":{"rendered":"Convenio Colectivo de Trabajo de Fabricaciones Militares"},"content":{"rendered":"<p>Como parte del ejercicio de representaci\u00f3n de las y los trabajadores de la Direcci\u00f3n General de Fabricaciones Militares, atento a que dos de sus plantas productivos integradas por cientos de compa\u00f1eros en Villa Mar\u00eda y R\u00edo Tercero, el Consejo Directivo Provincial facilita el Convenio Colectivo de Trabajo sectorial, homologado a trav\u00e9s del decreto presidencial 644\/2023.<\/p>\n<a href=\"https:\/\/atecordoba.org\/wp-content\/uploads\/2025\/02\/CCT-FABRICACIONES-MILITARES-1.pdf\" class=\"pdfemb-viewer\" style=\"\" data-width=\"max\" data-height=\"max\" data-toolbar=\"bottom\" data-toolbar-fixed=\"off\">CCT FABRICACIONES MILITARES (1)<\/a>\n<a href=\"https:\/\/atecordoba.org\/wp-content\/uploads\/2025\/02\/dec644apn_1-393992-1.pdf\" class=\"pdfemb-viewer\" style=\"\" data-width=\"max\" data-height=\"max\" data-toolbar=\"bottom\" data-toolbar-fixed=\"off\">dec644apn_1-393992 (1)<\/a>\n<a href=\"https:\/\/atecordoba.org\/wp-content\/uploads\/2025\/02\/dec644apn_2-393992.pdf\" class=\"pdfemb-viewer\" style=\"\" data-width=\"max\" data-height=\"max\" data-toolbar=\"bottom\" data-toolbar-fixed=\"off\">dec644apn_2-393992<\/a>\n<a href=\"https:\/\/atecordoba.org\/wp-content\/uploads\/2025\/02\/dec644apn_3-393992.pdf\" class=\"pdfemb-viewer\" style=\"\" data-width=\"max\" data-height=\"max\" data-toolbar=\"bottom\" data-toolbar-fixed=\"off\">dec644apn_3-393992<\/a>\n","protected":false},"excerpt":{"rendered":"<p>Como parte del ejercicio de representaci\u00f3n de las y los trabajadores de la Direcci\u00f3n General de Fabricaciones Militares, atento a que dos de sus plantas productivos integradas por cientos de compa\u00f1eros en Villa Mar\u00eda y R\u00edo Tercero, el Consejo Directivo Provincial facilita el Convenio Colectivo de Trabajo sectorial, homologado a trav\u00e9s del decreto presidencial 644\/2023.<\/p>\n","protected":false},"author":7,"featured_media":47655,"comment_status":"open","ping_status":"open","sticky":false,"template":"","format":"standard","meta":{"_exactmetrics_skip_tracking":false,"_exactmetrics_sitenote_active":false,"_exactmetrics_sitenote_note":"","_exactmetrics_sitenote_category":0,"jnews-multi-image_gallery":[],"jnews_single_post":{"format":"standard","override":[{"template":"1","parallax":"1","fullscreen":"1","layout":"no-sidebar-narrow","sidebar":"default-sidebar","second_sidebar":"default-sidebar","sticky_sidebar":"1","share_position":"bottom","share_float_style":"share-monocrhome","show_share_counter":"1","show_view_counter":"1","show_post_meta":"1","show_post_author_image":"1","show_post_date":"1","post_date_format":"default","post_date_format_custom":"Y\/m\/d","show_post_category":"1","show_post_reading_time":"0","post_reading_time_wpm":"300","post_calculate_word_method":"str_word_count","show_zoom_button":"0","zoom_button_out_step":"2","zoom_button_in_step":"3","show_post_tag":"1","number_popup_post":"1","show_post_related":"1","show_inline_post_related":"0"}],"image_override":[{"single_post_thumbnail_size":"crop-500","single_post_gallery_size":"crop-500"}],"trending_post_position":"meta","trending_post_label":"Trending","sponsored_post_label":"Sponsored by","disable_ad":"0"},"jnews_primary_category":[],"jnews_social_meta":[],"jnews_review":[],"enable_review":"","type":"percentage","name":"","summary":"","brand":"","sku":"","good":[],"bad":[],"score_override":"","override_value":"","rating":[],"price":[],"jnews_override_counter":{"view_counter_number":"0","share_counter_number":"0","like_counter_number":"0","dislike_counter_number":"0"},"jnews_post_split":{"post_split":[{"template":"1","tag":"h2","numbering":"asc","mode":"normal","first":"0","enable_toc":"0","toc_type":"normal"}]},"footnotes":""},"categories":[84],"tags":[],"class_list":["post-47650","post","type-post","status-publish","format-standard","has-post-thumbnail","hentry","category-documentacion-nacional"],"jetpack_featured_media_url":"https:\/\/atecordoba.org\/wp-content\/uploads\/2025\/02\/CCT-FFMM-e1739900480706.png","_links":{"self":[{"href":"https:\/\/atecordoba.org\/index.php?rest_route=\/wp\/v2\/posts\/47650","targetHints":{"allow":["GET"]}}],"collection":[{"href":"https:\/\/atecordoba.org\/index.php?rest_route=\/wp\/v2\/posts"}],"about":[{"href":"https:\/\/atecordoba.org\/index.php?rest_route=\/wp\/v2\/types\/post"}],"author":[{"embeddable":true,"href":"https:\/\/atecordoba.org\/index.php?rest_route=\/wp\/v2\/users\/7"}],"replies":[{"embeddable":true,"href":"https:\/\/atecordoba.org\/index.php?rest_route=%2Fwp%2Fv2%2Fcomments&post=47650"}],"version-history":[{"count":1,"href":"https:\/\/atecordoba.org\/index.php?rest_route=\/wp\/v2\/posts\/47650\/revisions"}],"predecessor-version":[{"id":47656,"href":"https:\/\/atecordoba.org\/index.php?rest_route=\/wp\/v2\/posts\/47650\/revisions\/47656"}],"wp:featuredmedia":[{"embeddable":true,"href":"https:\/\/atecordoba.org\/index.php?rest_route=\/wp\/v2\/media\/47655"}],"wp:attachment":[{"href":"https:\/\/atecordoba.org\/index.php?rest_route=%2Fwp%2Fv2%2Fmedia&parent=47650"}],"wp:term":[{"taxonomy":"category","embeddable":true,"href":"https:\/\/atecordoba.org\/index.php?rest_route=%2Fwp%2Fv2%2Fcategories&post=47650"},{"taxonomy":"post_tag","embeddable":true,"href":"https:\/\/atecordoba.org\/index.php?rest_route=%2Fwp%2Fv2%2Ftags&post=47650"}],"curies":[{"name":"wp","href":"https:\/\/api.w.org\/{rel}","templated":true}]}}