{"id":47644,"date":"2025-02-17T12:39:56","date_gmt":"2025-02-17T15:39:56","guid":{"rendered":"https:\/\/atecordoba.org\/?p=47644"},"modified":"2025-02-17T12:39:56","modified_gmt":"2025-02-17T15:39:56","slug":"informe-de-la-ctaa-analiza-el-impacto-de-la-politica-de-ingreso-de-milei-en-el-mercado-de-trabajo","status":"publish","type":"post","link":"https:\/\/atecordoba.org\/?p=47644","title":{"rendered":"Informe de la CTAA analiza el impacto de la pol\u00edtica de ingreso de Milei en el Mercado de Trabajo"},"content":{"rendered":"<p><img loading=\"lazy\" decoding=\"async\" class=\"aligncenter wp-image-47645 \" src=\"https:\/\/atecordoba.org\/wp-content\/uploads\/2025\/02\/caidasalarios.webp\" alt=\"\" width=\"620\" height=\"465\" \/>Un estudio del Instituto de Estudios y Formaci\u00f3n de la Central (IEF_CTAA) se\u00f1ala las contradicciones entre el objetivo declamado de La Libertad Avanza (LLA) de promover el empleo asalariado registrado, con el resultado negativo en la evoluci\u00f3n de ingresos del Salario M\u00ednimo, Vital y M\u00f3vil y en las pol\u00edticas sociales como la Asignaci\u00f3n Familiar contributiva o la Asignaci\u00f3n Universal por Hijo y la Prestaci\u00f3n Alimentar, entre otros indicadores.<\/p>\n<p>En el informe, realizado por Noem\u00ed Giosa Zuaz\u00faa y Claudio Lozano, se analiza algunas de las tendencias de la pol\u00edtica social y de ingresos del gobierno de LLA y sus posibles impactos en el mercado de trabajo, evaluando en qu\u00e9 medida se orientan al objetivo declamado de promover el empleo asalariado registrado.<\/p>\n<p>Las pol\u00edticas sociales de transferencias de ingresos a las personas, como la Asignaci\u00f3n Familiar contributiva (AAFF) o la Asignaci\u00f3n Universal por Hijo (AUH) y la Prestaci\u00f3n Alimentar (PA), ambas no contributivas, y la pol\u00edtica de ingreso laboral dirigida a la base del mercado de trabajo como el Salario M\u00ednimo, Vital y M\u00f3vil (SMVM) comparten la caracter\u00edstica de estar ancladas a alguna condici\u00f3n laboral de la poblaci\u00f3n objetivo, y al hecho de dirigirse mayoritariamente a la poblaci\u00f3n que se ubica en el segmento inferior de la escala de ingresos.<\/p>\n<p>La AAFF es la instituci\u00f3n que regula el derecho de un ingreso para los menores de 18 a\u00f1os a cargo de progenitores asalariados registrados con ingresos hasta determinado nivel; la AUH tiene el mismo objetivo para los menores de 18 a\u00f1os cuyos progenitores tienen empleos asalariados no registrados, de cuenta propia de bajo ingreso, desocupados, o empleadas de casas particulares; la PA va dirigida a este \u00faltimo segmento, y el SMVM es la instituci\u00f3n laboral que regula el umbral m\u00ednimo de ingreso que debe cobrar una persona en relaci\u00f3n de dependencia registrada sin cargas de familia en su jornada legal de trabajo.<\/p>\n<p>Por sus caracter\u00edsticas de ingresos vinculados a alguna condici\u00f3n laboral de las personas trabajadoras, las pol\u00edticas tienen impacto en lo que sucede en el mercado de trabajo y en este sentido su dise\u00f1o puede promover el empleo asalariado registrado, pero tambi\u00e9n promover el no registro. Aquello que la literatura especializada denomina \u201ctrampas\u201d que se supone que aparecen en perceptores de prestaciones condicionadas, al rechazar un empleo registrado para no perder el beneficio, est\u00e1 siempre latente.<img loading=\"lazy\" decoding=\"async\" class=\"alignright wp-image-47646 \" src=\"https:\/\/atecordoba.org\/wp-content\/uploads\/2025\/02\/fila-trabajo-1024x576.jpg\" alt=\"\" width=\"482\" height=\"271\" srcset=\"https:\/\/atecordoba.org\/wp-content\/uploads\/2025\/02\/fila-trabajo-1024x576.jpg 1024w, https:\/\/atecordoba.org\/wp-content\/uploads\/2025\/02\/fila-trabajo-300x169.jpg 300w, https:\/\/atecordoba.org\/wp-content\/uploads\/2025\/02\/fila-trabajo-768x432.jpg 768w, https:\/\/atecordoba.org\/wp-content\/uploads\/2025\/02\/fila-trabajo-750x422.jpg 750w, https:\/\/atecordoba.org\/wp-content\/uploads\/2025\/02\/fila-trabajo-1140x641.jpg 1140w, https:\/\/atecordoba.org\/wp-content\/uploads\/2025\/02\/fila-trabajo.jpg 1200w\" sizes=\"auto, (max-width: 482px) 100vw, 482px\" \/><\/p>\n<p>El an\u00e1lisis mayormente se realiza desde las actitudes y decisiones de las personas trabajadoras como consecuencia de las caracter\u00edsticas de la pol\u00edtica, por ejemplo la \u201ctrampa del desempleo\u201d que aparecer\u00eda cuando la pol\u00edtica platea que solo las personas desempleadas tienen derecho a recibir la prestaci\u00f3n monetaria, promoviendo que no acepten un empleo registrado para no perderla. El an\u00e1lisis acad\u00e9mico no se dedica con el mismo \u00e9nfasis a analizar las \u201ctrampas\u201d que puedan provenir de la parte empleadora que finalmente es qui\u00e9n toma la decisi\u00f3n de la forma de contrataci\u00f3n, y que puede estar determinada por pol\u00edticas que promueven el no registro, si por ejemplo dan la posibilidad de pagar un ingreso en condiciones de no registro que resulte mayor para el trabajador y menor para el empleador que el que pagar\u00eda registrando la relaci\u00f3n laboral.<\/p>\n<p>En s\u00edntesis, las caracter\u00edsticas de las pol\u00edticas sociales y laborales que suponen ingresos vinculados al trabajo mercantil, no son neutrales y pueden tener efectos no deseados. Volviendo a las prestaciones y pol\u00edticas que son materia de este an\u00e1lisis, describimos a continuaci\u00f3n la evoluci\u00f3n de sus valores nominales y reales desde el inicio del gobierno de LLA, para luego reflexionar sus posibles implicancias en el mercado de trabajo.<\/p>\n<p>En enero de 2025, continuando con el m\u00e9todo de actualizaci\u00f3n establecido por el DNU 274 que determina la indexaci\u00f3n seg\u00fan la evoluci\u00f3n del IPC con rezago de dos meses, el valor Ipypp.org.ar 2 nominal de la Asignaci\u00f3n Universal por Hijo se increment\u00f3 2,43 % con respecto a diciembre, resultando en $ 95.5201 por hijo o hija. Por el contrario, la Prestaci\u00f3n Alimentar (Tarjeta Alimentar) que tambi\u00e9n reciben los hogares perceptores de AUH no fue actualizada ya que no cuenta con una norma explicita y depende de aumentos discrecionales, manteniendo el mismo valor desde el mes de junio de 2024.<\/p>\n<p>Como resultado, el valor nominal de la prestaci\u00f3n alimentar en enero de 2025 para hogares con un hijo\/hija menores de 18 a\u00f1os se mantiene en $ 52.250, con dos hijos\/hijas en $ 81.936 y con 3 o m\u00e1s hijos\/hijas en $108.062. De all\u00ed que para enero 2025 los valores nominales totales de ambos beneficios seg\u00fan tipo de hogar resultaron en $147.770 para hogares con solo un hijo menor (1AUH+PA1); en $ 272.975 con dos hijos menores (2AUH+PA2h), y $394.621 con 3 hijos menores (3AUH+PA3) (Tabla I).<\/p>\n","protected":false},"excerpt":{"rendered":"<p>Un estudio del Instituto de Estudios y Formaci\u00f3n de la Central (IEF_CTAA) se\u00f1ala las contradicciones entre el objetivo declamado de La Libertad Avanza (LLA) de promover el empleo asalariado registrado, con el resultado negativo en la evoluci\u00f3n de ingresos del Salario M\u00ednimo, Vital y M\u00f3vil y en las pol\u00edticas sociales como la Asignaci\u00f3n Familiar contributiva [&hellip;]<\/p>\n","protected":false},"author":7,"featured_media":47645,"comment_status":"open","ping_status":"open","sticky":false,"template":"","format":"standard","meta":{"_exactmetrics_skip_tracking":false,"_exactmetrics_sitenote_active":false,"_exactmetrics_sitenote_note":"","_exactmetrics_sitenote_category":0,"jnews-multi-image_gallery":[],"jnews_single_post":{"format":"standard","override":[{"template":"1","parallax":"1","fullscreen":"1","layout":"no-sidebar-narrow","sidebar":"default-sidebar","second_sidebar":"default-sidebar","sticky_sidebar":"1","share_position":"bottom","share_float_style":"share-monocrhome","show_share_counter":"1","show_view_counter":"1","show_post_meta":"1","show_post_author_image":"1","show_post_date":"1","post_date_format":"default","post_date_format_custom":"Y\/m\/d","show_post_category":"1","show_post_reading_time":"0","post_reading_time_wpm":"300","post_calculate_word_method":"str_word_count","show_zoom_button":"0","zoom_button_out_step":"2","zoom_button_in_step":"3","show_post_tag":"1","number_popup_post":"1","show_post_related":"1","show_inline_post_related":"0"}],"image_override":[{"single_post_thumbnail_size":"crop-500","single_post_gallery_size":"crop-500"}],"trending_post_position":"meta","trending_post_label":"Trending","sponsored_post_label":"Sponsored by","disable_ad":"0"},"jnews_primary_category":[],"jnews_social_meta":[],"jnews_review":[],"enable_review":"","type":"percentage","name":"","summary":"","brand":"","sku":"","good":[],"bad":[],"score_override":"","override_value":"","rating":[],"price":[],"jnews_override_counter":{"view_counter_number":"0","share_counter_number":"0","like_counter_number":"0","dislike_counter_number":"0"},"jnews_post_split":{"post_split":[{"template":"1","tag":"h2","numbering":"asc","mode":"normal","first":"0","enable_toc":"0","toc_type":"normal"}]},"footnotes":""},"categories":[92],"tags":[1476,454],"class_list":["post-47644","post","type-post","status-publish","format-standard","has-post-thumbnail","hentry","category-cta","tag-ingresos","tag-salarios"],"jetpack_featured_media_url":"https:\/\/atecordoba.org\/wp-content\/uploads\/2025\/02\/caidasalarios-e1739806655833.webp","_links":{"self":[{"href":"https:\/\/atecordoba.org\/index.php?rest_route=\/wp\/v2\/posts\/47644","targetHints":{"allow":["GET"]}}],"collection":[{"href":"https:\/\/atecordoba.org\/index.php?rest_route=\/wp\/v2\/posts"}],"about":[{"href":"https:\/\/atecordoba.org\/index.php?rest_route=\/wp\/v2\/types\/post"}],"author":[{"embeddable":true,"href":"https:\/\/atecordoba.org\/index.php?rest_route=\/wp\/v2\/users\/7"}],"replies":[{"embeddable":true,"href":"https:\/\/atecordoba.org\/index.php?rest_route=%2Fwp%2Fv2%2Fcomments&post=47644"}],"version-history":[{"count":1,"href":"https:\/\/atecordoba.org\/index.php?rest_route=\/wp\/v2\/posts\/47644\/revisions"}],"predecessor-version":[{"id":47647,"href":"https:\/\/atecordoba.org\/index.php?rest_route=\/wp\/v2\/posts\/47644\/revisions\/47647"}],"wp:featuredmedia":[{"embeddable":true,"href":"https:\/\/atecordoba.org\/index.php?rest_route=\/wp\/v2\/media\/47645"}],"wp:attachment":[{"href":"https:\/\/atecordoba.org\/index.php?rest_route=%2Fwp%2Fv2%2Fmedia&parent=47644"}],"wp:term":[{"taxonomy":"category","embeddable":true,"href":"https:\/\/atecordoba.org\/index.php?rest_route=%2Fwp%2Fv2%2Fcategories&post=47644"},{"taxonomy":"post_tag","embeddable":true,"href":"https:\/\/atecordoba.org\/index.php?rest_route=%2Fwp%2Fv2%2Ftags&post=47644"}],"curies":[{"name":"wp","href":"https:\/\/api.w.org\/{rel}","templated":true}]}}