{"id":47640,"date":"2025-02-17T11:06:25","date_gmt":"2025-02-17T14:06:25","guid":{"rendered":"https:\/\/atecordoba.org\/?p=47640"},"modified":"2025-02-17T11:06:25","modified_gmt":"2025-02-17T14:06:25","slug":"para-aguiar-se-abre-el-escenario-para-una-huelga-general-son-delincuentes-comunes","status":"publish","type":"post","link":"https:\/\/atecordoba.org\/?p=47640","title":{"rendered":"Para Aguiar se abre el escenario para una huelga general: &#8220;Son delincuentes comunes&#8221;"},"content":{"rendered":"<p><img loading=\"lazy\" decoding=\"async\" class=\"aligncenter wp-image-47641 \" src=\"https:\/\/atecordoba.org\/wp-content\/uploads\/2025\/02\/aguiar-brazos-1024x683.webp\" alt=\"\" width=\"666\" height=\"444\" \/>ATE fijar\u00e1 ma\u00f1ana fecha de reuni\u00f3n de secretarios de la Conducci\u00f3n Nacional y Plenario Federal de delegados, con el objetivo de definir una medida de acci\u00f3n directa. Para el Secretario General Rodolfo Aguiar, tras la estafa presidencial se abre el escenario propicio para una huelga general.<\/p>\n<p>\u201cTenemos la oportunidad de frenar el ajuste que en poco m\u00e1s de 14 meses da\u00f1\u00f3 muy profundamente nuestro tejido social y productivo\u201d, dijo Aguiar. \u201cNos gobierna una banda de ladrones. Lo hab\u00edamos advertido, pero ahora es visible: queda claro que los que despiden, cierran organismos p\u00fablicos y recortan salarios son delincuentes comunes\u201d, se\u00f1al\u00f3.<\/p>\n<p>\u201cLos hechos que involucran al Presidente son de extrema gravedad, sin precedentes. La credibilidad y confianza del Gobierno se desmoronan y su programa econ\u00f3mico agoniza. A la estafa, a la inmoralidad de Milei y su gabinete tenemos que responder con paro y movilizaci\u00f3n. Si ejercemos nuestro derecho constitucional de protesta podemos detener el da\u00f1o social\u201d, agreg\u00f3 Aguiar.<\/p>\n<p>Nuestro sindicato ya se pronunci\u00f3 a favor del juicio pol\u00edtico contra el Presidente y los funcionarios del Ejecutivo presuntamente involucrados en la asociaci\u00f3n il\u00edcita que estaf\u00f3 &#8220;traders&#8221; a trav\u00e9s de &#8220;$Libra&#8221;, una criptomoneda fantasma. Y pidi\u00f3 al Congreso que no garantice su impunidad.<\/p>\n<p>Para Aguiar se abre ahora una oportunidad para detener, con movilizaci\u00f3n en las calles y medidas de protesta, la pol\u00edtica econ\u00f3mica. Desde su asunci\u00f3n, el Presidente impuls\u00f3 m\u00e1s de 28.000 despidos en el Estado, a los que hay que contabilizar las cesant\u00edas en el sector privado formal e informal para completar la radiograf\u00eda del deterioro social. Datos de la Secretar\u00eda de Trabajo de la Naci\u00f3n estiman una sangr\u00eda de 230.000 puestos de trabajo.<\/p>\n<p>A los despidos, cierre de organismos, f\u00e1bricas y empresas, Aguiar subray\u00f3 la consolidaci\u00f3n de una recesi\u00f3n anclada en la licuaci\u00f3n de los salarios. \u201cLa inmensa mayor\u00eda de los asalariados no logr\u00f3 recomponer el poder adquisitivo que trajo Milei son su devaluaci\u00f3n\u201d, precis\u00f3. En su \u00faltima oferta, el Gobierno propuso una actualizaci\u00f3n para febrero del 1,2% del salario estatal cuando la inflaci\u00f3n fue del 2,2%.<\/p>\n","protected":false},"excerpt":{"rendered":"<p>ATE fijar\u00e1 ma\u00f1ana fecha de reuni\u00f3n de secretarios de la Conducci\u00f3n Nacional y Plenario Federal de delegados, con el objetivo de definir una medida de acci\u00f3n directa. Para el Secretario General Rodolfo Aguiar, tras la estafa presidencial se abre el escenario propicio para una huelga general. \u201cTenemos la oportunidad de frenar el ajuste que en [&hellip;]<\/p>\n","protected":false},"author":7,"featured_media":47641,"comment_status":"open","ping_status":"open","sticky":false,"template":"","format":"standard","meta":{"_exactmetrics_skip_tracking":false,"_exactmetrics_sitenote_active":false,"_exactmetrics_sitenote_note":"","_exactmetrics_sitenote_category":0,"jnews-multi-image_gallery":[],"jnews_single_post":{"format":"standard","override":[{"template":"1","parallax":"1","fullscreen":"1","layout":"no-sidebar-narrow","sidebar":"default-sidebar","second_sidebar":"default-sidebar","sticky_sidebar":"1","share_position":"bottom","share_float_style":"share-monocrhome","show_share_counter":"1","show_view_counter":"1","show_post_meta":"1","show_post_author_image":"1","show_post_date":"1","post_date_format":"default","post_date_format_custom":"Y\/m\/d","show_post_category":"1","show_post_reading_time":"0","post_reading_time_wpm":"300","post_calculate_word_method":"str_word_count","show_zoom_button":"0","zoom_button_out_step":"2","zoom_button_in_step":"3","show_post_tag":"1","number_popup_post":"1","show_post_related":"1","show_inline_post_related":"0"}],"image_override":[{"single_post_thumbnail_size":"crop-500","single_post_gallery_size":"crop-500"}],"trending_post_position":"meta","trending_post_label":"Trending","sponsored_post_label":"Sponsored by","disable_ad":"0"},"jnews_primary_category":[],"jnews_social_meta":[],"jnews_review":[],"enable_review":"","type":"percentage","name":"","summary":"","brand":"","sku":"","good":[],"bad":[],"score_override":"","override_value":"","rating":[],"price":[],"jnews_override_counter":{"view_counter_number":"0","share_counter_number":"0","like_counter_number":"0","dislike_counter_number":"0"},"jnews_post_split":{"post_split":[{"template":"1","tag":"h2","numbering":"asc","mode":"normal","first":"0","enable_toc":"0","toc_type":"normal"}]},"footnotes":""},"categories":[10],"tags":[1475],"class_list":["post-47640","post","type-post","status-publish","format-standard","has-post-thumbnail","hentry","category-accion-politica","tag-huelga-general"],"jetpack_featured_media_url":"https:\/\/atecordoba.org\/wp-content\/uploads\/2025\/02\/aguiar-brazos-e1739801171563.webp","_links":{"self":[{"href":"https:\/\/atecordoba.org\/index.php?rest_route=\/wp\/v2\/posts\/47640","targetHints":{"allow":["GET"]}}],"collection":[{"href":"https:\/\/atecordoba.org\/index.php?rest_route=\/wp\/v2\/posts"}],"about":[{"href":"https:\/\/atecordoba.org\/index.php?rest_route=\/wp\/v2\/types\/post"}],"author":[{"embeddable":true,"href":"https:\/\/atecordoba.org\/index.php?rest_route=\/wp\/v2\/users\/7"}],"replies":[{"embeddable":true,"href":"https:\/\/atecordoba.org\/index.php?rest_route=%2Fwp%2Fv2%2Fcomments&post=47640"}],"version-history":[{"count":1,"href":"https:\/\/atecordoba.org\/index.php?rest_route=\/wp\/v2\/posts\/47640\/revisions"}],"predecessor-version":[{"id":47642,"href":"https:\/\/atecordoba.org\/index.php?rest_route=\/wp\/v2\/posts\/47640\/revisions\/47642"}],"wp:featuredmedia":[{"embeddable":true,"href":"https:\/\/atecordoba.org\/index.php?rest_route=\/wp\/v2\/media\/47641"}],"wp:attachment":[{"href":"https:\/\/atecordoba.org\/index.php?rest_route=%2Fwp%2Fv2%2Fmedia&parent=47640"}],"wp:term":[{"taxonomy":"category","embeddable":true,"href":"https:\/\/atecordoba.org\/index.php?rest_route=%2Fwp%2Fv2%2Fcategories&post=47640"},{"taxonomy":"post_tag","embeddable":true,"href":"https:\/\/atecordoba.org\/index.php?rest_route=%2Fwp%2Fv2%2Ftags&post=47640"}],"curies":[{"name":"wp","href":"https:\/\/api.w.org\/{rel}","templated":true}]}}