{"id":47624,"date":"2025-02-14T11:31:12","date_gmt":"2025-02-14T14:31:12","guid":{"rendered":"https:\/\/atecordoba.org\/?p=47624"},"modified":"2025-02-14T11:31:12","modified_gmt":"2025-02-14T14:31:12","slug":"ate-denuncia-que-no-se-estan-otorgando-nuevos-beneficios-en-discapacidad","status":"publish","type":"post","link":"https:\/\/atecordoba.org\/?p=47624","title":{"rendered":"ATE denuncia que no se est\u00e1n otorgando nuevos beneficios en Discapacidad"},"content":{"rendered":"<p><img loading=\"lazy\" decoding=\"async\" class=\"aligncenter wp-image-47625 \" src=\"https:\/\/atecordoba.org\/wp-content\/uploads\/2025\/02\/rueda.jpg\" alt=\"\" width=\"606\" height=\"455\" \/><\/p>\n<p>El Departamento de Discapacidad del CDP de ATE C\u00f3rdoba realiz\u00f3 a fines del a\u00f1o pr\u00f3ximo pasado un relevamiento en los Organismos P\u00fablicos, en los tres niveles del Estado: nacional, provincial y municipal.<\/p>\n<p>El informe se produjo en el contexto de un marcado retroceso en la capacidad que tienen las personas con discapacidad para acceder a los derechos y beneficios para mejorar su calidad de vida.<\/p>\n<p>Vanesa Hern\u00e1ndez, Vocal del CDP, delegada de ATE en la SRT y responsable del Departamento de Discapacidad dio cuenta de esta situaci\u00f3n, con una enumeraci\u00f3n pormenorizada de los conflictos que la gesti\u00f3n de Milei ha generado en el sector.<\/p>\n<p>As\u00ed, se pudo corroborar si se cumple el cupo laboral de discapacidad que prescribe la Ley 22431,\u00a0 que no es otra cosa que la obligaci\u00f3n del Estado de garantizar que al menos el 4 % de sus empleados sean personas con discapacidad, asegurando as\u00ed su inclusi\u00f3n y la igualdad de oportunidades.<\/p>\n<p>En ese marco, la Sindicatura General de la Naci\u00f3n (SIGEN) inform\u00f3 en octubre del 2023 que los organismos nacionales estatales cumpl\u00edan la manda; ANDIS a su vez se\u00f1al\u00f3 que los gobiernos provinciales no lo hacen y menos a\u00fan, o casi nulo es el caso de los Municipios, como lo confirmara la Auditor\u00eda de la Ciudad de Buenos Aires, (AGCBA)\u00a0 para el caso de dicha ciudad.<img loading=\"lazy\" decoding=\"async\" class=\"aligncenter wp-image-47626 \" src=\"https:\/\/atecordoba.org\/wp-content\/uploads\/2025\/02\/flyer-discapacidad3-1024x1024.jpg\" alt=\"\" width=\"639\" height=\"639\" srcset=\"https:\/\/atecordoba.org\/wp-content\/uploads\/2025\/02\/flyer-discapacidad3-1024x1024.jpg 1024w, https:\/\/atecordoba.org\/wp-content\/uploads\/2025\/02\/flyer-discapacidad3-300x300.jpg 300w, https:\/\/atecordoba.org\/wp-content\/uploads\/2025\/02\/flyer-discapacidad3-150x150.jpg 150w, https:\/\/atecordoba.org\/wp-content\/uploads\/2025\/02\/flyer-discapacidad3-768x768.jpg 768w, https:\/\/atecordoba.org\/wp-content\/uploads\/2025\/02\/flyer-discapacidad3-560x560.jpg 560w, https:\/\/atecordoba.org\/wp-content\/uploads\/2025\/02\/flyer-discapacidad3-75x75.jpg 75w, https:\/\/atecordoba.org\/wp-content\/uploads\/2025\/02\/flyer-discapacidad3-350x350.jpg 350w, https:\/\/atecordoba.org\/wp-content\/uploads\/2025\/02\/flyer-discapacidad3-750x750.jpg 750w, https:\/\/atecordoba.org\/wp-content\/uploads\/2025\/02\/flyer-discapacidad3-1140x1140.jpg 1140w, https:\/\/atecordoba.org\/wp-content\/uploads\/2025\/02\/flyer-discapacidad3.jpg 1280w\" sizes=\"auto, (max-width: 639px) 100vw, 639px\" \/><\/p>\n<p><strong>Milei<\/strong><\/p>\n<p><strong>En la nueva administraci\u00f3n del gobierno libertario, durante todo el a\u00f1o 2024 no se realiz\u00f3 el deber de fiscalizaci\u00f3n de la manda por parte de la SIGEN. <\/strong><\/p>\n<p>A su vez tambi\u00e9n, el Departamento de Discapacidad constat\u00f3 la falta de inter\u00e9s y\/o preocupaci\u00f3n y por ende ocupaci\u00f3n por parte de los Funcionarios P\u00fablicos en esta tem\u00e1tica. Ejemplo de ello es la ausencia o carencia de pol\u00edticas p\u00fablicas de inclusi\u00f3n, como la falta de control de calidad de vida de las personas con discapacidad, la desidia de los legisladores en la promulgaci\u00f3n de leyes de fondo y\/o reglamentarias espec\u00edficas, del Poder Ejecutivo en instrumentar la capacitaci\u00f3n de docentes en inclusi\u00f3n, adecuaciones edilicias, control de prestaciones por las obras sociales o prepagas, etc.<\/p>\n<p><strong>As\u00ed las Personas con Discapacidad, siempre olvidadas, por estos d\u00edas, suman carencias, restan conquistas y pierden beneficios. <\/strong><\/p>\n<p>Con el vaciamiento de ANDIS y de organismos de control como la Secretar\u00eda de Derechos Humanos, el Fondo Nacional para la Inclusi\u00f3n Social de las Personas con Discapacidad (FONADIS), la ADAJUS (Programa Nacional de Asistencia para las Personas con Discapacidad en sus Relaciones con la Administraci\u00f3n de Justicia), la iniciativa Igual por Mas, o las oficinas del Ministerio de Desarrollo Social con despidos irresponsables e injustificables de los trabajadores necesarios para el efectivo funcionamiento de estos entes y quienes hacen posible el ejercicio de los derechos de los ciudadanos. De la misma forma se entiende el cierre de oficinas en el interior del pa\u00eds o la eliminaci\u00f3n\u00a0 llanamente de entes necesarios para la poblaci\u00f3n m\u00e1s vapuleada como el INADI. <strong>Los derechos de las personas con Discapacidad se ven cada d\u00eda m\u00e1s disminuidos, por la imposibilidad de poder ejercerlos.<img loading=\"lazy\" decoding=\"async\" class=\"alignleft wp-image-47627 size-full\" src=\"https:\/\/atecordoba.org\/wp-content\/uploads\/2025\/02\/discapacidad_portada.png\" alt=\"\" width=\"382\" height=\"550\" srcset=\"https:\/\/atecordoba.org\/wp-content\/uploads\/2025\/02\/discapacidad_portada.png 382w, https:\/\/atecordoba.org\/wp-content\/uploads\/2025\/02\/discapacidad_portada-208x300.png 208w\" sizes=\"auto, (max-width: 382px) 100vw, 382px\" \/> \u00a0\u00a0<\/strong><\/p>\n<p><strong>Nuevo decreto<\/strong><\/p>\n<p>El Decreto 566\/2023 que permit\u00eda tener empleo registrado a las personas discapacitadas y mantener el beneficio de la pensi\u00f3n no contributiva por invalidez siempre que su salario no superara cuatro jubilaciones m\u00ednimas, hoy est\u00e1 derogado por el Decreto 843\/2024 que prescribe que es incompatible el tener trabajo y ese beneficio. Va m\u00e1s all\u00e1 a\u00fan, al decir que tendr\u00e1 el beneficio quien no reviste relaci\u00f3n de empleo y siempre que no haya persona obligada alimentaria o de prestar ayuda. Por lo que, el gobierno actual desconoce el derecho de igualdad de oportunidades que todo Estado debe garantizar y se aparta del paradigma universal del derecho de trabajar de las personas con discapacidad, reconociendo que el trabajador discapacitado siempre, o las m\u00e1s de las veces, tiene mayor erogaci\u00f3n en movilidad, ya que los transportes p\u00fablicos no est\u00e1n adaptados para su uso, mayor gasto en las alimentaci\u00f3n por dietas especiales, medicamentos, etc. El decreto 843, de diciembre de 2024, es un retroceso en la Inclusi\u00f3n y una vulneraci\u00f3n de derechos conquistados. Actualmente hay una <strong>cacer\u00eda de los beneficiarios de las Pensiones No contributivas por Invalidez<\/strong>, con sombras y acusaciones de ser pensiones truchas.<\/p>\n<p>Hay un claro desinter\u00e9s del Gobierno en esta problem\u00e1tica, de la realidad y necesidad de las personas con incapacidades, ya que se ha incrementado la demora en el tr\u00e1mite para acceder a las Pensiones No contributivas por Invalidez. La tramitaci\u00f3n del beneficio, que antes eran lenta, hoy es eterna por la burocratizaci\u00f3n en el procedimiento. Conseguir el turno para el Certificado M\u00e9dico Oficial Digital lleva meses. El Certificado \u00danico de Discapacidad tambi\u00e9n lleva meses y ambos son requisitos para las mismas prestaciones. Luego, la presentaci\u00f3n en la ANSES, que deriva a ANDIS, lleva otros meses m\u00e1s.<\/p>\n<p>\u201cHablo con conocimiento de causa porque lo sufro. En diciembre de 2024 festejamos el primer a\u00f1ito de espera de la resoluci\u00f3n de ANDIS, con la presentaci\u00f3n de la\u00a0 totalidad de la documentaci\u00f3n y cumplimentados todos los requisitos para lograr la Pensi\u00f3n Por Invalidez de mi hijo con diagn\u00f3stico de Par\u00e1lisis Cerebral, TGD, Epilepsia refractaria, etc.\u201d, cuenta Vanesa Hern\u00e1ndez.<\/p>\n<p>A su vez, el nuevo decreto excluye a muchos ciudadanos que antes si estaban incluidos o habilitados a pedir esa Pensi\u00f3n, y los que hoy trabajan y cobran esa pensi\u00f3n por invalidez la perder\u00edan.<\/p>\n<p>\u201cHay mucho tema para reconocer, hablar e implementar en Discapacidad, porque sirve para mejorar la Vida de quienes tienen mayores dificultades en transitarla. Desde ATE y principalmente de este Departamento asumimos la Responsabilidad de visibilizar y bregar por sus Derechos, porque es mucha la poblaci\u00f3n trabajadora que sufre por si o por sus \u00edntimos allegados los avatares de vivir con Discapacidad\u201d, concluye Hern\u00e1ndez.<\/p>\n<p>&nbsp;<\/p>\n","protected":false},"excerpt":{"rendered":"<p>El Departamento de Discapacidad del CDP de ATE C\u00f3rdoba realiz\u00f3 a fines del a\u00f1o pr\u00f3ximo pasado un relevamiento en los Organismos P\u00fablicos, en los tres niveles del Estado: nacional, provincial y municipal. El informe se produjo en el contexto de un marcado retroceso en la capacidad que tienen las personas con discapacidad para acceder a [&hellip;]<\/p>\n","protected":false},"author":7,"featured_media":47625,"comment_status":"open","ping_status":"open","sticky":false,"template":"","format":"standard","meta":{"_exactmetrics_skip_tracking":false,"_exactmetrics_sitenote_active":false,"_exactmetrics_sitenote_note":"","_exactmetrics_sitenote_category":0,"jnews-multi-image_gallery":[],"jnews_single_post":{"format":"standard","override":[{"template":"1","parallax":"1","fullscreen":"1","layout":"no-sidebar-narrow","sidebar":"default-sidebar","second_sidebar":"default-sidebar","sticky_sidebar":"1","share_position":"bottom","share_float_style":"share-monocrhome","show_share_counter":"1","show_view_counter":"1","show_post_meta":"1","show_post_author_image":"1","show_post_date":"1","post_date_format":"default","post_date_format_custom":"Y\/m\/d","show_post_category":"1","show_post_reading_time":"0","post_reading_time_wpm":"300","post_calculate_word_method":"str_word_count","show_zoom_button":"0","zoom_button_out_step":"2","zoom_button_in_step":"3","show_post_tag":"1","number_popup_post":"1","show_post_related":"1","show_inline_post_related":"0"}],"image_override":[{"single_post_thumbnail_size":"crop-500","single_post_gallery_size":"crop-500"}],"trending_post_position":"meta","trending_post_label":"Trending","sponsored_post_label":"Sponsored by","disable_ad":"0"},"jnews_primary_category":[],"jnews_social_meta":[],"jnews_review":[],"enable_review":"","type":"percentage","name":"","summary":"","brand":"","sku":"","good":[],"bad":[],"score_override":"","override_value":"","rating":[],"price":[],"jnews_override_counter":{"view_counter_number":"0","share_counter_number":"0","like_counter_number":"0","dislike_counter_number":"0"},"jnews_post_split":{"post_split":[{"template":"1","tag":"h2","numbering":"asc","mode":"normal","first":"0","enable_toc":"0","toc_type":"normal"}]},"footnotes":""},"categories":[625],"tags":[545],"class_list":["post-47624","post","type-post","status-publish","format-standard","has-post-thumbnail","hentry","category-discapacidad","tag-discapacidad"],"jetpack_featured_media_url":"https:\/\/atecordoba.org\/wp-content\/uploads\/2025\/02\/rueda-e1739543464498.jpg","_links":{"self":[{"href":"https:\/\/atecordoba.org\/index.php?rest_route=\/wp\/v2\/posts\/47624","targetHints":{"allow":["GET"]}}],"collection":[{"href":"https:\/\/atecordoba.org\/index.php?rest_route=\/wp\/v2\/posts"}],"about":[{"href":"https:\/\/atecordoba.org\/index.php?rest_route=\/wp\/v2\/types\/post"}],"author":[{"embeddable":true,"href":"https:\/\/atecordoba.org\/index.php?rest_route=\/wp\/v2\/users\/7"}],"replies":[{"embeddable":true,"href":"https:\/\/atecordoba.org\/index.php?rest_route=%2Fwp%2Fv2%2Fcomments&post=47624"}],"version-history":[{"count":1,"href":"https:\/\/atecordoba.org\/index.php?rest_route=\/wp\/v2\/posts\/47624\/revisions"}],"predecessor-version":[{"id":47628,"href":"https:\/\/atecordoba.org\/index.php?rest_route=\/wp\/v2\/posts\/47624\/revisions\/47628"}],"wp:featuredmedia":[{"embeddable":true,"href":"https:\/\/atecordoba.org\/index.php?rest_route=\/wp\/v2\/media\/47625"}],"wp:attachment":[{"href":"https:\/\/atecordoba.org\/index.php?rest_route=%2Fwp%2Fv2%2Fmedia&parent=47624"}],"wp:term":[{"taxonomy":"category","embeddable":true,"href":"https:\/\/atecordoba.org\/index.php?rest_route=%2Fwp%2Fv2%2Fcategories&post=47624"},{"taxonomy":"post_tag","embeddable":true,"href":"https:\/\/atecordoba.org\/index.php?rest_route=%2Fwp%2Fv2%2Ftags&post=47624"}],"curies":[{"name":"wp","href":"https:\/\/api.w.org\/{rel}","templated":true}]}}