{"id":47607,"date":"2025-02-12T14:24:27","date_gmt":"2025-02-12T17:24:27","guid":{"rendered":"https:\/\/atecordoba.org\/?p=47607"},"modified":"2025-02-12T14:39:48","modified_gmt":"2025-02-12T17:39:48","slug":"asamblea-en-valle-de-anisacate","status":"publish","type":"post","link":"https:\/\/atecordoba.org\/?p=47607","title":{"rendered":"Asamblea en Valle de Anisacate"},"content":{"rendered":"<p><img loading=\"lazy\" decoding=\"async\" class=\"aligncenter wp-image-47608 \" src=\"https:\/\/atecordoba.org\/wp-content\/uploads\/2025\/02\/WhatsApp-Image-2025-02-12-at-11.39.25-1024x576.jpeg\" alt=\"\" width=\"622\" height=\"350\" \/>Esta ma\u00f1ana se desarroll\u00f3 una asamblea de trabajadoras y trabajadores municipales de la comuna Valle de Anisacate, localidad ubicada en el Valle de Paravachasca.<\/p>\n<p>En la oportunidad estuvieron presentes el secretario Gremial del Consejo Directivo Provincial, Jorge Chalup, y su par de Organizaci\u00f3n, Javier Bracamonte, junto a otros miembros de comisi\u00f3n directiva. Los delegados de ATE en el sector Maximiliano Duarte y Mar\u00eda Rold\u00e1n hicieron las veces de anfitriones, acompa\u00f1ados de una importante cantidad de compa\u00f1eras y compa\u00f1eros que integran el plantel de personal municipal. <img loading=\"lazy\" decoding=\"async\" class=\"alignright wp-image-47609 \" src=\"https:\/\/atecordoba.org\/wp-content\/uploads\/2025\/02\/WhatsApp-Image-2025-02-12-at-11.39.24-1024x576.jpeg\" alt=\"\" width=\"384\" height=\"216\" srcset=\"https:\/\/atecordoba.org\/wp-content\/uploads\/2025\/02\/WhatsApp-Image-2025-02-12-at-11.39.24-1024x576.jpeg 1024w, https:\/\/atecordoba.org\/wp-content\/uploads\/2025\/02\/WhatsApp-Image-2025-02-12-at-11.39.24-300x169.jpeg 300w, https:\/\/atecordoba.org\/wp-content\/uploads\/2025\/02\/WhatsApp-Image-2025-02-12-at-11.39.24-768x432.jpeg 768w, https:\/\/atecordoba.org\/wp-content\/uploads\/2025\/02\/WhatsApp-Image-2025-02-12-at-11.39.24-750x422.jpeg 750w, https:\/\/atecordoba.org\/wp-content\/uploads\/2025\/02\/WhatsApp-Image-2025-02-12-at-11.39.24-1140x641.jpeg 1140w, https:\/\/atecordoba.org\/wp-content\/uploads\/2025\/02\/WhatsApp-Image-2025-02-12-at-11.39.24.jpeg 1280w\" sizes=\"auto, (max-width: 384px) 100vw, 384px\" \/><\/p>\n<p>&#8220;Fue una muy buena reuni\u00f3n. Estuvimos hablando sobre el cierre de paritarias en nuestra comuna y las expectativas que tenemos para plantearle al Departamento Ejecutivo para la etapa que viene&#8221;, resumi\u00f3 el delegado.<\/p>\n<p>Los directivos de ATE respondieron sobre cada duda que plante\u00f3 la asamblea y remarcaron la necesidad de continuar con la campa\u00f1a de afiliaciones que tan buenos resultados ha dado en el sector.<\/p>\n<p>Cabe mencionar que a principios de enero<a href=\"https:\/\/atecordoba.org\/?p=47435\"> ATE logr\u00f3 un acuerdo salarial<\/a> con la Comuna que implica un aumento de 35% para los salarios de enero, suma que se hizo efectiva recientemente, m\u00e1s otro 15% en julio, agregando la cl\u00e1usula gatillo de revisi\u00f3n para actualizar los salarios si la inflaci\u00f3n supera el incremento acordado.<\/p>\n","protected":false},"excerpt":{"rendered":"<p>Esta ma\u00f1ana se desarroll\u00f3 una asamblea de trabajadoras y trabajadores municipales de la comuna Valle de Anisacate, localidad ubicada en el Valle de Paravachasca. En la oportunidad estuvieron presentes el secretario Gremial del Consejo Directivo Provincial, Jorge Chalup, y su par de Organizaci\u00f3n, Javier Bracamonte, junto a otros miembros de comisi\u00f3n directiva. Los delegados de [&hellip;]<\/p>\n","protected":false},"author":7,"featured_media":47608,"comment_status":"open","ping_status":"open","sticky":false,"template":"","format":"standard","meta":{"_exactmetrics_skip_tracking":false,"_exactmetrics_sitenote_active":false,"_exactmetrics_sitenote_note":"","_exactmetrics_sitenote_category":0,"jnews-multi-image_gallery":[],"jnews_single_post":{"format":"standard","override":[{"template":"1","parallax":"1","fullscreen":"1","layout":"no-sidebar-narrow","sidebar":"default-sidebar","second_sidebar":"default-sidebar","sticky_sidebar":"1","share_position":"bottom","share_float_style":"share-monocrhome","show_share_counter":"1","show_view_counter":"1","show_post_meta":"1","show_post_author_image":"1","show_post_date":"1","post_date_format":"default","post_date_format_custom":"Y\/m\/d","show_post_category":"1","show_post_reading_time":"0","post_reading_time_wpm":"300","post_calculate_word_method":"str_word_count","show_zoom_button":"0","zoom_button_out_step":"2","zoom_button_in_step":"3","show_post_tag":"1","number_popup_post":"1","show_post_related":"1","show_inline_post_related":"0"}],"image_override":[{"single_post_thumbnail_size":"crop-500","single_post_gallery_size":"crop-500"}],"trending_post_position":"meta","trending_post_label":"Trending","sponsored_post_label":"Sponsored by","disable_ad":"0"},"jnews_primary_category":[],"jnews_social_meta":[],"jnews_review":[],"enable_review":"","type":"percentage","name":"","summary":"","brand":"","sku":"","good":[],"bad":[],"score_override":"","override_value":"","rating":[],"price":[],"jnews_override_counter":{"view_counter_number":"0","share_counter_number":"0","like_counter_number":"0","dislike_counter_number":"0"},"jnews_post_split":{"post_split":[{"template":"1","tag":"h2","numbering":"asc","mode":"normal","first":"0","enable_toc":"0","toc_type":"normal"}]},"footnotes":""},"categories":[20],"tags":[1473],"class_list":["post-47607","post","type-post","status-publish","format-standard","has-post-thumbnail","hentry","category-municipales","tag-valle-de-anisacate"],"jetpack_featured_media_url":"https:\/\/atecordoba.org\/wp-content\/uploads\/2025\/02\/WhatsApp-Image-2025-02-12-at-11.39.25-e1739381022209.jpeg","_links":{"self":[{"href":"https:\/\/atecordoba.org\/index.php?rest_route=\/wp\/v2\/posts\/47607","targetHints":{"allow":["GET"]}}],"collection":[{"href":"https:\/\/atecordoba.org\/index.php?rest_route=\/wp\/v2\/posts"}],"about":[{"href":"https:\/\/atecordoba.org\/index.php?rest_route=\/wp\/v2\/types\/post"}],"author":[{"embeddable":true,"href":"https:\/\/atecordoba.org\/index.php?rest_route=\/wp\/v2\/users\/7"}],"replies":[{"embeddable":true,"href":"https:\/\/atecordoba.org\/index.php?rest_route=%2Fwp%2Fv2%2Fcomments&post=47607"}],"version-history":[{"count":2,"href":"https:\/\/atecordoba.org\/index.php?rest_route=\/wp\/v2\/posts\/47607\/revisions"}],"predecessor-version":[{"id":47611,"href":"https:\/\/atecordoba.org\/index.php?rest_route=\/wp\/v2\/posts\/47607\/revisions\/47611"}],"wp:featuredmedia":[{"embeddable":true,"href":"https:\/\/atecordoba.org\/index.php?rest_route=\/wp\/v2\/media\/47608"}],"wp:attachment":[{"href":"https:\/\/atecordoba.org\/index.php?rest_route=%2Fwp%2Fv2%2Fmedia&parent=47607"}],"wp:term":[{"taxonomy":"category","embeddable":true,"href":"https:\/\/atecordoba.org\/index.php?rest_route=%2Fwp%2Fv2%2Fcategories&post=47607"},{"taxonomy":"post_tag","embeddable":true,"href":"https:\/\/atecordoba.org\/index.php?rest_route=%2Fwp%2Fv2%2Ftags&post=47607"}],"curies":[{"name":"wp","href":"https:\/\/api.w.org\/{rel}","templated":true}]}}