{"id":47602,"date":"2025-02-12T12:25:02","date_gmt":"2025-02-12T15:25:02","guid":{"rendered":"https:\/\/atecordoba.org\/?p=47602"},"modified":"2025-02-12T12:25:02","modified_gmt":"2025-02-12T15:25:02","slug":"ate-pidio-a-llaryora-la-convocatoria-a-la-paritaria-provincial-y-reclama-un-piso-salarial-igual-a-la-canasta-basica-de-indec","status":"publish","type":"post","link":"https:\/\/atecordoba.org\/?p=47602","title":{"rendered":"ATE pidi\u00f3 a Llaryora la convocatoria a la paritaria provincial y reclama un piso salarial igual a la canasta b\u00e1sica de INDEC"},"content":{"rendered":"<p><img loading=\"lazy\" decoding=\"async\" class=\"aligncenter wp-image-47604 \" src=\"https:\/\/atecordoba.org\/wp-content\/uploads\/2025\/02\/marcha0709-144-1024x684.jpg\" alt=\"\" width=\"630\" height=\"421\" \/>En una nota dirigida el lunes pasado a Gobernador Mart\u00edn Llaryora, ATE C\u00f3rdoba solicit\u00f3 que el Gobierno provincial convoque a nuestra organizaci\u00f3n &#8220;a la apertura de la discusi\u00f3n salarial del primer periodo 2025&#8221;.<\/p>\n<p>Con la firma del secretario General del Consejo Directivo Provincial (CDP), Federico Giuliani, y del Gremial, Jorge Chalup, la misiva reclama que la recomposici\u00f3n para este a\u00f1o tenga como piso salarial, para la Administraci\u00f3n P\u00fablica y del sector salud, los valores de la canasta b\u00e1sica publicada por el INDEC.<\/p>\n<p>Adem\u00e1s ATE plante\u00f3 que la revisi\u00f3n salarial sea de car\u00e1cter bimestral, al tiempo que exigi\u00f3 un adicional &#8220;para recuperar el poder adquisitivo perdido por inflaci\u00f3n&#8221;, asi como el pago de &#8220;contingencias y guardias en la semana no calendaria mal pagas en d\u00edas feriados&#8221; para el sector salud.<\/p>\n<p>En esa l\u00ednea, ATE exige la devoluci\u00f3n del 82% m\u00f3vil para las y los jubilados beneficiarios de la caja previsional de C\u00f3rdoba, el fin de la persecuci\u00f3n por motivos gremiales y de la penalizaci\u00f3n de la protesta social.<\/p>\n<p>&#8220;Ante la p\u00e9rdida de poder adquisitivo de las y los trabajadores provinciales, ATE vuelve a pedir que se abran las negociaciones paritarias y la participaci\u00f3n en la misma de nuestro gremio&#8221;, dijo Chalup.<\/p>\n<a href=\"https:\/\/atecordoba.org\/wp-content\/uploads\/2025\/02\/Paritaria-Provincial.pdf\" class=\"pdfemb-viewer\" style=\"\" data-width=\"max\" data-height=\"max\" data-toolbar=\"bottom\" data-toolbar-fixed=\"off\">Paritaria Provincial<\/a>\n<p><strong>Contexto<\/strong><\/p>\n<p>Distintos an\u00e1lisis respecto a la situaci\u00f3n de los salarios provinciales indican la p\u00e9rdida de poder adquisitivo desde el inicio de la gesti\u00f3n de Milei en diciembre de 2023, con un claro correlato en el Gobierno provincial, al punto que recientemente Llaryora, durante su discurso en la apertura de sesiones de la Legislatura para el 2025, se jact\u00f3 de haber realizado un ajuste mayor que el propio presidente.<\/p>\n<p>Seg\u00fan la<a href=\"https:\/\/prensa.cba.gov.ar\/informacion-general\/llaryora-cordoba-cumple-con-la-ley-de-bases-con-un-ajuste-mayor-al-de-nacion-y-manteniendo-el-superavit-fiscal\/\"> cuenta oficial<\/a> del Gobierno de C\u00f3rdoba, el mandatario provincial dijo en la oportunidad: &#8220;que quede claro: nosotros hemos bajado el gasto p\u00fablico m\u00e1s que la propia Naci\u00f3n&#8221;.<\/p>\n<p>En esa l\u00ednea, la Fundaci\u00f3n Mediterr\u00e1nea <a href=\"https:\/\/ctaacordoba.org\/salario-minimo-docentes-y-estatales-los-que-mas-perdieron-contra-la-inflacion\/\">consign\u00f3<\/a> que &#8220;en el caso de los salarios, los docentes fueron los m\u00e1s afectados, alcanzando su nivel m\u00e1s bajo en febrero y sin lograr una recuperaci\u00f3n significativa hacia noviembre. Este deterioro no fue exclusivo del nivel nacional, ya que el ajuste tambi\u00e9n se reflej\u00f3 en el consolidado de las provincias, particularmente a trav\u00e9s de las remuneraciones del personal docente. Por su parte, las remuneraciones laborales del sector p\u00fablico en general tuvieron una recuperaci\u00f3n m\u00e1s lenta que las del sector privado, sin lograr alcanzar los niveles iniciales&#8221;. Es decir, de diciembre de 2023.<\/p>\n<p>As\u00ed tambi\u00e9n, un trabajo publicado por el diario Comercio y Justicia, en base a datos de la Caja de Jubilaciones de C\u00f3rdoba, se\u00f1al\u00f3 que en el ranking de recuperaci\u00f3n salarial de los sectores de la Administraci\u00f3n P\u00fablica provincial se encuentran salud, personal legislativo, polic\u00edas y penitenciarios.<\/p>\n<p>&nbsp;<\/p>\n<p>&nbsp;<\/p>\n<p>&nbsp;<\/p>\n","protected":false},"excerpt":{"rendered":"<p>En una nota dirigida el lunes pasado a Gobernador Mart\u00edn Llaryora, ATE C\u00f3rdoba solicit\u00f3 que el Gobierno provincial convoque a nuestra organizaci\u00f3n &#8220;a la apertura de la discusi\u00f3n salarial del primer periodo 2025&#8221;. Con la firma del secretario General del Consejo Directivo Provincial (CDP), Federico Giuliani, y del Gremial, Jorge Chalup, la misiva reclama que [&hellip;]<\/p>\n","protected":false},"author":7,"featured_media":47604,"comment_status":"open","ping_status":"open","sticky":false,"template":"","format":"standard","meta":{"_exactmetrics_skip_tracking":false,"_exactmetrics_sitenote_active":false,"_exactmetrics_sitenote_note":"","_exactmetrics_sitenote_category":0,"jnews-multi-image_gallery":[],"jnews_single_post":{"format":"standard","override":[{"template":"1","parallax":"1","fullscreen":"1","layout":"no-sidebar-narrow","sidebar":"default-sidebar","second_sidebar":"default-sidebar","sticky_sidebar":"1","share_position":"bottom","share_float_style":"share-monocrhome","show_share_counter":"1","show_view_counter":"1","show_post_meta":"1","show_post_author_image":"1","show_post_date":"1","post_date_format":"default","post_date_format_custom":"Y\/m\/d","show_post_category":"1","show_post_reading_time":"0","post_reading_time_wpm":"300","post_calculate_word_method":"str_word_count","show_zoom_button":"0","zoom_button_out_step":"2","zoom_button_in_step":"3","show_post_tag":"1","number_popup_post":"1","show_post_related":"1","show_inline_post_related":"0"}],"image_override":[{"single_post_thumbnail_size":"crop-500","single_post_gallery_size":"crop-500"}],"trending_post_position":"meta","trending_post_label":"Trending","sponsored_post_label":"Sponsored by","disable_ad":"0"},"jnews_primary_category":[],"jnews_social_meta":[],"jnews_review":[],"enable_review":"","type":"percentage","name":"","summary":"","brand":"","sku":"","good":[],"bad":[],"score_override":"","override_value":"","rating":[],"price":[],"jnews_override_counter":{"view_counter_number":"0","share_counter_number":"0","like_counter_number":"0","dislike_counter_number":"0"},"jnews_post_split":{"post_split":[{"template":"1","tag":"h2","numbering":"asc","mode":"normal","first":"0","enable_toc":"0","toc_type":"normal"}]},"footnotes":""},"categories":[8],"tags":[1160,1044,1472],"class_list":["post-47602","post","type-post","status-publish","format-standard","has-post-thumbnail","hentry","category-provinciales","tag-cordoba-2","tag-paritaria-provincial","tag-paritaria-provincial-cordoba"],"jetpack_featured_media_url":"https:\/\/atecordoba.org\/wp-content\/uploads\/2025\/02\/marcha0709-144-scaled-e1739373770129.jpg","_links":{"self":[{"href":"https:\/\/atecordoba.org\/index.php?rest_route=\/wp\/v2\/posts\/47602","targetHints":{"allow":["GET"]}}],"collection":[{"href":"https:\/\/atecordoba.org\/index.php?rest_route=\/wp\/v2\/posts"}],"about":[{"href":"https:\/\/atecordoba.org\/index.php?rest_route=\/wp\/v2\/types\/post"}],"author":[{"embeddable":true,"href":"https:\/\/atecordoba.org\/index.php?rest_route=\/wp\/v2\/users\/7"}],"replies":[{"embeddable":true,"href":"https:\/\/atecordoba.org\/index.php?rest_route=%2Fwp%2Fv2%2Fcomments&post=47602"}],"version-history":[{"count":1,"href":"https:\/\/atecordoba.org\/index.php?rest_route=\/wp\/v2\/posts\/47602\/revisions"}],"predecessor-version":[{"id":47605,"href":"https:\/\/atecordoba.org\/index.php?rest_route=\/wp\/v2\/posts\/47602\/revisions\/47605"}],"wp:featuredmedia":[{"embeddable":true,"href":"https:\/\/atecordoba.org\/index.php?rest_route=\/wp\/v2\/media\/47604"}],"wp:attachment":[{"href":"https:\/\/atecordoba.org\/index.php?rest_route=%2Fwp%2Fv2%2Fmedia&parent=47602"}],"wp:term":[{"taxonomy":"category","embeddable":true,"href":"https:\/\/atecordoba.org\/index.php?rest_route=%2Fwp%2Fv2%2Fcategories&post=47602"},{"taxonomy":"post_tag","embeddable":true,"href":"https:\/\/atecordoba.org\/index.php?rest_route=%2Fwp%2Fv2%2Ftags&post=47602"}],"curies":[{"name":"wp","href":"https:\/\/api.w.org\/{rel}","templated":true}]}}