{"id":47597,"date":"2025-02-11T14:49:10","date_gmt":"2025-02-11T17:49:10","guid":{"rendered":"https:\/\/atecordoba.org\/?p=47597"},"modified":"2025-02-11T14:49:10","modified_gmt":"2025-02-11T17:49:10","slug":"cta-a-san-francisco-una-mejor-y-mayor-organizacion-para-enfrentar-el-ajuste","status":"publish","type":"post","link":"https:\/\/atecordoba.org\/?p=47597","title":{"rendered":"CTA-A San Francisco: Una mejor y mayor organizaci\u00f3n para enfrentar el ajuste"},"content":{"rendered":"<p><img loading=\"lazy\" decoding=\"async\" class=\"aligncenter wp-image-47598 size-full\" src=\"https:\/\/atecordoba.org\/wp-content\/uploads\/2025\/02\/dario-paredes.jpeg\" alt=\"\" width=\"362\" height=\"445\" \/><\/p>\n<p>(fuente: ctaacordoba.org)<\/p>\n<p>El trabajador municipal Dar\u00edo Paredes (foto) es el Secretario General de la CTA Aut\u00f3noma Regional San Francisco, acompa\u00f1ado por el hist\u00f3rico dirigente de prensa Antonio \u201cTano\u201d Muratore como Secretario Adjunto.<\/p>\n<p>Paredes, que tambi\u00e9n es Secretario General de ATE Seccional San Justo, manifest\u00f3 que \u201cpara este 2025 es notorio que con el Gobierno Nacional de Milei y el tremendo ajuste que est\u00e1 realizando sobre los trabajadores, vamos a tener un a\u00f1o de m\u00e1s crisis y carencias, por eso hay que estar preparados en todo sentid,o para una mejor y mayor organizaci\u00f3n\u201d.<\/p>\n<p>Paredes agreg\u00f3 que \u201cla Federaci\u00f3n Nacional Territorial (FeNaT) en San Francisco trabaja conjuntamente con la directiva de la CTA Aut\u00f3noma. De hecho, hay compa\u00f1eros y compa\u00f1eras de la Federaci\u00f3n ocupando secretar\u00edas en la conducci\u00f3n\u201d, puntualiz\u00f3.<\/p>\n<p>Se\u00f1al\u00f3 que \u201cestamos atravesando un momento dif\u00edcil y la Central es un lugar para que todos los trabajadores, la sientan como un refugio donde vamos a dar discusiones, donde vamos a entablar la lucha y donde vamos a seguir con nuestras actividades solidarias\u201d.<\/p>\n<p>Cabe consignar que en julio del a\u00f1o pasado, con la presencia de la Secretaria Adjunta de la CTA Aut\u00f3noma C\u00f3rdoba y Secretaria Adjunta de la Federaci\u00f3n Nacional Territorial, Silvia Alcoba, fue inaugurado el local de la CTA Aut\u00f3noma Regional San Francisco. Paredes, defini\u00f3 al lugar como \u201cexclusivo de los trabajadores\u201d, pero tambi\u00e9n clave para que se puedan dar debates en momentos cr\u00edticos como el actual en materia econ\u00f3mica y social.<\/p>\n<div dir=\"auto\">La sede de la Central se encuentra ubicada en la calle De\u00e1n Funes 2706, al lado de donde funciona la Asociaci\u00f3n Trabajadores del Estado (ATE-CTAA), Seccional San Justo.<\/div>\n<div dir=\"auto\"><\/div>\n<div dir=\"auto\">En el acto estuvo presente Gladys Medina, quien refund\u00f3 ATE en San Francisco luego de varios a\u00f1os sin funcionamiento y afirm\u00f3: \u201cEstoy orgullosa con lo construido, me toc\u00f3 la parte dif\u00edcil de refundar ATE y tambi\u00e9n trabajar al lado de Antonio Muratore que estaba en CTA desde hac\u00eda a\u00f1os. Cost\u00f3 mucho pero encontramos gente que se enganch\u00f3 en esta locura de construir paso a paso, si los trabajadores no nos organizamos para construir es complicado salir adelante\u201d.<\/div>\n<div dir=\"auto\"><\/div>\n<div dir=\"auto\">Por \u00faltimo Paredes expres\u00f3 que durante este a\u00f1o \u201ccontinuaremos con la conformaci\u00f3n de cooperativas de trabajo y fomentaremos un proyecto de Huerta Org\u00e1nica en la ciudad\u201d.<\/div>\n","protected":false},"excerpt":{"rendered":"<p>(fuente: ctaacordoba.org) El trabajador municipal Dar\u00edo Paredes (foto) es el Secretario General de la CTA Aut\u00f3noma Regional San Francisco, acompa\u00f1ado por el hist\u00f3rico dirigente de prensa Antonio \u201cTano\u201d Muratore como Secretario Adjunto. Paredes, que tambi\u00e9n es Secretario General de ATE Seccional San Justo, manifest\u00f3 que \u201cpara este 2025 es notorio que con el Gobierno Nacional [&hellip;]<\/p>\n","protected":false},"author":7,"featured_media":47598,"comment_status":"open","ping_status":"open","sticky":false,"template":"","format":"standard","meta":{"_exactmetrics_skip_tracking":false,"_exactmetrics_sitenote_active":false,"_exactmetrics_sitenote_note":"","_exactmetrics_sitenote_category":0,"jnews-multi-image_gallery":[],"jnews_single_post":{"format":"standard","override":[{"template":"1","parallax":"1","fullscreen":"1","layout":"no-sidebar-narrow","sidebar":"default-sidebar","second_sidebar":"default-sidebar","sticky_sidebar":"1","share_position":"bottom","share_float_style":"share-monocrhome","show_share_counter":"1","show_view_counter":"1","show_post_meta":"1","show_post_author_image":"1","show_post_date":"1","post_date_format":"default","post_date_format_custom":"Y\/m\/d","show_post_category":"1","show_post_reading_time":"0","post_reading_time_wpm":"300","post_calculate_word_method":"str_word_count","show_zoom_button":"0","zoom_button_out_step":"2","zoom_button_in_step":"3","show_post_tag":"1","number_popup_post":"1","show_post_related":"1","show_inline_post_related":"0"}],"image_override":[{"single_post_thumbnail_size":"crop-500","single_post_gallery_size":"crop-500"}],"trending_post_position":"meta","trending_post_label":"Trending","sponsored_post_label":"Sponsored by","disable_ad":"0"},"jnews_primary_category":[],"jnews_social_meta":[],"jnews_review":[],"enable_review":"","type":"percentage","name":"","summary":"","brand":"","sku":"","good":[],"bad":[],"score_override":"","override_value":"","rating":[],"price":[],"jnews_override_counter":{"view_counter_number":"0","share_counter_number":"0","like_counter_number":"0","dislike_counter_number":"0"},"jnews_post_split":{"post_split":[{"template":"1","tag":"h2","numbering":"asc","mode":"normal","first":"0","enable_toc":"0","toc_type":"normal"}]},"footnotes":""},"categories":[148],"tags":[1461,1471],"class_list":["post-47597","post","type-post","status-publish","format-standard","has-post-thumbnail","hentry","category-san-justo","tag-cta-a-cordoba","tag-fnata-ctaa"],"jetpack_featured_media_url":"https:\/\/atecordoba.org\/wp-content\/uploads\/2025\/02\/dario-paredes-e1739296055972.jpeg","_links":{"self":[{"href":"https:\/\/atecordoba.org\/index.php?rest_route=\/wp\/v2\/posts\/47597","targetHints":{"allow":["GET"]}}],"collection":[{"href":"https:\/\/atecordoba.org\/index.php?rest_route=\/wp\/v2\/posts"}],"about":[{"href":"https:\/\/atecordoba.org\/index.php?rest_route=\/wp\/v2\/types\/post"}],"author":[{"embeddable":true,"href":"https:\/\/atecordoba.org\/index.php?rest_route=\/wp\/v2\/users\/7"}],"replies":[{"embeddable":true,"href":"https:\/\/atecordoba.org\/index.php?rest_route=%2Fwp%2Fv2%2Fcomments&post=47597"}],"version-history":[{"count":1,"href":"https:\/\/atecordoba.org\/index.php?rest_route=\/wp\/v2\/posts\/47597\/revisions"}],"predecessor-version":[{"id":47599,"href":"https:\/\/atecordoba.org\/index.php?rest_route=\/wp\/v2\/posts\/47597\/revisions\/47599"}],"wp:featuredmedia":[{"embeddable":true,"href":"https:\/\/atecordoba.org\/index.php?rest_route=\/wp\/v2\/media\/47598"}],"wp:attachment":[{"href":"https:\/\/atecordoba.org\/index.php?rest_route=%2Fwp%2Fv2%2Fmedia&parent=47597"}],"wp:term":[{"taxonomy":"category","embeddable":true,"href":"https:\/\/atecordoba.org\/index.php?rest_route=%2Fwp%2Fv2%2Fcategories&post=47597"},{"taxonomy":"post_tag","embeddable":true,"href":"https:\/\/atecordoba.org\/index.php?rest_route=%2Fwp%2Fv2%2Ftags&post=47597"}],"curies":[{"name":"wp","href":"https:\/\/api.w.org\/{rel}","templated":true}]}}