{"id":47590,"date":"2025-02-11T14:33:02","date_gmt":"2025-02-11T17:33:02","guid":{"rendered":"https:\/\/atecordoba.org\/?p=47590"},"modified":"2025-02-11T14:34:13","modified_gmt":"2025-02-11T17:34:13","slug":"conicet-se-replican-las-asambleas-en-todo-el-pais-hoy-en-la-unc-a-las-18-horas","status":"publish","type":"post","link":"https:\/\/atecordoba.org\/?p=47590","title":{"rendered":"CONICET C\u00f3rdoba: asamblea hoy a las 18 horas en la UNC"},"content":{"rendered":"<p><img loading=\"lazy\" decoding=\"async\" class=\"aligncenter wp-image-47592 \" src=\"https:\/\/atecordoba.org\/wp-content\/uploads\/2025\/02\/WhatsApp-Image-2025-02-11-at-12.42.14-819x1024.jpeg\" alt=\"\" width=\"644\" height=\"805\" srcset=\"https:\/\/atecordoba.org\/wp-content\/uploads\/2025\/02\/WhatsApp-Image-2025-02-11-at-12.42.14-819x1024.jpeg 819w, https:\/\/atecordoba.org\/wp-content\/uploads\/2025\/02\/WhatsApp-Image-2025-02-11-at-12.42.14-240x300.jpeg 240w, https:\/\/atecordoba.org\/wp-content\/uploads\/2025\/02\/WhatsApp-Image-2025-02-11-at-12.42.14-768x960.jpeg 768w, https:\/\/atecordoba.org\/wp-content\/uploads\/2025\/02\/WhatsApp-Image-2025-02-11-at-12.42.14-750x938.jpeg 750w, https:\/\/atecordoba.org\/wp-content\/uploads\/2025\/02\/WhatsApp-Image-2025-02-11-at-12.42.14.jpeg 1080w\" sizes=\"auto, (max-width: 644px) 100vw, 644px\" \/>En el marco de la movilizaci\u00f3n que manifiesta el conjunto de la comunidad cient\u00edfica nacional, ante el ataque brutal que lleva adelante el gobierno de Javier Milei, hoy est\u00e1n convocados, a las 18 horas, las y los trabajadores de CONICET en C\u00f3rdoba, a partir del llamado de la Junta Interna ATE CONICET C\u00f3rdoba y su cuerpo de delegados\/as.<\/p>\n<p>La cita es en el hall principal de la Facultad de Psicolog\u00eda de la Universidad Nacional de C\u00f3rdoba, en la Ciudad Universitaria.<\/p>\n<p>Temario abierto:<br \/>\n\ud83d\udc49\ud83c\udffb Situaci\u00f3n de becarios\/as de Agencia I+D+i y PICT #d\u00f3ndeest\u00e1nlosfondos?<br \/>\n\ud83d\udc49\ud83c\udffbDNU de pr\u00f3xima publicaci\u00f3n que continuar\u00e1 con el desguace del Estado.<br \/>\n\ud83d\udc49\ud83c\udffbBecas de finalizaci\u00f3n<br \/>\n\ud83d\udc49\ud83c\udffbSituaci\u00f3n de CIC<br \/>\n\ud83d\udc49\ud83c\udffbC\u00f3mo seguimos?<\/p>\n<p>Cabe mencionar que hace dos semanas se realiz\u00f3 una asamblea de trabajadoras\/es del organismo cient\u00edfico en Bariloche y ayer sucedi\u00f3 otro tanto en Capital Federal. Esta semana se replican asambleas en Rosario, Posadas, San Juan, Salta y Santiago del Estero.<\/p>\n<p>Por caso, en la ciudad de Buenos Aires, la asamblea cont\u00f3 con una masiva participaci\u00f3n de 250 compa\u00f1eros\/as, donde se resolvi\u00f3 articular con la asamblea antifascista y movilizar el mi\u00e9rcoles 19 de febrero al Directorio de CONICET.<\/p>\n<p><strong>Inversi\u00f3n p\u00fablica en ciencias, en m\u00ednimos hist\u00f3ricos<\/strong><\/p>\n<p>Un informe del diario Tiempo Argentino consign\u00f3 ayer que en 2025 la inversi\u00f3n estatal en ciencia perforar\u00e1 su m\u00ednimo hist\u00f3rico: en porcentaje del PBI, Ciencia y Tecnolog\u00eda ocupar\u00e1 apenas el 0,157%.<\/p>\n<p><img loading=\"lazy\" decoding=\"async\" class=\"aligncenter wp-image-47591 \" src=\"https:\/\/atecordoba.org\/wp-content\/uploads\/2025\/02\/inversion-ciencias-1024x467.jpg\" alt=\"\" width=\"654\" height=\"298\" srcset=\"https:\/\/atecordoba.org\/wp-content\/uploads\/2025\/02\/inversion-ciencias-1024x467.jpg 1024w, https:\/\/atecordoba.org\/wp-content\/uploads\/2025\/02\/inversion-ciencias-300x137.jpg 300w, https:\/\/atecordoba.org\/wp-content\/uploads\/2025\/02\/inversion-ciencias-768x351.jpg 768w, https:\/\/atecordoba.org\/wp-content\/uploads\/2025\/02\/inversion-ciencias-750x342.jpg 750w, https:\/\/atecordoba.org\/wp-content\/uploads\/2025\/02\/inversion-ciencias-1140x520.jpg 1140w, https:\/\/atecordoba.org\/wp-content\/uploads\/2025\/02\/inversion-ciencias.jpg 1251w\" sizes=\"auto, (max-width: 654px) 100vw, 654px\" \/><\/p>\n<p>&#8220;De acuerdo a un informe publicado por el Centro Iberoamericano de Investigaci\u00f3n en Ciencia, Tecnolog\u00eda e Innovaci\u00f3n (CIICTI), la Funci\u00f3n Ciencia y Tecnolog\u00eda (FCyT) del presupuesto de la Administraci\u00f3n P\u00fablica Nacional (APN) inicia el 2025 con un horizonte de ca\u00edda en su Cr\u00e9dito Vigente (CV) del 21,3% en t\u00e9rminos reales contra 2024, \u00abque se agrega a la ca\u00edda real del 32,9% del a\u00f1o precedente, totalizando un deterioro en t\u00e9rminos reales del 47,2% en menos de dos a\u00f1os\u00bb.\u00a0Sin presupuesto oficial para este a\u00f1o, la pr\u00f3rroga presupuestaria dispuesta por la disposici\u00f3n administrativa del 17 de enero lleva el Cr\u00e9dito Vigente (CV) de la FCyT a 1.32 billones de pesos (bn$), de los cuales en enero se ejecut\u00f3 el 6,1% (contra una l\u00ednea te\u00f3rica del 7,4%)&#8221;, remarc\u00f3 Tiempo Argentino.<\/p>\n<p>&nbsp;<\/p>\n","protected":false},"excerpt":{"rendered":"<p>En el marco de la movilizaci\u00f3n que manifiesta el conjunto de la comunidad cient\u00edfica nacional, ante el ataque brutal que lleva adelante el gobierno de Javier Milei, hoy est\u00e1n convocados, a las 18 horas, las y los trabajadores de CONICET en C\u00f3rdoba, a partir del llamado de la Junta Interna ATE CONICET C\u00f3rdoba y su [&hellip;]<\/p>\n","protected":false},"author":7,"featured_media":47568,"comment_status":"open","ping_status":"open","sticky":false,"template":"","format":"standard","meta":{"_exactmetrics_skip_tracking":false,"_exactmetrics_sitenote_active":false,"_exactmetrics_sitenote_note":"","_exactmetrics_sitenote_category":0,"jnews-multi-image_gallery":[],"jnews_single_post":{"format":"standard","override":[{"template":"1","parallax":"1","fullscreen":"1","layout":"no-sidebar-narrow","sidebar":"default-sidebar","second_sidebar":"default-sidebar","sticky_sidebar":"1","share_position":"bottom","share_float_style":"share-monocrhome","show_share_counter":"1","show_view_counter":"1","show_post_meta":"1","show_post_author_image":"1","show_post_date":"1","post_date_format":"default","post_date_format_custom":"Y\/m\/d","show_post_category":"1","show_post_reading_time":"0","post_reading_time_wpm":"300","post_calculate_word_method":"str_word_count","show_zoom_button":"0","zoom_button_out_step":"2","zoom_button_in_step":"3","show_post_tag":"1","number_popup_post":"1","show_post_related":"1","show_inline_post_related":"0"}],"image_override":[{"single_post_thumbnail_size":"crop-500","single_post_gallery_size":"crop-500"}],"trending_post_position":"meta","trending_post_label":"Trending","sponsored_post_label":"Sponsored by","disable_ad":"0"},"jnews_primary_category":[],"jnews_social_meta":[],"jnews_review":[],"enable_review":"","type":"percentage","name":"","summary":"","brand":"","sku":"","good":[],"bad":[],"score_override":"","override_value":"","rating":[],"price":[],"jnews_override_counter":{"view_counter_number":"0","share_counter_number":"0","like_counter_number":"0","dislike_counter_number":"0"},"jnews_post_split":{"post_split":[{"template":"1","tag":"h2","numbering":"asc","mode":"normal","first":"0","enable_toc":"0","toc_type":"normal"}]},"footnotes":""},"categories":[18],"tags":[1452,61],"class_list":["post-47590","post","type-post","status-publish","format-standard","has-post-thumbnail","hentry","category-nacionales","tag-ate-conicet-cordoba","tag-conicet"],"jetpack_featured_media_url":"https:\/\/atecordoba.org\/wp-content\/uploads\/2025\/02\/WhatsApp-Image-2025-02-07-at-14.40.11-scaled-e1739294994898.jpeg","_links":{"self":[{"href":"https:\/\/atecordoba.org\/index.php?rest_route=\/wp\/v2\/posts\/47590","targetHints":{"allow":["GET"]}}],"collection":[{"href":"https:\/\/atecordoba.org\/index.php?rest_route=\/wp\/v2\/posts"}],"about":[{"href":"https:\/\/atecordoba.org\/index.php?rest_route=\/wp\/v2\/types\/post"}],"author":[{"embeddable":true,"href":"https:\/\/atecordoba.org\/index.php?rest_route=\/wp\/v2\/users\/7"}],"replies":[{"embeddable":true,"href":"https:\/\/atecordoba.org\/index.php?rest_route=%2Fwp%2Fv2%2Fcomments&post=47590"}],"version-history":[{"count":2,"href":"https:\/\/atecordoba.org\/index.php?rest_route=\/wp\/v2\/posts\/47590\/revisions"}],"predecessor-version":[{"id":47594,"href":"https:\/\/atecordoba.org\/index.php?rest_route=\/wp\/v2\/posts\/47590\/revisions\/47594"}],"wp:featuredmedia":[{"embeddable":true,"href":"https:\/\/atecordoba.org\/index.php?rest_route=\/wp\/v2\/media\/47568"}],"wp:attachment":[{"href":"https:\/\/atecordoba.org\/index.php?rest_route=%2Fwp%2Fv2%2Fmedia&parent=47590"}],"wp:term":[{"taxonomy":"category","embeddable":true,"href":"https:\/\/atecordoba.org\/index.php?rest_route=%2Fwp%2Fv2%2Fcategories&post=47590"},{"taxonomy":"post_tag","embeddable":true,"href":"https:\/\/atecordoba.org\/index.php?rest_route=%2Fwp%2Fv2%2Ftags&post=47590"}],"curies":[{"name":"wp","href":"https:\/\/api.w.org\/{rel}","templated":true}]}}