{"id":47584,"date":"2025-02-10T10:41:41","date_gmt":"2025-02-10T13:41:41","guid":{"rendered":"https:\/\/atecordoba.org\/?p=47584"},"modified":"2025-02-10T10:41:41","modified_gmt":"2025-02-10T13:41:41","slug":"la-paz-ate-pide-participacion-en-la-paritaria-municipal","status":"publish","type":"post","link":"https:\/\/atecordoba.org\/?p=47584","title":{"rendered":"La Paz: ATE pide participaci\u00f3n en la paritaria municipal"},"content":{"rendered":"<p><img loading=\"lazy\" decoding=\"async\" class=\"aligncenter wp-image-47585 \" src=\"https:\/\/atecordoba.org\/wp-content\/uploads\/2025\/02\/muni-la-paz-1024x576.webp\" alt=\"\" width=\"615\" height=\"346\" \/>En una nota dirigida al intendente Ram\u00f3n Rufino Funes, ATE reclam\u00f3 la participaci\u00f3n de nuestra organizaci\u00f3n en la paritaria municipal que se realizar\u00e1 pr\u00f3ximamente en la localidad del Valle de Traslasierra.<\/p>\n<p>En la ocasi\u00f3n, ATE adelant\u00f3 su postura de solicitar la aplicaci\u00f3n de la cl\u00e1usula gatillo y la correcta regulaci\u00f3n de los porcentajes de recomposici\u00f3n salarial para el personal del sector salud.<\/p>\n<p>La nota lleva la firma del secretario General de ATE C\u00f3rdoba, Federico Giuliani.<\/p>\n<a href=\"https:\/\/atecordoba.org\/wp-content\/uploads\/2025\/02\/Paritaria-La-Paz-1.pdf\" class=\"pdfemb-viewer\" style=\"\" data-width=\"max\" data-height=\"max\" data-toolbar=\"bottom\" data-toolbar-fixed=\"off\">Paritaria- La Paz (1)<\/a>\n","protected":false},"excerpt":{"rendered":"<p>En una nota dirigida al intendente Ram\u00f3n Rufino Funes, ATE reclam\u00f3 la participaci\u00f3n de nuestra organizaci\u00f3n en la paritaria municipal que se realizar\u00e1 pr\u00f3ximamente en la localidad del Valle de Traslasierra. En la ocasi\u00f3n, ATE adelant\u00f3 su postura de solicitar la aplicaci\u00f3n de la cl\u00e1usula gatillo y la correcta regulaci\u00f3n de los porcentajes de recomposici\u00f3n [&hellip;]<\/p>\n","protected":false},"author":7,"featured_media":47585,"comment_status":"open","ping_status":"open","sticky":false,"template":"","format":"standard","meta":{"_exactmetrics_skip_tracking":false,"_exactmetrics_sitenote_active":false,"_exactmetrics_sitenote_note":"","_exactmetrics_sitenote_category":0,"jnews-multi-image_gallery":[],"jnews_single_post":{"format":"standard","override":[{"template":"1","parallax":"1","fullscreen":"1","layout":"no-sidebar-narrow","sidebar":"default-sidebar","second_sidebar":"default-sidebar","sticky_sidebar":"1","share_position":"bottom","share_float_style":"share-monocrhome","show_share_counter":"1","show_view_counter":"1","show_post_meta":"1","show_post_author_image":"1","show_post_date":"1","post_date_format":"default","post_date_format_custom":"Y\/m\/d","show_post_category":"1","show_post_reading_time":"0","post_reading_time_wpm":"300","post_calculate_word_method":"str_word_count","show_zoom_button":"0","zoom_button_out_step":"2","zoom_button_in_step":"3","show_post_tag":"1","number_popup_post":"1","show_post_related":"1","show_inline_post_related":"0"}],"image_override":[{"single_post_thumbnail_size":"crop-500","single_post_gallery_size":"crop-500"}],"trending_post_position":"meta","trending_post_label":"Trending","sponsored_post_label":"Sponsored by","disable_ad":"0"},"jnews_primary_category":[],"jnews_social_meta":[],"jnews_review":[],"enable_review":"","type":"percentage","name":"","summary":"","brand":"","sku":"","good":[],"bad":[],"score_override":"","override_value":"","rating":[],"price":[],"jnews_override_counter":{"view_counter_number":"0","share_counter_number":"0","like_counter_number":"0","dislike_counter_number":"0"},"jnews_post_split":{"post_split":[{"template":"1","tag":"h2","numbering":"asc","mode":"normal","first":"0","enable_toc":"0","toc_type":"normal"}]},"footnotes":""},"categories":[20],"tags":[599,1038],"class_list":["post-47584","post","type-post","status-publish","format-standard","has-post-thumbnail","hentry","category-municipales","tag-paritaria","tag-paritaria-municipal"],"jetpack_featured_media_url":"https:\/\/atecordoba.org\/wp-content\/uploads\/2025\/02\/muni-la-paz-e1739194880365.webp","_links":{"self":[{"href":"https:\/\/atecordoba.org\/index.php?rest_route=\/wp\/v2\/posts\/47584","targetHints":{"allow":["GET"]}}],"collection":[{"href":"https:\/\/atecordoba.org\/index.php?rest_route=\/wp\/v2\/posts"}],"about":[{"href":"https:\/\/atecordoba.org\/index.php?rest_route=\/wp\/v2\/types\/post"}],"author":[{"embeddable":true,"href":"https:\/\/atecordoba.org\/index.php?rest_route=\/wp\/v2\/users\/7"}],"replies":[{"embeddable":true,"href":"https:\/\/atecordoba.org\/index.php?rest_route=%2Fwp%2Fv2%2Fcomments&post=47584"}],"version-history":[{"count":1,"href":"https:\/\/atecordoba.org\/index.php?rest_route=\/wp\/v2\/posts\/47584\/revisions"}],"predecessor-version":[{"id":47587,"href":"https:\/\/atecordoba.org\/index.php?rest_route=\/wp\/v2\/posts\/47584\/revisions\/47587"}],"wp:featuredmedia":[{"embeddable":true,"href":"https:\/\/atecordoba.org\/index.php?rest_route=\/wp\/v2\/media\/47585"}],"wp:attachment":[{"href":"https:\/\/atecordoba.org\/index.php?rest_route=%2Fwp%2Fv2%2Fmedia&parent=47584"}],"wp:term":[{"taxonomy":"category","embeddable":true,"href":"https:\/\/atecordoba.org\/index.php?rest_route=%2Fwp%2Fv2%2Fcategories&post=47584"},{"taxonomy":"post_tag","embeddable":true,"href":"https:\/\/atecordoba.org\/index.php?rest_route=%2Fwp%2Fv2%2Ftags&post=47584"}],"curies":[{"name":"wp","href":"https:\/\/api.w.org\/{rel}","templated":true}]}}