{"id":47576,"date":"2025-02-10T10:19:51","date_gmt":"2025-02-10T13:19:51","guid":{"rendered":"https:\/\/atecordoba.org\/?p=47576"},"modified":"2025-02-10T10:28:52","modified_gmt":"2025-02-10T13:28:52","slug":"ate-con-el-papa-francisco-nuestro-espiritu-ha-sido-fortalecido","status":"publish","type":"post","link":"https:\/\/atecordoba.org\/?p=47576","title":{"rendered":"ATE con el Papa Francisco: &#8220;Nuestro esp\u00edritu ha sido fortalecido&#8221;"},"content":{"rendered":"<section class=\"elementor-section elementor-inner-section elementor-element elementor-element-ddb0370 elementor-section-boxed elementor-section-height-default elementor-section-height-default\" data-id=\"ddb0370\" data-element_type=\"section\">\n<div class=\"elementor-container elementor-column-gap-default\">\n<div class=\"elementor-column elementor-col-100 elementor-inner-column elementor-element elementor-element-c7b16d1\" data-id=\"c7b16d1\" data-element_type=\"column\">\n<div class=\"elementor-widget-wrap elementor-element-populated\">\n<div class=\"elementor-element elementor-element-b4355ce elementor-widget elementor-widget-theme-post-featured-image elementor-widget-image\" data-id=\"b4355ce\" data-element_type=\"widget\" data-widget_type=\"theme-post-featured-image.default\">\n<div class=\"elementor-widget-container\"><img loading=\"lazy\" decoding=\"async\" class=\"attachment-full aligncenter wp-image-236708 \" src=\"https:\/\/i0.wp.com\/ate.org.ar\/wp-content\/uploads\/2025\/02\/IMG_2436-scaled.jpg?fit=2560%2C1707&amp;ssl=1\" srcset=\"https:\/\/i0.wp.com\/ate.org.ar\/wp-content\/uploads\/2025\/02\/IMG_2436-scaled.jpg?w=2560&amp;ssl=1 2560w, https:\/\/i0.wp.com\/ate.org.ar\/wp-content\/uploads\/2025\/02\/IMG_2436-scaled.jpg?resize=300%2C200&amp;ssl=1 300w, https:\/\/i0.wp.com\/ate.org.ar\/wp-content\/uploads\/2025\/02\/IMG_2436-scaled.jpg?resize=1024%2C683&amp;ssl=1 1024w, https:\/\/i0.wp.com\/ate.org.ar\/wp-content\/uploads\/2025\/02\/IMG_2436-scaled.jpg?resize=768%2C512&amp;ssl=1 768w, https:\/\/i0.wp.com\/ate.org.ar\/wp-content\/uploads\/2025\/02\/IMG_2436-scaled.jpg?resize=1536%2C1024&amp;ssl=1 1536w, https:\/\/i0.wp.com\/ate.org.ar\/wp-content\/uploads\/2025\/02\/IMG_2436-scaled.jpg?resize=2048%2C1365&amp;ssl=1 2048w, https:\/\/i0.wp.com\/ate.org.ar\/wp-content\/uploads\/2025\/02\/IMG_2436-scaled.jpg?resize=1200%2C800&amp;ssl=1 1200w, https:\/\/i0.wp.com\/ate.org.ar\/wp-content\/uploads\/2025\/02\/IMG_2436-scaled.jpg?resize=1980%2C1320&amp;ssl=1 1980w, https:\/\/i0.wp.com\/ate.org.ar\/wp-content\/uploads\/2025\/02\/IMG_2436-scaled.jpg?w=1740&amp;ssl=1 1740w\" alt=\"\" width=\"633\" height=\"423\" \/><\/div>\n<\/div>\n<\/div>\n<\/div>\n<\/div>\n<\/section>\n<div class=\"elementor-element elementor-element-4aa6d48 elementor-widget elementor-widget-theme-post-content\" data-id=\"4aa6d48\" data-element_type=\"widget\" data-widget_type=\"theme-post-content.default\">\n<div class=\"elementor-widget-container\">\n<p>El Papa Francisco recibi\u00f3 el s\u00e1bado pasado en la Casa Santa Marta del Vaticano a la Conducci\u00f3n Nacional de ATE encabezada por su Secretario General, Rodolfo Aguiar, quien le pidi\u00f3 al Sumo Pont\u00edfice que \u201ceval\u00fae adelantar su viaje a la Argentina, que no lo demore m\u00e1s porque hay un pueblo sufriente deseoso de su llegada\u201d.<\/p>\n<p>\u201cLas pol\u00edticas de ajuste que se aplican est\u00e1n generando un costo social muy alto. El Gobierno niega la justicia social y crecen las desigualdades. Los trabajadores estamos siendo fuertemente atacados y el Estado ya no cumple con su rol de articular el bien com\u00fan y promover el desarrollo humano\u00bb, explic\u00f3 el dirigente a la salida de la reuni\u00f3n.<\/p>\n<p>\u00abTambi\u00e9n le pedimos que rece por el Presidente para que lo haga mejor persona. Milei construye con odio, sus discursos son violentos y siembra resentimiento. Sin nada de empat\u00eda, su estrategia es la confrontaci\u00f3n permanente. Busca dividir y deshumanizar. Por estas horas es la convivencia democr\u00e1tica la que est\u00e1 en riesgo\u00bb, apunt\u00f3 el referente estatal.<\/p>\n<figure class=\"wp-block-image size-large\"><img loading=\"lazy\" decoding=\"async\" class=\"aligncenter wp-image-236709\" src=\"https:\/\/i0.wp.com\/ate.org.ar\/wp-content\/uploads\/2025\/02\/IMG_2432.jpg?resize=580%2C387&amp;ssl=1\" alt=\"\" width=\"580\" height=\"387\" data-recalc-dims=\"1\" \/><\/figure>\n<p>Aguiar le hizo saber al Santo Padre del enfrentamiento que el Presidente argentino desat\u00f3 contra los estatales a trav\u00e9s de constantes ataques discursivos materializados en pol\u00edticas de desmantelamiento, desguace y remate del patrimonio estatal, retirando toda presencia del Estado Nacional de las provincias, y cesanteando ilegalmente a miles de trabajadores. En esta l\u00ednea, el sindicalista valor\u00f3 la decisi\u00f3n del m\u00e1ximo referente de la Iglesia Cat\u00f3lica a nivel mundial de reunirse con uno de los sindicatos de mayor confrontaci\u00f3n con el Gobierno.<\/p>\n<p>\u00abEn tiempos tan dif\u00edciles, de tantos embates y asedio, esta charla, este abrazo con Francisco, sus palabras de aliento y su bendici\u00f3n se convierten en un gran escudo para ATE y para todos los estatales\u00bb, asegur\u00f3 el Secretario General del sindicato.<\/p>\n<blockquote><p><strong><a href=\"https:\/\/ate.org.ar\/250209-obsequios-papa-francisco\/\">Obsequios para Francisco<\/a>: Una escultura del enfermero Art\u00e9mides Zatti (rionegrino al igual que el dirigente gremial y canonizado por el Sumo Pont\u00edfice en 2022); una cruz salvadore\u00f1a ilustrada con la lucha de los estatales junto a las Madres y Abuelas de Plaza de Mayo; una medalla del centenario del sindicato y una edici\u00f3n especial del Estatuto fueron entregadas en manos del Santo Padre.<\/strong><\/p><\/blockquote>\n<p>Aguiar cont\u00f3 que durante la conversaci\u00f3n, Francisco envi\u00f3 un mensaje de aliento a la lucha que est\u00e1n llevando los estatales, valorando el rol que tiene que tener un Estado que mire a los pobres y sectores populares. \u201cNos dijo que el trabajo es familia, que la familia no se concibe sin trabajo y que por lo tanto, atentar contra los puestos de empleo es menoscabar a las familias\u201d, coment\u00f3 el dirigente de ATE.<\/p>\n<p>\u00abNos llenamos de fe y esperanza. Nuestro esp\u00edritu ha sido fortalecido. Estamos m\u00e1s fuertes que nunca, y vamos a seguir luchando para defender nuestro derecho y el derecho de nuestro pueblo a ser felices\u00bb, concluy\u00f3 Aguiar.<\/p>\n<figure class=\"wp-block-image size-large\"><img loading=\"lazy\" decoding=\"async\" class=\"aligncenter wp-image-236707\" src=\"https:\/\/i0.wp.com\/ate.org.ar\/wp-content\/uploads\/2025\/02\/IMG_2435.jpg?resize=580%2C387&amp;ssl=1\" alt=\"\" width=\"580\" height=\"387\" data-recalc-dims=\"1\" \/><\/figure>\n<p>La comitiva de ATE, integrada tambi\u00e9n por su Secretaria Adjunta, Mercedes Cabezas, le hizo entrega a Francisco de un informe sumamente cr\u00edtico sobre las pol\u00edticas del Gobierno nacional, detallando las consecuencias del modelo neoliberal que implementa Milei y que ya repercuten en la poblaci\u00f3n argentina.<\/p>\n<p>\u201cLe expresamos nuestro agradecimiento al Papa Francisco por las declaraciones que viene haciendo con respecto al Estado y la justicia social, y la importancia del rol del Estado en funci\u00f3n de nivelar la desigualdad estructural del sistema. Para nosotros y nosotras en la Argentina en un momento de tanto ataque hacia el Estado, de tanto intento de desaparecer un Estado que abrace a la poblaci\u00f3n m\u00e1s vulnerada por el sistema, que un l\u00edder mundial como Francisco avance en el reconocimiento de nuestro sindicato y fundamentalmente de nuestra tarea como estatales y estatalas, es important\u00edsimo, porque pone en el debate mundial no s\u00f3lo el rol del Estado, sino el trabajo de cientos de compa\u00f1eros y compa\u00f1eras que todos los d\u00edas defienden la pol\u00edtica p\u00fablica en cada uno de los territorios\u201d, apunt\u00f3 Mercedes Cabezas.<\/p>\n<p>En esta l\u00ednea, la Secretaria Adjunta de ATE cont\u00f3: \u201cTambi\u00e9n le expresamos nuestra preocupaci\u00f3n respecto del avance del fascismo, no s\u00f3lo en la Argentina, sino en varios pa\u00edses de Latinoam\u00e9rica y como movimiento a nivel mundial. Genera preocupaci\u00f3n la intenci\u00f3n de este Gobierno y de otros gobiernos de avanzar en contra de los derechos conseguidos por la clase trabajadora. Es necesario recuperar valores y terminar con la violencia generada por este Gobierno. Debemos volver a entender que con el amor como herramienta nuestro pueblo necesita de un Estado presente, pero fundamentalmente tambi\u00e9n necesita recuperar el sentido del derecho colectivo y el sentido de la dignidad en torno al trabajo. Y eso se hace con pol\u00edtica p\u00fablica y no con menos trabajadores, sino con m\u00e1s\u201d.<\/p>\n<p>\u201cEstamos muy contentos, muy emocionados por esta audiencia y por el aliento que nos genera que uno de los l\u00edderes m\u00e1s importantes del mundo no s\u00f3lo haya recibido nuestra organizaci\u00f3n, sino que haya reconocido la trayectoria de los que luchan en el territorio de su patria\u201d, concluy\u00f3 la dirigente estatal.<\/p>\n<figure class=\"wp-block-image size-large\"><img loading=\"lazy\" decoding=\"async\" class=\"aligncenter wp-image-236710\" src=\"https:\/\/i0.wp.com\/ate.org.ar\/wp-content\/uploads\/2025\/02\/IMG_2433.jpg?resize=580%2C387&amp;ssl=1\" alt=\"\" width=\"580\" height=\"387\" data-recalc-dims=\"1\" \/><\/figure>\n<p>El extenso escrito tambi\u00e9n aborda el aspecto humanitario de todas estas pol\u00edticas en el grueso de la sociedad, pero especialmente en las franjas m\u00e1s vulnerables de la misma: mayores dificultades para acceder al sistema p\u00fablico de salud y a los medicamentos; tarifas de servicios desreguladas y en aumento constante; jubilaciones por debajo de la l\u00ednea de indigencia; m\u00e1s de 1 mill\u00f3n de ni\u00f1os y ni\u00f1as que todas las noches se van a dormir sin cenar por los costos de los alimentos; entre otros.<\/p>\n<p>En el intercambio de palabras entre Francisco y Aguiar, hubo coincidencia plena en la mirada sobre el rol del Estado para garantizar los derechos de la poblaci\u00f3n y fue ah\u00ed donde el dirigente estatal record\u00f3 unas palabras dichas por el Santo Padre en mayo del a\u00f1o pasado: \u201cEl Estado es hoy m\u00e1s importante que nunca, est\u00e1 llamado a ejercer ese papel central de redistribuci\u00f3n y justicia social\u201d.<\/p>\n<\/div>\n<\/div>\n<p>&nbsp;<\/p>\n","protected":false},"excerpt":{"rendered":"<p>El Papa Francisco recibi\u00f3 el s\u00e1bado pasado en la Casa Santa Marta del Vaticano a la Conducci\u00f3n Nacional de ATE encabezada por su Secretario General, Rodolfo Aguiar, quien le pidi\u00f3 al Sumo Pont\u00edfice que \u201ceval\u00fae adelantar su viaje a la Argentina, que no lo demore m\u00e1s porque hay un pueblo sufriente deseoso de su llegada\u201d. [&hellip;]<\/p>\n","protected":false},"author":7,"featured_media":47577,"comment_status":"open","ping_status":"open","sticky":false,"template":"","format":"standard","meta":{"_exactmetrics_skip_tracking":false,"_exactmetrics_sitenote_active":false,"_exactmetrics_sitenote_note":"","_exactmetrics_sitenote_category":0,"jnews-multi-image_gallery":[],"jnews_single_post":{"format":"standard","override":[{"template":"1","parallax":"1","fullscreen":"1","layout":"no-sidebar-narrow","sidebar":"default-sidebar","second_sidebar":"default-sidebar","sticky_sidebar":"1","share_position":"bottom","share_float_style":"share-monocrhome","show_share_counter":"1","show_view_counter":"1","show_post_meta":"1","show_post_author_image":"1","show_post_date":"1","post_date_format":"default","post_date_format_custom":"Y\/m\/d","show_post_category":"1","show_post_reading_time":"0","post_reading_time_wpm":"300","post_calculate_word_method":"str_word_count","show_zoom_button":"0","zoom_button_out_step":"2","zoom_button_in_step":"3","show_post_tag":"1","number_popup_post":"1","show_post_related":"1","show_inline_post_related":"0"}],"image_override":[{"single_post_thumbnail_size":"crop-500","single_post_gallery_size":"crop-500"}],"trending_post_position":"meta","trending_post_label":"Trending","sponsored_post_label":"Sponsored by","disable_ad":"0"},"jnews_primary_category":[],"jnews_social_meta":[],"jnews_review":[],"enable_review":"","type":"percentage","name":"","summary":"","brand":"","sku":"","good":[],"bad":[],"score_override":"","override_value":"","rating":[],"price":[],"jnews_override_counter":{"view_counter_number":"0","share_counter_number":"0","like_counter_number":"0","dislike_counter_number":"0"},"jnews_post_split":{"post_split":[{"template":"1","tag":"h2","numbering":"asc","mode":"normal","first":"0","enable_toc":"0","toc_type":"normal"}]},"footnotes":""},"categories":[10],"tags":[1470,1469,1468],"class_list":["post-47576","post","type-post","status-publish","format-standard","has-post-thumbnail","hentry","category-accion-politica","tag-ate-papa-francisco","tag-audiencia-vaticano","tag-papa-francisco"],"jetpack_featured_media_url":"https:\/\/atecordoba.org\/wp-content\/uploads\/2025\/02\/ate-con-francisco-e1739193572582.webp","_links":{"self":[{"href":"https:\/\/atecordoba.org\/index.php?rest_route=\/wp\/v2\/posts\/47576","targetHints":{"allow":["GET"]}}],"collection":[{"href":"https:\/\/atecordoba.org\/index.php?rest_route=\/wp\/v2\/posts"}],"about":[{"href":"https:\/\/atecordoba.org\/index.php?rest_route=\/wp\/v2\/types\/post"}],"author":[{"embeddable":true,"href":"https:\/\/atecordoba.org\/index.php?rest_route=\/wp\/v2\/users\/7"}],"replies":[{"embeddable":true,"href":"https:\/\/atecordoba.org\/index.php?rest_route=%2Fwp%2Fv2%2Fcomments&post=47576"}],"version-history":[{"count":4,"href":"https:\/\/atecordoba.org\/index.php?rest_route=\/wp\/v2\/posts\/47576\/revisions"}],"predecessor-version":[{"id":47581,"href":"https:\/\/atecordoba.org\/index.php?rest_route=\/wp\/v2\/posts\/47576\/revisions\/47581"}],"wp:featuredmedia":[{"embeddable":true,"href":"https:\/\/atecordoba.org\/index.php?rest_route=\/wp\/v2\/media\/47577"}],"wp:attachment":[{"href":"https:\/\/atecordoba.org\/index.php?rest_route=%2Fwp%2Fv2%2Fmedia&parent=47576"}],"wp:term":[{"taxonomy":"category","embeddable":true,"href":"https:\/\/atecordoba.org\/index.php?rest_route=%2Fwp%2Fv2%2Fcategories&post=47576"},{"taxonomy":"post_tag","embeddable":true,"href":"https:\/\/atecordoba.org\/index.php?rest_route=%2Fwp%2Fv2%2Ftags&post=47576"}],"curies":[{"name":"wp","href":"https:\/\/api.w.org\/{rel}","templated":true}]}}