{"id":47566,"date":"2025-02-07T14:52:42","date_gmt":"2025-02-07T17:52:42","guid":{"rendered":"https:\/\/atecordoba.org\/?p=47566"},"modified":"2025-02-10T10:02:54","modified_gmt":"2025-02-10T13:02:54","slug":"abismo-de-incertidumbre-en-conicet-por-el-vaciamiento-la-desfinanciacion-los-bajos-salarios-y-los-despidos-de-personal","status":"publish","type":"post","link":"https:\/\/atecordoba.org\/?p=47566","title":{"rendered":"Abismo de incertidumbre en CONICET por el vaciamiento, la desfinanciaci\u00f3n, los bajos salarios y los despidos de personal"},"content":{"rendered":"<p><img loading=\"lazy\" decoding=\"async\" class=\"aligncenter wp-image-47567 \" src=\"https:\/\/atecordoba.org\/wp-content\/uploads\/2025\/02\/WhatsApp-Image-2025-02-07-at-14.33.00-1024x1024.jpeg\" alt=\"\" width=\"629\" height=\"629\" srcset=\"https:\/\/atecordoba.org\/wp-content\/uploads\/2025\/02\/WhatsApp-Image-2025-02-07-at-14.33.00-1024x1024.jpeg 1024w, https:\/\/atecordoba.org\/wp-content\/uploads\/2025\/02\/WhatsApp-Image-2025-02-07-at-14.33.00-300x300.jpeg 300w, https:\/\/atecordoba.org\/wp-content\/uploads\/2025\/02\/WhatsApp-Image-2025-02-07-at-14.33.00-150x150.jpeg 150w, https:\/\/atecordoba.org\/wp-content\/uploads\/2025\/02\/WhatsApp-Image-2025-02-07-at-14.33.00-768x768.jpeg 768w, https:\/\/atecordoba.org\/wp-content\/uploads\/2025\/02\/WhatsApp-Image-2025-02-07-at-14.33.00-560x560.jpeg 560w, https:\/\/atecordoba.org\/wp-content\/uploads\/2025\/02\/WhatsApp-Image-2025-02-07-at-14.33.00-75x75.jpeg 75w, https:\/\/atecordoba.org\/wp-content\/uploads\/2025\/02\/WhatsApp-Image-2025-02-07-at-14.33.00-350x350.jpeg 350w, https:\/\/atecordoba.org\/wp-content\/uploads\/2025\/02\/WhatsApp-Image-2025-02-07-at-14.33.00-750x750.jpeg 750w, https:\/\/atecordoba.org\/wp-content\/uploads\/2025\/02\/WhatsApp-Image-2025-02-07-at-14.33.00.jpeg 1080w\" sizes=\"auto, (max-width: 629px) 100vw, 629px\" \/><\/p>\n<p>Si bien el gobierno desminti\u00f3 la inclusi\u00f3n del Consejo Nacional de Investigaciones Cient\u00edficas y T\u00e9cnicas (CONICET) de un presunto DNU, que el ajustador serial Federico Sturzenegger busca implementar para cerrar m\u00e1s organismos p\u00fablicos, desde la Junta Interna de ATE Conicet C\u00f3rdoba alertaron que el cierre de otras dependencias afectar\u00e1 el trabajo coordinador que se desarrolla actualmente con el Consejo Cient\u00edfico. \u201cEsto tiene su costado econ\u00f3mico pero tambi\u00e9n social en tanto son organismos que le sirven a la poblaci\u00f3n\u201d,\u00a0 explica Mar\u00eda C\u00f3rdoba, secretaria de prensa de la Junta Interna ATE Conicet C\u00f3rdoba.<\/p>\n<p>Al margen de las intenciones del ministro de Desregulaci\u00f3n y Transformaci\u00f3n del Estado, desde la asunci\u00f3n de Milei CONICET viene sufriendo un vaciamiento sistem\u00e1tico.<\/p>\n<p>\u201cEsto se est\u00e1 produciendo en todos los planos de funcionamiento del organismo. Se redujeron puestos laborales en t\u00e9rminos de cantidad de becas otorgadas, de la falta de altas de personal de apoyo (CPA), que son trabajadoras\/es t\u00e9cnicos que colaboran para el normal funcionamiento de las unidades que conforman CONICET. Tambi\u00e9n es cr\u00edtica la situaci\u00f3n del personal administrativo, que ya ven\u00eda siendo escaso ante de la asunci\u00f3n de Milei&#8221;, apunta la dirigente.<\/p>\n<p><img loading=\"lazy\" decoding=\"async\" class=\"alignleft wp-image-47568 \" src=\"https:\/\/atecordoba.org\/wp-content\/uploads\/2025\/02\/WhatsApp-Image-2025-02-07-at-14.40.11-768x1024.jpeg\" alt=\"\" width=\"354\" height=\"472\" \/>Este estado de cosas profundiz\u00f3 la precarizaci\u00f3n laboral de los administrativos, generalmente contratados bajo la figura del art\u00edculo 9 de la Ley de Empleo P\u00fablico con contratos a plazo que se extend\u00edan por un a\u00f1o hasta noviembre de 2023 y renovados por trimestre a partir de 2024. Adem\u00e1s, muchos no se renovaron y para los que quedaron se les impidi\u00f3 realizar horas extras para engrosar en algo sus magros salarios. Estos genera despidos encubiertos y renuncias forzadas porque la gente ya no puede soportar esas condiciones laborales.<\/p>\n<p>&#8220;Para los becarios doctorales y posdoctorales, que posibilitan en buena medida el funcionamiento de los grupos de investigaci\u00f3n, las becas otorgadas son insuficientes&#8221;, denuncia C\u00f3rdoba.<\/p>\n<p>En esa l\u00ednea, ayer se supo que por decreto, el gobierno de Javier Milei decidi\u00f3 cancelar el pago de las becas de cient\u00edficos y cient\u00edficas que se desempe\u00f1an en la Agencia Nacional de Promoci\u00f3n de la Investigaci\u00f3n, el Desarrollo Tecnol\u00f3gico y la Innovaci\u00f3n (la Agencia I+D+i), seg\u00fan inform\u00f3 el medio digital especializado \u2018<a href=\"https:\/\/periferia.com.ar\/politica-cientifica\/por-decreto-el-gobierno-cancelo-el-pago-de-las-becas-a-cientificos-de-la-agencia-idi\/\">Periferia<\/a>\u2019.<\/p>\n<p><strong>M\u00e1s ajuste<\/strong><\/p>\n<p>En cuanto a los investigadores, ni siquiera durante el macrismo se hab\u00eda paralizado el ingreso a la carrera. &#8220;Frente a quienes se jubilaron y dejaron vacantes sus cargos, como ya se hab\u00edan abierto procesos evaluativos para nuevos investigadores antes de diciembre de 2023, este gobierno comenz\u00f3 a dilatar esos procesos de incorporaci\u00f3n. Ninguno ha recibido el alta. Eso tambi\u00e9n interrumpe el desarrollo de investigaciones, al tiempo que incentiva a estos cient\u00edficos a dejar el pa\u00eds e impide al conjunto de la poblaci\u00f3n a acceder a conocimientos locales que contribuyen a la mejor calidad de vida&#8221;, dice C\u00f3rdoba.<\/p>\n<p>A esto se suma que los salarios han ca\u00eddo de forma abrupta, quedando muy por debajo de la inflaci\u00f3n, como le sucede al conjunto del plantel estatal del pa\u00eds. Las actualizaciones de haberes no superaron el 58% en 2024 frente al 117% de la inflaci\u00f3n oficial. Las pr\u00f3ximas recomposiciones ser\u00e1n del 1.5% para enero y 1.2% en febrero.<\/p>\n<p><img loading=\"lazy\" decoding=\"async\" class=\"alignright wp-image-47569 \" src=\"https:\/\/atecordoba.org\/wp-content\/uploads\/2025\/02\/WhatsApp-Image-2025-02-07-at-14.40.10-1024x724.jpeg\" alt=\"\" width=\"417\" height=\"295\" srcset=\"https:\/\/atecordoba.org\/wp-content\/uploads\/2025\/02\/WhatsApp-Image-2025-02-07-at-14.40.10-1024x724.jpeg 1024w, https:\/\/atecordoba.org\/wp-content\/uploads\/2025\/02\/WhatsApp-Image-2025-02-07-at-14.40.10-300x212.jpeg 300w, https:\/\/atecordoba.org\/wp-content\/uploads\/2025\/02\/WhatsApp-Image-2025-02-07-at-14.40.10-768x543.jpeg 768w, https:\/\/atecordoba.org\/wp-content\/uploads\/2025\/02\/WhatsApp-Image-2025-02-07-at-14.40.10-120x86.jpeg 120w, https:\/\/atecordoba.org\/wp-content\/uploads\/2025\/02\/WhatsApp-Image-2025-02-07-at-14.40.10-750x531.jpeg 750w, https:\/\/atecordoba.org\/wp-content\/uploads\/2025\/02\/WhatsApp-Image-2025-02-07-at-14.40.10-1140x807.jpeg 1140w, https:\/\/atecordoba.org\/wp-content\/uploads\/2025\/02\/WhatsApp-Image-2025-02-07-at-14.40.10.jpeg 1347w\" sizes=\"auto, (max-width: 417px) 100vw, 417px\" \/>A este golpe a los ingresos se agrega al desfinanciamiento de proyectos investigativos, por lo que los investigadores deber\u00edan comprar los insumos y costos generales de su bolsillo para continuar trabajando. &#8220;Tambi\u00e9n est\u00e1n desfinanciando el mantenimiento de los institutos de investigaci\u00f3n. Hay dos formas de ajuste en t\u00e9rminos presupuestarios: el congelamiento del presupuesto y la subejecuci\u00f3n de ese presupuesto congelado&#8221;, asegura la integrante de la Junta Interna ATE CONICET C\u00f3rdoba.<\/p>\n<p><strong>Persecuci\u00f3n<\/strong><\/p>\n<p>Por \u00faltimo, agrega C\u00f3rdoba, &#8220;pesa sobre los hombros de los trabajadores la persecuci\u00f3n ideol\u00f3gica a trav\u00e9s de las evaluaciones de idoneidad, que es una presi\u00f3n m\u00e1s, con ex\u00e1menes no afines a las tareas que se realizan para personas que ya est\u00e1n evaluadas permanentemente, que son calificadas y est\u00e1n siendo precarizadas al m\u00e1ximo&#8221;.<\/p>\n<p>Desde la Junta interna y el cuerpo de delegados de ATE Conicet C\u00f3rdoba rechazan esta metodolog\u00eda, otra forma de aplicar la persecuci\u00f3n ideol\u00f3gica para el personal del CONICET y las\/os estatales en general.<\/p>\n","protected":false},"excerpt":{"rendered":"<p>Si bien el gobierno desminti\u00f3 la inclusi\u00f3n del Consejo Nacional de Investigaciones Cient\u00edficas y T\u00e9cnicas (CONICET) de un presunto DNU, que el ajustador serial Federico Sturzenegger busca implementar para cerrar m\u00e1s organismos p\u00fablicos, desde la Junta Interna de ATE Conicet C\u00f3rdoba alertaron que el cierre de otras dependencias afectar\u00e1 el trabajo coordinador que se desarrolla [&hellip;]<\/p>\n","protected":false},"author":7,"featured_media":47570,"comment_status":"open","ping_status":"open","sticky":false,"template":"","format":"standard","meta":{"_exactmetrics_skip_tracking":false,"_exactmetrics_sitenote_active":false,"_exactmetrics_sitenote_note":"","_exactmetrics_sitenote_category":0,"jnews-multi-image_gallery":[],"jnews_single_post":{"format":"standard","override":[{"template":"1","parallax":"1","fullscreen":"1","layout":"no-sidebar-narrow","sidebar":"default-sidebar","second_sidebar":"default-sidebar","sticky_sidebar":"1","share_position":"bottom","share_float_style":"share-monocrhome","show_share_counter":"1","show_view_counter":"1","show_post_meta":"1","show_post_author_image":"1","show_post_date":"1","post_date_format":"default","post_date_format_custom":"Y\/m\/d","show_post_category":"1","show_post_reading_time":"0","post_reading_time_wpm":"300","post_calculate_word_method":"str_word_count","show_zoom_button":"0","zoom_button_out_step":"2","zoom_button_in_step":"3","show_post_tag":"1","number_popup_post":"1","show_post_related":"1","show_inline_post_related":"0"}],"image_override":[{"single_post_thumbnail_size":"crop-500","single_post_gallery_size":"crop-500"}],"trending_post_position":"meta","trending_post_label":"Trending","sponsored_post_label":"Sponsored by","disable_ad":"0"},"jnews_primary_category":[],"jnews_social_meta":[],"jnews_review":[],"enable_review":"","type":"percentage","name":"","summary":"","brand":"","sku":"","good":[],"bad":[],"score_override":"","override_value":"","rating":[],"price":[],"jnews_override_counter":{"view_counter_number":"0","share_counter_number":"0","like_counter_number":"0","dislike_counter_number":"0"},"jnews_post_split":{"post_split":[{"template":"1","tag":"h2","numbering":"asc","mode":"normal","first":"0","enable_toc":"0","toc_type":"normal"}]},"footnotes":""},"categories":[18],"tags":[1452],"class_list":["post-47566","post","type-post","status-publish","format-standard","has-post-thumbnail","hentry","category-nacionales","tag-ate-conicet-cordoba"],"jetpack_featured_media_url":"https:\/\/atecordoba.org\/wp-content\/uploads\/2025\/02\/WhatsApp-Image-2024-12-17-at-11.50.34-e1738950322355.jpeg","_links":{"self":[{"href":"https:\/\/atecordoba.org\/index.php?rest_route=\/wp\/v2\/posts\/47566","targetHints":{"allow":["GET"]}}],"collection":[{"href":"https:\/\/atecordoba.org\/index.php?rest_route=\/wp\/v2\/posts"}],"about":[{"href":"https:\/\/atecordoba.org\/index.php?rest_route=\/wp\/v2\/types\/post"}],"author":[{"embeddable":true,"href":"https:\/\/atecordoba.org\/index.php?rest_route=\/wp\/v2\/users\/7"}],"replies":[{"embeddable":true,"href":"https:\/\/atecordoba.org\/index.php?rest_route=%2Fwp%2Fv2%2Fcomments&post=47566"}],"version-history":[{"count":4,"href":"https:\/\/atecordoba.org\/index.php?rest_route=\/wp\/v2\/posts\/47566\/revisions"}],"predecessor-version":[{"id":47574,"href":"https:\/\/atecordoba.org\/index.php?rest_route=\/wp\/v2\/posts\/47566\/revisions\/47574"}],"wp:featuredmedia":[{"embeddable":true,"href":"https:\/\/atecordoba.org\/index.php?rest_route=\/wp\/v2\/media\/47570"}],"wp:attachment":[{"href":"https:\/\/atecordoba.org\/index.php?rest_route=%2Fwp%2Fv2%2Fmedia&parent=47566"}],"wp:term":[{"taxonomy":"category","embeddable":true,"href":"https:\/\/atecordoba.org\/index.php?rest_route=%2Fwp%2Fv2%2Fcategories&post=47566"},{"taxonomy":"post_tag","embeddable":true,"href":"https:\/\/atecordoba.org\/index.php?rest_route=%2Fwp%2Fv2%2Ftags&post=47566"}],"curies":[{"name":"wp","href":"https:\/\/api.w.org\/{rel}","templated":true}]}}