{"id":47557,"date":"2025-02-07T13:22:41","date_gmt":"2025-02-07T16:22:41","guid":{"rendered":"https:\/\/atecordoba.org\/?p=47557"},"modified":"2025-02-07T13:23:03","modified_gmt":"2025-02-07T16:23:03","slug":"ex-desarrollo-social-el-cierre-de-dependencias-y-programar-dejo-sin-atencion-a-la-poblacion-en-situacion-de-vulnerabilidad","status":"publish","type":"post","link":"https:\/\/atecordoba.org\/?p=47557","title":{"rendered":"Ex Desarrollo Social: el cierre de dependencias y programas dej\u00f3 sin atenci\u00f3n a la poblaci\u00f3n en situaci\u00f3n de vulnerabilidad"},"content":{"rendered":"<p><img loading=\"lazy\" decoding=\"async\" class=\"aligncenter wp-image-47558 \" src=\"https:\/\/atecordoba.org\/wp-content\/uploads\/2025\/02\/cdrportada-1024x690.jpeg\" alt=\"\" width=\"621\" height=\"418\" srcset=\"https:\/\/atecordoba.org\/wp-content\/uploads\/2025\/02\/cdrportada-1024x690.jpeg 1024w, https:\/\/atecordoba.org\/wp-content\/uploads\/2025\/02\/cdrportada-300x202.jpeg 300w, https:\/\/atecordoba.org\/wp-content\/uploads\/2025\/02\/cdrportada-768x518.jpeg 768w, https:\/\/atecordoba.org\/wp-content\/uploads\/2025\/02\/cdrportada-1536x1036.jpeg 1536w, https:\/\/atecordoba.org\/wp-content\/uploads\/2025\/02\/cdrportada-750x506.jpeg 750w, https:\/\/atecordoba.org\/wp-content\/uploads\/2025\/02\/cdrportada-1140x769.jpeg 1140w, https:\/\/atecordoba.org\/wp-content\/uploads\/2025\/02\/cdrportada.jpeg 1836w\" sizes=\"auto, (max-width: 621px) 100vw, 621px\" \/>Ante el cierre definitivo de las oficinas del Centro de Referencia en C\u00f3rdoba (CDR) del ex Ministerio de Desarrollo Social de la Naci\u00f3n, hoy Capital Humano, y de las dependencias de la Secretar\u00eda de Ni\u00f1ez, Adolescencia y Familia\u00a0 de la Naci\u00f3n (SENAF), las y los trabajadores de ambos organismos anunciaron que el pr\u00f3ximo jueves 13 de febrero una<a href=\"https:\/\/atecordoba.org\/?p=47540\"> volanteada frente a la sede ANSES<\/a>, Rivadavia 6, frente a Plaza San Mart\u00edn.<\/p>\n<p>El desolador impacto de las medidas tomadas por el gobierno de Milei tienen enorme repercusi\u00f3n entre trabajadoras\/es y beneficiarias\/os, debido a que mientras el personal vive una fuerte incertidumbre respecto a la continuidad de los puestos de trabajo, la poblaci\u00f3n en situaci\u00f3n de vulnerabilidad vio cercenado su derecho a acceder a programas de ayuda social, situaci\u00f3n que se suma al corte abrupto de convenios de capacitaci\u00f3n con municipios y comunas de la provincia.<img loading=\"lazy\" decoding=\"async\" class=\"aligncenter wp-image-47559 \" src=\"https:\/\/atecordoba.org\/wp-content\/uploads\/2025\/02\/continuidad-CDR-1024x578.jpeg\" alt=\"\" width=\"638\" height=\"360\" srcset=\"https:\/\/atecordoba.org\/wp-content\/uploads\/2025\/02\/continuidad-CDR-1024x578.jpeg 1024w, https:\/\/atecordoba.org\/wp-content\/uploads\/2025\/02\/continuidad-CDR-300x169.jpeg 300w, https:\/\/atecordoba.org\/wp-content\/uploads\/2025\/02\/continuidad-CDR-768x434.jpeg 768w, https:\/\/atecordoba.org\/wp-content\/uploads\/2025\/02\/continuidad-CDR-1536x867.jpeg 1536w, https:\/\/atecordoba.org\/wp-content\/uploads\/2025\/02\/continuidad-CDR-2048x1156.jpeg 2048w, https:\/\/atecordoba.org\/wp-content\/uploads\/2025\/02\/continuidad-CDR-750x423.jpeg 750w, https:\/\/atecordoba.org\/wp-content\/uploads\/2025\/02\/continuidad-CDR-1140x643.jpeg 1140w\" sizes=\"auto, (max-width: 638px) 100vw, 638px\" \/><\/p>\n<p>En tal sentido, la secretaria Administrativa del Consejo Directivo Provincial y trabajadora del CDR en C\u00f3rdoba, Cintia Conesta, explic\u00f3 que el recorte de personal fue masivo: &#8220;despu\u00e9s de todos los despidos de 2024 quedamos 41 trabajadores del CDR, en tanto de SENAF quedan solo 36 compa\u00f1eras y compa\u00f1eros&#8221;.<\/p>\n<p>Las oficinas de las dependencias de calle Chacabuco fueron cerradas el pasado 8 de diciembre, un domingo, y desde entonces no hubo ninguna comunicaci\u00f3n con el personal de los 53 Centros de Referencia de las dependencias ubicadas en las provincias del interior del pa\u00eds.<\/p>\n<p>&#8220;Estamos en una situaci\u00f3n de mucha preocupaci\u00f3n porque se inform\u00f3 que a los contratados solo se les renov\u00f3 el v\u00ednculo por los meses de enero y febrero. Por su parte la nueva estructura de la SENAF va a suprimir subsecretar\u00edas y direcciones, por lo tanto m\u00e1s trabajadores quedar\u00edamos en la calle&#8221;, agreg\u00f3.<\/p>\n<p>&#8220;Actualmente no tenemos funciones ni se articula con organizaciones, escuelas, municipios o comunas para brindar capacitaci\u00f3n de distintas \u00e1reas de prevenci\u00f3n sobre temas como embarazo adolescente y cursos que formaban sobre los derechos de ni\u00f1os, ni\u00f1as, adolescentes y adultos mayores&#8221;, denunci\u00f3 Conesta.<img loading=\"lazy\" decoding=\"async\" class=\"aligncenter wp-image-47560 \" src=\"https:\/\/atecordoba.org\/wp-content\/uploads\/2025\/02\/IMG-20240627-WA0019-1024x578.jpg\" alt=\"\" width=\"626\" height=\"353\" srcset=\"https:\/\/atecordoba.org\/wp-content\/uploads\/2025\/02\/IMG-20240627-WA0019-1024x578.jpg 1024w, https:\/\/atecordoba.org\/wp-content\/uploads\/2025\/02\/IMG-20240627-WA0019-300x169.jpg 300w, https:\/\/atecordoba.org\/wp-content\/uploads\/2025\/02\/IMG-20240627-WA0019-768x434.jpg 768w, https:\/\/atecordoba.org\/wp-content\/uploads\/2025\/02\/IMG-20240627-WA0019-1536x867.jpg 1536w, https:\/\/atecordoba.org\/wp-content\/uploads\/2025\/02\/IMG-20240627-WA0019-2048x1156.jpg 2048w, https:\/\/atecordoba.org\/wp-content\/uploads\/2025\/02\/IMG-20240627-WA0019-750x423.jpg 750w, https:\/\/atecordoba.org\/wp-content\/uploads\/2025\/02\/IMG-20240627-WA0019-1140x643.jpg 1140w\" sizes=\"auto, (max-width: 626px) 100vw, 626px\" \/><\/p>\n<p><strong>Programas sociales<\/strong><\/p>\n<p>Respecto al impacto de estas medidas en los programas sociales con que anteriormente se garantizaba el acceso m\u00ednimos a derechos fundamentales para la poblaci\u00f3n vulnerable, Conesta explic\u00f3 que\u00a0&#8220;desde que asumi\u00f3 este gobierno desaparecieron muchos programas en C\u00f3rdoba. Los m\u00e1s demandados eran los subsidios de medicaci\u00f3n de alto costo (medicaci\u00f3n oncol\u00f3gica a pacientes que no tienen ning\u00fan recurso econ\u00f3mico y est\u00e1n en situaci\u00f3n de vulnerabilidad socioecon\u00f3mica). A partir de la informaci\u00f3n que una fundaci\u00f3n que sigue los casos, alrededor de 70 personas ya murieron desde que se inici\u00f3 este gobierno por no contar con la medicaci\u00f3n oncol\u00f3gica&#8221;.<img loading=\"lazy\" decoding=\"async\" class=\"aligncenter wp-image-47561 \" src=\"https:\/\/atecordoba.org\/wp-content\/uploads\/2025\/02\/IMG-20240627-WA0031-1024x578.jpg\" alt=\"\" width=\"642\" height=\"362\" srcset=\"https:\/\/atecordoba.org\/wp-content\/uploads\/2025\/02\/IMG-20240627-WA0031-1024x578.jpg 1024w, https:\/\/atecordoba.org\/wp-content\/uploads\/2025\/02\/IMG-20240627-WA0031-300x169.jpg 300w, https:\/\/atecordoba.org\/wp-content\/uploads\/2025\/02\/IMG-20240627-WA0031-768x433.jpg 768w, https:\/\/atecordoba.org\/wp-content\/uploads\/2025\/02\/IMG-20240627-WA0031-1536x867.jpg 1536w, https:\/\/atecordoba.org\/wp-content\/uploads\/2025\/02\/IMG-20240627-WA0031-750x423.jpg 750w, https:\/\/atecordoba.org\/wp-content\/uploads\/2025\/02\/IMG-20240627-WA0031-1140x643.jpg 1140w, https:\/\/atecordoba.org\/wp-content\/uploads\/2025\/02\/IMG-20240627-WA0031.jpg 1600w\" sizes=\"auto, (max-width: 642px) 100vw, 642px\" \/><\/p>\n<p>&#8220;Ante las medidas cautelares que hicieron algunas organizaciones sociales el Ministerio impugn\u00f3 los recursos al tiempo que dej\u00f3 de entregar alimentos como leche para ni\u00f1os en edad de crecimiento&#8221;, remarc\u00f3.<\/p>\n<p>Por \u00faltimo la dirigente apunt\u00f3 que &#8220;tambi\u00e9n se abandon\u00f3 la entrega de subsidios para personas que vivieron situaciones de cat\u00e1strofe, como incendios e inundaciones. Desde el cierre de las oficinas del CDR en C\u00f3rdoba el domingo 8 de diciembre, no se atiende al p\u00fablico ni se puede gestionar tr\u00e1mites para la AUH, ni asistencia y asesoramiento para los planes de la econom\u00eda social&#8221;.<\/p>\n<p>&nbsp;<\/p>\n","protected":false},"excerpt":{"rendered":"<p>Ante el cierre definitivo de las oficinas del Centro de Referencia en C\u00f3rdoba (CDR) del ex Ministerio de Desarrollo Social de la Naci\u00f3n, hoy Capital Humano, y de las dependencias de la Secretar\u00eda de Ni\u00f1ez, Adolescencia y Familia\u00a0 de la Naci\u00f3n (SENAF), las y los trabajadores de ambos organismos anunciaron que el pr\u00f3ximo jueves 13 [&hellip;]<\/p>\n","protected":false},"author":7,"featured_media":47562,"comment_status":"open","ping_status":"open","sticky":false,"template":"","format":"standard","meta":{"_exactmetrics_skip_tracking":false,"_exactmetrics_sitenote_active":false,"_exactmetrics_sitenote_note":"","_exactmetrics_sitenote_category":0,"jnews-multi-image_gallery":[],"jnews_single_post":{"format":"standard","override":[{"template":"1","parallax":"1","fullscreen":"1","layout":"no-sidebar-narrow","sidebar":"default-sidebar","second_sidebar":"default-sidebar","sticky_sidebar":"1","share_position":"bottom","share_float_style":"share-monocrhome","show_share_counter":"1","show_view_counter":"1","show_post_meta":"1","show_post_author_image":"1","show_post_date":"1","post_date_format":"default","post_date_format_custom":"Y\/m\/d","show_post_category":"1","show_post_reading_time":"0","post_reading_time_wpm":"300","post_calculate_word_method":"str_word_count","show_zoom_button":"0","zoom_button_out_step":"2","zoom_button_in_step":"3","show_post_tag":"1","number_popup_post":"1","show_post_related":"1","show_inline_post_related":"0"}],"image_override":[{"single_post_thumbnail_size":"crop-500","single_post_gallery_size":"crop-500"}],"trending_post_position":"meta","trending_post_label":"Trending","sponsored_post_label":"Sponsored by","disable_ad":"0"},"jnews_primary_category":[],"jnews_social_meta":[],"jnews_review":[],"enable_review":"","type":"percentage","name":"","summary":"","brand":"","sku":"","good":[],"bad":[],"score_override":"","override_value":"","rating":[],"price":[],"jnews_override_counter":{"view_counter_number":"0","share_counter_number":"0","like_counter_number":"0","dislike_counter_number":"0"},"jnews_post_split":{"post_split":[{"template":"1","tag":"h2","numbering":"asc","mode":"normal","first":"0","enable_toc":"0","toc_type":"normal"}]},"footnotes":""},"categories":[18],"tags":[417,1465,1466,1467],"class_list":["post-47557","post","type-post","status-publish","format-standard","has-post-thumbnail","hentry","category-nacionales","tag-ajuste","tag-desarrollo-social","tag-ministerio-de-capital-humano","tag-programas-sociales"],"jetpack_featured_media_url":"https:\/\/atecordoba.org\/wp-content\/uploads\/2025\/02\/IMG-20240627-WA0031-1-e1738945238281.jpg","_links":{"self":[{"href":"https:\/\/atecordoba.org\/index.php?rest_route=\/wp\/v2\/posts\/47557","targetHints":{"allow":["GET"]}}],"collection":[{"href":"https:\/\/atecordoba.org\/index.php?rest_route=\/wp\/v2\/posts"}],"about":[{"href":"https:\/\/atecordoba.org\/index.php?rest_route=\/wp\/v2\/types\/post"}],"author":[{"embeddable":true,"href":"https:\/\/atecordoba.org\/index.php?rest_route=\/wp\/v2\/users\/7"}],"replies":[{"embeddable":true,"href":"https:\/\/atecordoba.org\/index.php?rest_route=%2Fwp%2Fv2%2Fcomments&post=47557"}],"version-history":[{"count":2,"href":"https:\/\/atecordoba.org\/index.php?rest_route=\/wp\/v2\/posts\/47557\/revisions"}],"predecessor-version":[{"id":47564,"href":"https:\/\/atecordoba.org\/index.php?rest_route=\/wp\/v2\/posts\/47557\/revisions\/47564"}],"wp:featuredmedia":[{"embeddable":true,"href":"https:\/\/atecordoba.org\/index.php?rest_route=\/wp\/v2\/media\/47562"}],"wp:attachment":[{"href":"https:\/\/atecordoba.org\/index.php?rest_route=%2Fwp%2Fv2%2Fmedia&parent=47557"}],"wp:term":[{"taxonomy":"category","embeddable":true,"href":"https:\/\/atecordoba.org\/index.php?rest_route=%2Fwp%2Fv2%2Fcategories&post=47557"},{"taxonomy":"post_tag","embeddable":true,"href":"https:\/\/atecordoba.org\/index.php?rest_route=%2Fwp%2Fv2%2Ftags&post=47557"}],"curies":[{"name":"wp","href":"https:\/\/api.w.org\/{rel}","templated":true}]}}