{"id":47546,"date":"2025-02-06T11:04:49","date_gmt":"2025-02-06T14:04:49","guid":{"rendered":"https:\/\/atecordoba.org\/?p=47546"},"modified":"2025-02-06T11:53:09","modified_gmt":"2025-02-06T14:53:09","slug":"el-cruzado-antiderechos-cuneo-libarona-es-el-ministro-elegido-para-atacar-los-derechos-de-mujeres-y-diversidades","status":"publish","type":"post","link":"https:\/\/atecordoba.org\/?p=47546","title":{"rendered":"El cruzado antiderechos Cuneo Libarona es el ministro elegido para atacar los derechos de mujeres y diversidades"},"content":{"rendered":"<h6><img loading=\"lazy\" decoding=\"async\" class=\"aligncenter wp-image-47547 \" src=\"https:\/\/atecordoba.org\/wp-content\/uploads\/2025\/02\/cuneo-libarona.webp\" alt=\"\" width=\"645\" height=\"453\" \/>(fuente: https:\/\/enfantterrible.com.ar\/)<\/h6>\n<p>El ministro de Justicia, Mariano C\u00faneo Libarona, desat\u00f3 una nueva controversia al declarar que el gobierno de Javier Milei planea eliminar la figura del femicidio del C\u00f3digo Penal. A trav\u00e9s de sus redes sociales, el funcionario justific\u00f3 la propuesta al argumentar que la distinci\u00f3n entre femicidio y homicidio genera una divisi\u00f3n innecesaria y contraria al principio de igualdad ante la ley. Seg\u00fan su perspectiva, todas las vidas deben ser tratadas con el mismo valor, sin crear &#8220;privilegios&#8221; basados en el g\u00e9nero.<\/p>\n<p>La postura de C\u00faneo Libarona se enmarca en un proyecto de ley m\u00e1s amplio bajo la premisa de \u201cigualdad ante la ley\u201d, que busca modificar diversas pol\u00edticas de g\u00e9nero como la derogaci\u00f3n de leyes sobre identidad de g\u00e9nero y la paridad electoral.<\/p>\n<p>La pol\u00e9mica actuaci\u00f3n de ministro recuerda lo peor de los a\u00f1os 90, como la aparici\u00f3n de oportunistas conservadores que buscan, en medio de crisis generalizadas, frenar cualquier avance en derechos o peor a\u00fan, atacarlos.<\/p>\n<p>En ese marco, la abogada de ATE Mar\u00eda Martha Terragno, respondi\u00f3 que \u201cadem\u00e1s de la igualdad ante la ley la normativa tambi\u00e9n establece que las mujeres y las disidencias vivimos en nuestras sociedades situaciones de desigualdad estructural y que est\u00e1n extensamente expresadas en la Constituci\u00f3n Nacional. Sobre todo en los tratados internacionales sobre DDHH, en la convenci\u00f3n sobre la eliminaci\u00f3n de todas formas de discriminaci\u00f3n contra la mujer de Bel\u00e9m do Par\u00e1, que contemplan esos instrumentos con jerarqu\u00eda constitucional, donde se expresa que las mujeres atravesamos situaciones de desigualdad estructural, discriminaci\u00f3n y violencia distintas a los varones y que, por lo tanto, esa particular circunstancia merece una protecci\u00f3n. Los estado son responsables de velar por esa igualdad\u201d.<\/p>\n<p>Para la letrada esta igualdad no puede ser entendida en t\u00e9rminos formales sino materiales y que tiene que ver tambi\u00e9n con un criterio de justicia social.<\/p>\n<p>\u201cEl gobierno nacional en la cabeza del presidente y sus funcionarios niegan que las mujeres y disidencias esta realidad. Pero cada d\u00eda se expresa en violencia como la fiebre de los feminicidios, que implica agravamientos de la pena por el odio que trasciende a ese homicidio en funci\u00f3n del odio hacia la mujer. No solo es un criterio alejado de la realidad que vivimos las mujeres y diversidades sino que la eliminaci\u00f3n est\u00e1 absolutamente en contra de lo establecido por la Constituci\u00f3n Nacional y los tratados internacionales\u201d, cerr\u00f3 la abogada.<\/p>\n<p><strong>Prontuario de un ministro oscuro<\/strong><\/p>\n<p>En un informe recientemente publicado, se describe al ministro Mariano C\u00faneo Libarona como \u201cuno de los juristas m\u00e1s pol\u00e9micos de Argentina, especialmente por su defensa de abusadores y su postura conservadora antiderechos. Su intervenci\u00f3n en casos de violencia sexual ha puesto en el centro del debate su estrategia de defensa, que suele diluir la gravedad de los cr\u00edmenes cometidos, lo que le ha valido el rechazo de sectores feministas y de derechos humanos\u201d.<\/p>\n<p>A su vez \u201ctambi\u00e9n ha sido un f\u00e9rreo opositor de derechos fundamentales ganados por el movimiento feminista, como la interrupci\u00f3n voluntaria del embarazo y la igualdad en el matrimonio. Para \u00e9l, las estructuras tradicionales de la sociedad deben prevalecer, a\u00fan a costa de revictimizar a quienes m\u00e1s sufren\u201d.<\/p>\n<p>\u201cSu figura, rodeada de controversias, refleja un modelo de Justicia orientado a proteger los intereses de los poderosos, en lugar de garantizar los derechos de las v\u00edctimas. La influencia de C\u00faneo Libarona contin\u00faa alimentando discursos regresivos y patriarcales en una sociedad que a\u00fan lucha por la igualdad de g\u00e9nero\u201d.<\/p>\n<p>El ministro de Justicia est\u00e1 relacionado como abogado de famosos del caso de corrupci\u00f3n y narcotr\u00e1fico durante el gobierno de Carlos Menem, conocido como \u2018Yomagate\u2019. La causa no fue solo un juicio sobre el narcotr\u00e1fico, sino un reflejo de c\u00f3mo, en Argentina, los entramados de poder pueden hacer que la justicia quede atrapada en su propia telara\u00f1a.<\/p>\n<p>Tambi\u00e9n se lo relacion\u00f3 con la muerte, al caer desde un balc\u00f3n de un d\u00e9cimo piso, de su ex esposa Lourdes Di Natale, que hab\u00eda sido secretaria privada del cu\u00f1ado de Menem, Emir Yoma, uno de los involucrados en el Yomagate, finalmente absuelto en un juicio realizado durante la gesti\u00f3n menemista. Di Natale hab\u00eda estado involucrada en la denuncia contra Yoma y su implicaci\u00f3n en una red de tr\u00e1fico de armas a Croacia en los \u201890.<\/p>\n<p>Como abogado medi\u00e1tico de aquella d\u00e9cada, defendi\u00f3 a Guillermo Coppola cuando estuve acusado y detenido por narcotr\u00e1fico. Tambi\u00e9n fu defensor de uno de los acusados por el atentado en la AMIA y termin\u00f3 detenido, acusado de coacci\u00f3n agravada y encubrimiento, tras ser se\u00f1alado como responsable de ocultar un video para proteger los intereses de su defendido.<\/p>\n<p>En 2018, Libarona asumi\u00f3 la defensa del exgobernador de Tucum\u00e1n Jos\u00e9 Alperovich, acusado por su sobrina de abuso sexual. En 2023 traspas\u00f3 la defensa a su hermano, que integra el mismo estudio jur\u00eddico, cuando asumi\u00f3 como ministro de Justicia.<\/p>\n<p>&nbsp;<\/p>\n","protected":false},"excerpt":{"rendered":"<p>(fuente: https:\/\/enfantterrible.com.ar\/) El ministro de Justicia, Mariano C\u00faneo Libarona, desat\u00f3 una nueva controversia al declarar que el gobierno de Javier Milei planea eliminar la figura del femicidio del C\u00f3digo Penal. A trav\u00e9s de sus redes sociales, el funcionario justific\u00f3 la propuesta al argumentar que la distinci\u00f3n entre femicidio y homicidio genera una divisi\u00f3n innecesaria y [&hellip;]<\/p>\n","protected":false},"author":7,"featured_media":47547,"comment_status":"open","ping_status":"open","sticky":false,"template":"","format":"standard","meta":{"_exactmetrics_skip_tracking":false,"_exactmetrics_sitenote_active":false,"_exactmetrics_sitenote_note":"","_exactmetrics_sitenote_category":0,"jnews-multi-image_gallery":[],"jnews_single_post":{"format":"standard","override":[{"template":"1","parallax":"1","fullscreen":"1","layout":"no-sidebar-narrow","sidebar":"default-sidebar","second_sidebar":"default-sidebar","sticky_sidebar":"1","share_position":"bottom","share_float_style":"share-monocrhome","show_share_counter":"1","show_view_counter":"1","show_post_meta":"1","show_post_author_image":"1","show_post_date":"1","post_date_format":"default","post_date_format_custom":"Y\/m\/d","show_post_category":"1","show_post_reading_time":"0","post_reading_time_wpm":"300","post_calculate_word_method":"str_word_count","show_zoom_button":"0","zoom_button_out_step":"2","zoom_button_in_step":"3","show_post_tag":"1","number_popup_post":"1","show_post_related":"1","show_inline_post_related":"0"}],"image_override":[{"single_post_thumbnail_size":"crop-500","single_post_gallery_size":"crop-500"}],"trending_post_position":"meta","trending_post_label":"Trending","sponsored_post_label":"Sponsored by","disable_ad":"0"},"jnews_primary_category":[],"jnews_social_meta":[],"jnews_review":[],"enable_review":"","type":"percentage","name":"","summary":"","brand":"","sku":"","good":[],"bad":[],"score_override":"","override_value":"","rating":[],"price":[],"jnews_override_counter":{"view_counter_number":"0","share_counter_number":"0","like_counter_number":"0","dislike_counter_number":"0"},"jnews_post_split":{"post_split":[{"template":"1","tag":"h2","numbering":"asc","mode":"normal","first":"0","enable_toc":"0","toc_type":"normal"}]},"footnotes":""},"categories":[325],"tags":[1450],"class_list":["post-47546","post","type-post","status-publish","format-standard","has-post-thumbnail","hentry","category-generos-y-diversidades","tag-feminicidios"],"jetpack_featured_media_url":"https:\/\/atecordoba.org\/wp-content\/uploads\/2025\/02\/cuneo-libarona-e1738850681605.webp","_links":{"self":[{"href":"https:\/\/atecordoba.org\/index.php?rest_route=\/wp\/v2\/posts\/47546","targetHints":{"allow":["GET"]}}],"collection":[{"href":"https:\/\/atecordoba.org\/index.php?rest_route=\/wp\/v2\/posts"}],"about":[{"href":"https:\/\/atecordoba.org\/index.php?rest_route=\/wp\/v2\/types\/post"}],"author":[{"embeddable":true,"href":"https:\/\/atecordoba.org\/index.php?rest_route=\/wp\/v2\/users\/7"}],"replies":[{"embeddable":true,"href":"https:\/\/atecordoba.org\/index.php?rest_route=%2Fwp%2Fv2%2Fcomments&post=47546"}],"version-history":[{"count":3,"href":"https:\/\/atecordoba.org\/index.php?rest_route=\/wp\/v2\/posts\/47546\/revisions"}],"predecessor-version":[{"id":47554,"href":"https:\/\/atecordoba.org\/index.php?rest_route=\/wp\/v2\/posts\/47546\/revisions\/47554"}],"wp:featuredmedia":[{"embeddable":true,"href":"https:\/\/atecordoba.org\/index.php?rest_route=\/wp\/v2\/media\/47547"}],"wp:attachment":[{"href":"https:\/\/atecordoba.org\/index.php?rest_route=%2Fwp%2Fv2%2Fmedia&parent=47546"}],"wp:term":[{"taxonomy":"category","embeddable":true,"href":"https:\/\/atecordoba.org\/index.php?rest_route=%2Fwp%2Fv2%2Fcategories&post=47546"},{"taxonomy":"post_tag","embeddable":true,"href":"https:\/\/atecordoba.org\/index.php?rest_route=%2Fwp%2Fv2%2Ftags&post=47546"}],"curies":[{"name":"wp","href":"https:\/\/api.w.org\/{rel}","templated":true}]}}