{"id":47540,"date":"2025-02-05T14:48:13","date_gmt":"2025-02-05T17:48:13","guid":{"rendered":"https:\/\/atecordoba.org\/?p=47540"},"modified":"2025-02-05T14:49:09","modified_gmt":"2025-02-05T17:49:09","slug":"actividad-de-protesta-frente-al-abandono-y-cierre-de-los-espacios-de-contencion-social-en-medio-de-una-crisis-de-las-infancias-sin-precedentes","status":"publish","type":"post","link":"https:\/\/atecordoba.org\/?p=47540","title":{"rendered":"Actividad de protesta frente al abandono y cierre de los espacios de contenci\u00f3n social en medio de una crisis de las infancias sin precedentes"},"content":{"rendered":"<p><img loading=\"lazy\" decoding=\"async\" class=\"aligncenter wp-image-47541 \" src=\"https:\/\/atecordoba.org\/wp-content\/uploads\/2025\/02\/IMG-20240627-WA0036-1024x578.jpg\" alt=\"\" width=\"638\" height=\"360\" \/>Las y los trabajadores del ex Centro de Referencia (CDR) y la Secretar\u00eda de Ni\u00f1ez, Adolescencia y Familia (SENAF) de C\u00f3rdoba expresamos nuestra profunda preocupaci\u00f3n y rechazo ante el anuncio del gobierno nacional del cierre definitivo de nuestros espacios de trabajo a partir del 28 de febrero. Esta decisi\u00f3n arbitraria nos deja en una profunda incertidumbre laboral y, lo que es a\u00fan m\u00e1s grave, desmantela \u00e1reas fundamentales de asistencia social en un contexto de creciente pobreza y vulnerabilidad en nuestro pa\u00eds.<\/p>\n<p>Frente a esta grave situaci\u00f3n, convocamos a una volanteada y radio abierta el jueves 13 de febrero a las 10:00 hs en la intersecci\u00f3n de las calles Rosario de Santa Fe y Buenos Aires, frente a ANSES.<\/p>\n<p>En Argentina, seg\u00fan datos de UNICEF, 7 de cada 10 ni\u00f1os, ni\u00f1as y adolescentes viven en la pobreza, una realidad que no puede ser ignorada ni minimizada. En C\u00f3rdoba, esta situaci\u00f3n se agrava con un 49,5% de pobreza general, lo que significa 1,9 millones de personas. En este contexto, el cierre de los CDR y SENAF no solo deja sin empleo a quienes ven\u00edamos sosteniendo estos espacios, sino que tambi\u00e9n abandona a miles de personas que encontraban en ellos un sost\u00e9n fundamental para el acceso a derechos b\u00e1sicos.<\/p>\n<p>Desde hace meses, venimos denunciando el vaciamiento de pol\u00edticas p\u00fablicas esenciales. Los fondos nacionales asignados en 2023 y 2024 no fueron ejecutados, el personal contratado fue renovado apenas por dos meses sin justificaci\u00f3n alguna, y el gobierno de Milei sigue amenazando con el cierre de programas esenciales. Se trata de un claro ataque a los sectores m\u00e1s vulnerables y un avance en el desmantelamiento del Estado.<\/p>\n<p>A esto se suma el cinismo del Ministerio de Capital Humano, que no solo ignora las resoluciones judiciales que lo obligan a distribuir los alimentos almacenados en dep\u00f3sitos, sino que tambi\u00e9n desestima las tareas de relevamiento de comedores comunitarios, dejando a miles de familias sin acceso al programa Alimentar Comunidad. Estas decisiones reflejan una falta total de voluntad pol\u00edtica para atender la emergencia social y muestran el desprecio de este gobierno hacia las necesidades b\u00e1sicas de nuestra poblaci\u00f3n.<\/p>\n<p>Invitamos a todas y todos los trabajadores, organizaciones sociales y a la comunidad en general a sumarse a esta jornada de lucha y visibilizaci\u00f3n.\u00a0No vamos a permitir que nos silencien. Seguimos en estado de alerta y organiz\u00e1ndonos para defender nuestros derechos y los de quienes m\u00e1s nos necesitan. \u00a1La \u00fanica lucha que se pierde es la que se abandona!<\/p>\n","protected":false},"excerpt":{"rendered":"<p>Las y los trabajadores del ex Centro de Referencia (CDR) y la Secretar\u00eda de Ni\u00f1ez, Adolescencia y Familia (SENAF) de C\u00f3rdoba expresamos nuestra profunda preocupaci\u00f3n y rechazo ante el anuncio del gobierno nacional del cierre definitivo de nuestros espacios de trabajo a partir del 28 de febrero. Esta decisi\u00f3n arbitraria nos deja en una profunda [&hellip;]<\/p>\n","protected":false},"author":7,"featured_media":47541,"comment_status":"open","ping_status":"open","sticky":false,"template":"","format":"standard","meta":{"_exactmetrics_skip_tracking":false,"_exactmetrics_sitenote_active":false,"_exactmetrics_sitenote_note":"","_exactmetrics_sitenote_category":0,"jnews-multi-image_gallery":[],"jnews_single_post":{"format":"standard","override":[{"template":"1","parallax":"1","fullscreen":"1","layout":"no-sidebar-narrow","sidebar":"default-sidebar","second_sidebar":"default-sidebar","sticky_sidebar":"1","share_position":"bottom","share_float_style":"share-monocrhome","show_share_counter":"1","show_view_counter":"1","show_post_meta":"1","show_post_author_image":"1","show_post_date":"1","post_date_format":"default","post_date_format_custom":"Y\/m\/d","show_post_category":"1","show_post_reading_time":"0","post_reading_time_wpm":"300","post_calculate_word_method":"str_word_count","show_zoom_button":"0","zoom_button_out_step":"2","zoom_button_in_step":"3","show_post_tag":"1","number_popup_post":"1","show_post_related":"1","show_inline_post_related":"0"}],"image_override":[{"single_post_thumbnail_size":"crop-500","single_post_gallery_size":"crop-500"}],"trending_post_position":"meta","trending_post_label":"Trending","sponsored_post_label":"Sponsored by","disable_ad":"0"},"jnews_primary_category":[],"jnews_social_meta":[],"jnews_review":[],"enable_review":"","type":"percentage","name":"","summary":"","brand":"","sku":"","good":[],"bad":[],"score_override":"","override_value":"","rating":[],"price":[],"jnews_override_counter":{"view_counter_number":"0","share_counter_number":"0","like_counter_number":"0","dislike_counter_number":"0"},"jnews_post_split":{"post_split":[{"template":"1","tag":"h2","numbering":"asc","mode":"normal","first":"0","enable_toc":"0","toc_type":"normal"}]},"footnotes":""},"categories":[18],"tags":[1383],"class_list":["post-47540","post","type-post","status-publish","format-standard","has-post-thumbnail","hentry","category-nacionales","tag-infancias"],"jetpack_featured_media_url":"https:\/\/atecordoba.org\/wp-content\/uploads\/2025\/02\/IMG-20240627-WA0036-e1738777684191.jpg","_links":{"self":[{"href":"https:\/\/atecordoba.org\/index.php?rest_route=\/wp\/v2\/posts\/47540","targetHints":{"allow":["GET"]}}],"collection":[{"href":"https:\/\/atecordoba.org\/index.php?rest_route=\/wp\/v2\/posts"}],"about":[{"href":"https:\/\/atecordoba.org\/index.php?rest_route=\/wp\/v2\/types\/post"}],"author":[{"embeddable":true,"href":"https:\/\/atecordoba.org\/index.php?rest_route=\/wp\/v2\/users\/7"}],"replies":[{"embeddable":true,"href":"https:\/\/atecordoba.org\/index.php?rest_route=%2Fwp%2Fv2%2Fcomments&post=47540"}],"version-history":[{"count":2,"href":"https:\/\/atecordoba.org\/index.php?rest_route=\/wp\/v2\/posts\/47540\/revisions"}],"predecessor-version":[{"id":47543,"href":"https:\/\/atecordoba.org\/index.php?rest_route=\/wp\/v2\/posts\/47540\/revisions\/47543"}],"wp:featuredmedia":[{"embeddable":true,"href":"https:\/\/atecordoba.org\/index.php?rest_route=\/wp\/v2\/media\/47541"}],"wp:attachment":[{"href":"https:\/\/atecordoba.org\/index.php?rest_route=%2Fwp%2Fv2%2Fmedia&parent=47540"}],"wp:term":[{"taxonomy":"category","embeddable":true,"href":"https:\/\/atecordoba.org\/index.php?rest_route=%2Fwp%2Fv2%2Fcategories&post=47540"},{"taxonomy":"post_tag","embeddable":true,"href":"https:\/\/atecordoba.org\/index.php?rest_route=%2Fwp%2Fv2%2Ftags&post=47540"}],"curies":[{"name":"wp","href":"https:\/\/api.w.org\/{rel}","templated":true}]}}