{"id":47528,"date":"2025-02-05T14:33:46","date_gmt":"2025-02-05T17:33:46","guid":{"rendered":"https:\/\/atecordoba.org\/?p=47528"},"modified":"2025-02-05T14:37:12","modified_gmt":"2025-02-05T17:37:12","slug":"estatales-nacionales-hora-de-organizarnos","status":"publish","type":"post","link":"https:\/\/atecordoba.org\/?p=47528","title":{"rendered":"Estatales nacionales, hora de organizarnos"},"content":{"rendered":"<p><img loading=\"lazy\" decoding=\"async\" class=\"aligncenter wp-image-47529 \" src=\"https:\/\/atecordoba.org\/wp-content\/uploads\/2025\/02\/PARITARIA-NACIONAL-1024x576.webp\" alt=\"\" width=\"684\" height=\"385\" srcset=\"https:\/\/atecordoba.org\/wp-content\/uploads\/2025\/02\/PARITARIA-NACIONAL-1024x576.webp 1024w, https:\/\/atecordoba.org\/wp-content\/uploads\/2025\/02\/PARITARIA-NACIONAL-300x169.webp 300w, https:\/\/atecordoba.org\/wp-content\/uploads\/2025\/02\/PARITARIA-NACIONAL-768x432.webp 768w, https:\/\/atecordoba.org\/wp-content\/uploads\/2025\/02\/PARITARIA-NACIONAL-750x422.webp 750w, https:\/\/atecordoba.org\/wp-content\/uploads\/2025\/02\/PARITARIA-NACIONAL-1140x641.webp 1140w, https:\/\/atecordoba.org\/wp-content\/uploads\/2025\/02\/PARITARIA-NACIONAL.webp 1200w\" sizes=\"auto, (max-width: 684px) 100vw, 684px\" \/>En el marco de la apertura de las paritarias del Estado nacional, ATE lanz\u00f3 una convocatoria para organizar a las y los estatales nacionales en ATE C\u00f3rdoba.<\/p>\n<p>\u201cPor recomposici\u00f3n salarial ya, para garantizar pol\u00edticas p\u00fablicas que dignifiquen nuestro trabajo, afiliate a ATE, el gremio que est\u00e1 en la defensa de las y los estatales, luchando por tus derechos&#8221;, reza la convocatoria.<\/p>\n<p>ATE C\u00f3rdoba plantea una estrategia de construcci\u00f3n de unidad inteligente con estatales, trabajadores\/as del sector privado, desocupados, jubilados y todos aquellos dispuestos a dar la pelea para voltear el ajuste de Milei y lograr con cambio de rumbo \u201cpara que las pol\u00edticas de destrucci\u00f3n de nuestro pa\u00eds se vayan de poder\u201d.<\/p>\n<div id='gallery_1' class='gallery galleryid-47528 gallery-columns-4 gallery-size-thumbnail'><figure class='gallery-item'>\n                <div class='gallery-icon landscape'>\n                    <a href='https:\/\/atecordoba.org\/wp-content\/uploads\/2025\/02\/tapa-e1738777023995.jpg'><img loading=\"lazy\" decoding=\"async\" width=\"150\" height=\"150\" src=\"\" class=\"attachment-thumbnail size-thumbnail lazyload\" alt=\"\" data-src=\"https:\/\/atecordoba.org\/wp-content\/uploads\/2025\/02\/tapa-e1738777023995-150x150.jpg\" data-sizes=\"auto\" data-srcset=\"https:\/\/atecordoba.org\/wp-content\/uploads\/2025\/02\/tapa-e1738777023995-150x150.jpg 150w, https:\/\/atecordoba.org\/wp-content\/uploads\/2025\/02\/tapa-e1738777023995-75x75.jpg 75w, https:\/\/atecordoba.org\/wp-content\/uploads\/2025\/02\/tapa-e1738777023995-350x350.jpg 350w\" data-expand=\"700\" \/><\/a>\n                <\/div><\/figure><figure class='gallery-item'>\n                <div class='gallery-icon landscape'>\n                    <a href='https:\/\/atecordoba.org\/wp-content\/uploads\/2025\/02\/40-300x300-1.jpg'><img loading=\"lazy\" decoding=\"async\" width=\"150\" height=\"150\" src=\"\" class=\"attachment-thumbnail size-thumbnail lazyload\" alt=\"\" data-src=\"https:\/\/atecordoba.org\/wp-content\/uploads\/2025\/02\/40-300x300-1-150x150.jpg\" data-sizes=\"auto\" data-srcset=\"https:\/\/atecordoba.org\/wp-content\/uploads\/2025\/02\/40-300x300-1-150x150.jpg 150w, https:\/\/atecordoba.org\/wp-content\/uploads\/2025\/02\/40-300x300-1-75x75.jpg 75w, https:\/\/atecordoba.org\/wp-content\/uploads\/2025\/02\/40-300x300-1.jpg 300w\" data-expand=\"700\" \/><\/a>\n                <\/div><\/figure><figure class='gallery-item'>\n                <div class='gallery-icon landscape'>\n                    <a href='https:\/\/atecordoba.org\/wp-content\/uploads\/2025\/02\/20-300x300-1.jpg'><img loading=\"lazy\" decoding=\"async\" width=\"150\" height=\"150\" src=\"\" class=\"attachment-thumbnail size-thumbnail lazyload\" alt=\"\" data-src=\"https:\/\/atecordoba.org\/wp-content\/uploads\/2025\/02\/20-300x300-1-150x150.jpg\" data-sizes=\"auto\" data-srcset=\"https:\/\/atecordoba.org\/wp-content\/uploads\/2025\/02\/20-300x300-1-150x150.jpg 150w, https:\/\/atecordoba.org\/wp-content\/uploads\/2025\/02\/20-300x300-1-75x75.jpg 75w, https:\/\/atecordoba.org\/wp-content\/uploads\/2025\/02\/20-300x300-1.jpg 300w\" data-expand=\"700\" \/><\/a>\n                <\/div><\/figure><figure class='gallery-item'>\n                <div class='gallery-icon landscape'>\n                    <a href='https:\/\/atecordoba.org\/wp-content\/uploads\/2025\/02\/30-1-300x300-1.jpg'><img loading=\"lazy\" decoding=\"async\" width=\"150\" height=\"150\" src=\"\" class=\"attachment-thumbnail size-thumbnail lazyload\" alt=\"\" data-src=\"https:\/\/atecordoba.org\/wp-content\/uploads\/2025\/02\/30-1-300x300-1-150x150.jpg\" data-sizes=\"auto\" data-srcset=\"https:\/\/atecordoba.org\/wp-content\/uploads\/2025\/02\/30-1-300x300-1-150x150.jpg 150w, https:\/\/atecordoba.org\/wp-content\/uploads\/2025\/02\/30-1-300x300-1-75x75.jpg 75w, https:\/\/atecordoba.org\/wp-content\/uploads\/2025\/02\/30-1-300x300-1.jpg 300w\" data-expand=\"700\" \/><\/a>\n                <\/div><\/figure><br style=\"clear: both\" \/>\n            <\/div>\n\n<p>Y fustiga la reforma laboral de la Ley de Bases porque &#8220;no solo significa un ataque directo a las organizaciones sindicales, sino tambi\u00e9n la p\u00e9rdida de ingresos concretos como las indemnizaciones, horas extras y una larga lista de derechos conquistados durante 100 a\u00f1os de lucha del Movimiento Obrero&#8221;.<\/p>\n<p>En tal sentido advierte que &#8220;la p\u00e9rdida de la estabilidad laboral de la planta permanente del Estado va a dejar desamparados a los m\u00e1s de 300 mil trabajadores y trabajadoras de los organismos p\u00fablicos&#8221;.<\/p>\n<p>La propuesta de nuestro gremio se sustenta en la construcci\u00f3n de una organizaci\u00f3n y un sindicato fuerte. \u201cEs urgente afiliarse a un gremio combativo, elegir cuerpos de delegados y avanzar en la organizaci\u00f3n de los sectores de cada localidad. As\u00ed tendremos la fuerza necesaria para lograr el reconocimiento de nuestras funciones y derechos\u201d.<\/p>\n<p><img loading=\"lazy\" decoding=\"async\" class=\"size-full wp-image-47534 alignright\" src=\"https:\/\/atecordoba.org\/wp-content\/uploads\/2025\/02\/50-300x300-1.jpg\" alt=\"\" width=\"300\" height=\"300\" srcset=\"https:\/\/atecordoba.org\/wp-content\/uploads\/2025\/02\/50-300x300-1.jpg 300w, https:\/\/atecordoba.org\/wp-content\/uploads\/2025\/02\/50-300x300-1-150x150.jpg 150w, https:\/\/atecordoba.org\/wp-content\/uploads\/2025\/02\/50-300x300-1-75x75.jpg 75w\" sizes=\"auto, (max-width: 300px) 100vw, 300px\" \/>Y se\u00f1ala: \u201clos n\u00fameros son claros: el Gobierno Nacional est\u00e1 sometiendo a las y los trabajadores estatales al hambre y la miseria. La intenci\u00f3n de reinstalar el impuesto a las ganancias constituye otro robo descarado a los salarios de las y los estatales, como al resto de la clase trabajadora\u201d.<\/p>\n<p><strong>Acci\u00f3n Social<\/strong><\/p>\n<p>&nbsp;<\/p>\n<p>Vale mencionar que el llamado incluye la difusi\u00f3n de los beneficios de Acci\u00f3n Social exclusivos para las y los afiliados, de amplia cobertura a partir de los \u00faltimos periodos de gesti\u00f3n.<\/p>\n<p>\u201cEscane\u00e1 el QR y conoc\u00e9 todo lo que Acci\u00f3n Social tiene para vos\u201d, convoca el Consejo Directivo Provincial.<\/p>\n<p>Organizate. La unidad es nuestra fuerza.<\/p>\n","protected":false},"excerpt":{"rendered":"<p>En el marco de la apertura de las paritarias del Estado nacional, ATE lanz\u00f3 una convocatoria para organizar a las y los estatales nacionales en ATE C\u00f3rdoba. \u201cPor recomposici\u00f3n salarial ya, para garantizar pol\u00edticas p\u00fablicas que dignifiquen nuestro trabajo, afiliate a ATE, el gremio que est\u00e1 en la defensa de las y los estatales, luchando [&hellip;]<\/p>\n","protected":false},"author":7,"featured_media":47531,"comment_status":"open","ping_status":"open","sticky":false,"template":"","format":"standard","meta":{"_exactmetrics_skip_tracking":false,"_exactmetrics_sitenote_active":false,"_exactmetrics_sitenote_note":"","_exactmetrics_sitenote_category":0,"jnews-multi-image_gallery":[],"jnews_single_post":{"format":"standard","override":[{"template":"1","parallax":"1","fullscreen":"1","layout":"no-sidebar-narrow","sidebar":"default-sidebar","second_sidebar":"default-sidebar","sticky_sidebar":"1","share_position":"bottom","share_float_style":"share-monocrhome","show_share_counter":"1","show_view_counter":"1","show_post_meta":"1","show_post_author_image":"1","show_post_date":"1","post_date_format":"default","post_date_format_custom":"Y\/m\/d","show_post_category":"1","show_post_reading_time":"0","post_reading_time_wpm":"300","post_calculate_word_method":"str_word_count","show_zoom_button":"0","zoom_button_out_step":"2","zoom_button_in_step":"3","show_post_tag":"1","number_popup_post":"1","show_post_related":"1","show_inline_post_related":"0"}],"image_override":[{"single_post_thumbnail_size":"crop-500","single_post_gallery_size":"crop-500"}],"trending_post_position":"meta","trending_post_label":"Trending","sponsored_post_label":"Sponsored by","disable_ad":"0"},"jnews_primary_category":[],"jnews_social_meta":[],"jnews_review":[],"enable_review":"","type":"percentage","name":"","summary":"","brand":"","sku":"","good":[],"bad":[],"score_override":"","override_value":"","rating":[],"price":[],"jnews_override_counter":{"view_counter_number":"0","share_counter_number":"0","like_counter_number":"0","dislike_counter_number":"0"},"jnews_post_split":{"post_split":[{"template":"1","tag":"h2","numbering":"asc","mode":"normal","first":"0","enable_toc":"0","toc_type":"normal"}]},"footnotes":""},"categories":[18],"tags":[339],"class_list":["post-47528","post","type-post","status-publish","format-standard","has-post-thumbnail","hentry","category-nacionales","tag-paritaria-nacional"],"jetpack_featured_media_url":"https:\/\/atecordoba.org\/wp-content\/uploads\/2025\/02\/tapa-e1738777023995.jpg","_links":{"self":[{"href":"https:\/\/atecordoba.org\/index.php?rest_route=\/wp\/v2\/posts\/47528","targetHints":{"allow":["GET"]}}],"collection":[{"href":"https:\/\/atecordoba.org\/index.php?rest_route=\/wp\/v2\/posts"}],"about":[{"href":"https:\/\/atecordoba.org\/index.php?rest_route=\/wp\/v2\/types\/post"}],"author":[{"embeddable":true,"href":"https:\/\/atecordoba.org\/index.php?rest_route=\/wp\/v2\/users\/7"}],"replies":[{"embeddable":true,"href":"https:\/\/atecordoba.org\/index.php?rest_route=%2Fwp%2Fv2%2Fcomments&post=47528"}],"version-history":[{"count":4,"href":"https:\/\/atecordoba.org\/index.php?rest_route=\/wp\/v2\/posts\/47528\/revisions"}],"predecessor-version":[{"id":47538,"href":"https:\/\/atecordoba.org\/index.php?rest_route=\/wp\/v2\/posts\/47528\/revisions\/47538"}],"wp:featuredmedia":[{"embeddable":true,"href":"https:\/\/atecordoba.org\/index.php?rest_route=\/wp\/v2\/media\/47531"}],"wp:attachment":[{"href":"https:\/\/atecordoba.org\/index.php?rest_route=%2Fwp%2Fv2%2Fmedia&parent=47528"}],"wp:term":[{"taxonomy":"category","embeddable":true,"href":"https:\/\/atecordoba.org\/index.php?rest_route=%2Fwp%2Fv2%2Fcategories&post=47528"},{"taxonomy":"post_tag","embeddable":true,"href":"https:\/\/atecordoba.org\/index.php?rest_route=%2Fwp%2Fv2%2Ftags&post=47528"}],"curies":[{"name":"wp","href":"https:\/\/api.w.org\/{rel}","templated":true}]}}