{"id":47503,"date":"2025-02-04T09:49:19","date_gmt":"2025-02-04T12:49:19","guid":{"rendered":"https:\/\/atecordoba.org\/?p=47503"},"modified":"2025-02-04T09:52:45","modified_gmt":"2025-02-04T12:52:45","slug":"ate-cordoba-presente-en-la-marcha-antifascista-1f","status":"publish","type":"post","link":"https:\/\/atecordoba.org\/?p=47503","title":{"rendered":"ATE C\u00f3rdoba, presente en la Marcha Antifascista 1F"},"content":{"rendered":"<div dir=\"auto\">\n<div dir=\"auto\">\n<p><img loading=\"lazy\" decoding=\"async\" class=\"aligncenter wp-image-47505 \" src=\"https:\/\/atecordoba.org\/wp-content\/uploads\/2025\/02\/476087441_1019122290237685_6639231361550361828_n.jpg\" alt=\"\" width=\"622\" height=\"467\" \/>El s\u00e1bado las calles de C\u00f3rdoba se llenaron de gargantas dando un grito un\u00e1nime contra los discursos\u00a0violentos, homof\u00f3bicos y discriminadores del presidente Javier Milei en el Foro Econ\u00f3mico Mundial de Davos.<\/p>\n<p>Tanto en\u00a0C\u00f3rdoba Capital, como en\u00a0R\u00edo Cuarto,\u00a0Cruz del Eje y\u00a0Traslasierra, ATE dijo presente para repudiar la<img loading=\"lazy\" decoding=\"async\" class=\"size-medium wp-image-47507 alignright\" src=\"https:\/\/atecordoba.org\/wp-content\/uploads\/2025\/02\/475774434_1019106850239229_4775907958157236947_n-283x300.jpg\" alt=\"\" width=\"283\" height=\"300\" srcset=\"https:\/\/atecordoba.org\/wp-content\/uploads\/2025\/02\/475774434_1019106850239229_4775907958157236947_n-283x300.jpg 283w, https:\/\/atecordoba.org\/wp-content\/uploads\/2025\/02\/475774434_1019106850239229_4775907958157236947_n.jpg 540w\" sizes=\"auto, (max-width: 283px) 100vw, 283px\" \/> pol\u00edtica discriminadora de Milei, que concit\u00f3 el rechazo generalizado de la poblaci\u00f3n a los largo y ancho del pa\u00eds.<\/p>\n<p>Miles de estatales de todo el pa\u00eds concurrieron a las plazas de las principales ciudades. En la Capital Federal, la movilizaci\u00f3n hacia la Plaza de Mayo fue contundente.<\/p>\n<p>\u201cEsta marcha multitudinaria en todo el pa\u00eds es una bocanada de aire fresco para una democracia que est\u00e1 en riesgo. Es el grito de desahogo de un pueblo al que deliberadamente est\u00e1n haciendo sufrir\u201d, se\u00f1al\u00f3 Rodolfo Aguiar, Secretario General de ATE Nacional.<\/p>\n<p>\u201cLa masividad a la hora de ganar las calles muestra que no estamos dispuestos a retroceder, que vamos a defender con dignidad todas nuestras conquistas y no nos vamos a dejar humillar m\u00e1s. El Gobierno la criticaba porque dec\u00eda que era una marcha pol\u00edtica, y es as\u00ed. Se ha transformado en una de las expresiones pol\u00edticas m\u00e1s grandes de rechazo a la gesti\u00f3n de Milei\u201d, agreg\u00f3 el dirigente estatal.<\/p>\n<p><img loading=\"lazy\" decoding=\"async\" class=\"alignleft wp-image-47508 \" src=\"https:\/\/atecordoba.org\/wp-content\/uploads\/2025\/02\/475878425_1019122156904365_8748305993334042844_n.jpg\" alt=\"\" width=\"352\" height=\"626\" srcset=\"https:\/\/atecordoba.org\/wp-content\/uploads\/2025\/02\/475878425_1019122156904365_8748305993334042844_n.jpg 540w, https:\/\/atecordoba.org\/wp-content\/uploads\/2025\/02\/475878425_1019122156904365_8748305993334042844_n-169x300.jpg 169w\" sizes=\"auto, (max-width: 352px) 100vw, 352px\" \/>La situaci\u00f3n lo amerita. Los planteos del mandatario no s\u00f3lo son regresivos y discriminatorios, sino que se basan en premisas falsas y confusas, contrarias a toda la normativa vigente nacional e internacional, pero sobre todo cargados de odio y misoginia.<\/p>\n<p>En C\u00f3rdoba, como en el resto del pa\u00eds, una marea humana protagoniz\u00f3 el 1\u00ba de febrero la Marcha Federal del Orgullo Antifacista y Antirracista.<\/p>\n<p>Con la presencia del Secretario General de la CTA Aut\u00f3noma C\u00f3rdoba, Federico Giuliani, junto a su par de R\u00edo Cuarto, Rafaela Alcoba, m\u00e1s de 8 mil personas participaron en la Capital Alterna de la Provincia de la protesta convocada por la Mesa de la Diversidad y de la que intervinieron diferentes colectivos feministas, sindicatos, agrupaciones pol\u00edticas y organizaciones sociales.<\/p>\n<p>\u201cParticipamos en toda la provincia para expresar nuestro repudio a este Gobierno reaccionario, negacionista, que reivindica el terrorismo de Estado, hambrea al pueblo y pone bandera de remate a nuestra Patria\u201d, sostuvo Giuliani.<\/p>\n<p>Indic\u00f3 que \u201cel colectivo de g\u00e9nero y diversidades, los trabajadores estatales y privados, los jubilados, los sectores m\u00e1s humildes y el pueblo sencillo son agredidos por el Gobierno de la restauraci\u00f3n olig\u00e1rquica que pretende retrotraernos a la \u2018D\u00e9cada Infame\u2019 de los a\u00f1os \u201930 en el siglo pasado, cuando las mayor\u00edas populares estaban excluidas y sometidas por las minor\u00edas del privilegio\u201d.<\/p>\n<p>\u201cLa masividad de la movilizaci\u00f3n en todo el pa\u00eds demuestra claramente que no pasar\u00e1n. Frente a la crisis de representatividad en el campo popular, tanto a nivel pol\u00edtico, como social y sindical, necesitamos unificar la lucha de todos los sectores castigados por el facho de Milei para enfrentar y derrotar a la barbarie, mientras se va reconfigurando el nuevo sujeto pol\u00edtico y social de esta etapa\u201d, sentenci\u00f3 Giuliani.<\/p>\n<p><strong>CTA-A<\/strong><\/p>\n<p>La CTA Aut\u00f3noma -representada por la FeNaT, AMMAR, ATE y el Cispren, entre otros- tuvo una marcada presencia en la convocatoria masiva, con una columna extensa y colorida de m\u00e1s de cinco cuadras, dentro de las cuales banderas multicolores se entremezclaban con carteles pintados a mano.<\/p>\n<p>Adem\u00e1s de los habituales colores de las convocatorias del colectivo LGBTTTIQ+, se sumaron a esta convocatoria diversos reclamos contra los ajustes impuestos por el Gobierno Nacional a jubiladas y jubilados, la Educaci\u00f3n y la Salud P\u00fablica.<\/p>\n<p>Blanca Mendoza, Secretaria Gremial del Sindicato de Mujeres Trabajadoras Sexuales Aut\u00f3nomas (AMMAR C\u00f3rdoba-CTAA), alert\u00f3 que \u201cel Gobierno fascista que tenemos viene por los derechos que hemos conquistado\u201d.<\/p>\n<p>&nbsp;<\/p>\n<div id='gallery_1' class='gallery galleryid-47503 gallery-columns-4 gallery-size-thumbnail'><figure class='gallery-item'>\n                <div class='gallery-icon portrait'>\n                    <a href='https:\/\/atecordoba.org\/wp-content\/uploads\/2025\/02\/475772800_1019122203571027_2248994556018149316_n.jpg'><img loading=\"lazy\" decoding=\"async\" width=\"150\" height=\"150\" src=\"\" class=\"attachment-thumbnail size-thumbnail lazyload\" alt=\"\" data-src=\"https:\/\/atecordoba.org\/wp-content\/uploads\/2025\/02\/475772800_1019122203571027_2248994556018149316_n-150x150.jpg\" data-sizes=\"auto\" data-srcset=\"https:\/\/atecordoba.org\/wp-content\/uploads\/2025\/02\/475772800_1019122203571027_2248994556018149316_n-150x150.jpg 150w, https:\/\/atecordoba.org\/wp-content\/uploads\/2025\/02\/475772800_1019122203571027_2248994556018149316_n-560x560.jpg 560w, https:\/\/atecordoba.org\/wp-content\/uploads\/2025\/02\/475772800_1019122203571027_2248994556018149316_n-75x75.jpg 75w, https:\/\/atecordoba.org\/wp-content\/uploads\/2025\/02\/475772800_1019122203571027_2248994556018149316_n-350x350.jpg 350w\" data-expand=\"700\" \/><\/a>\n                <\/div><\/figure><figure class='gallery-item'>\n                <div class='gallery-icon landscape'>\n                    <a href='https:\/\/atecordoba.org\/wp-content\/uploads\/2025\/02\/475308610_1019122240237690_8036774906447618922_n.jpg'><img loading=\"lazy\" decoding=\"async\" width=\"150\" height=\"150\" src=\"\" class=\"attachment-thumbnail size-thumbnail lazyload\" alt=\"\" data-src=\"https:\/\/atecordoba.org\/wp-content\/uploads\/2025\/02\/475308610_1019122240237690_8036774906447618922_n-150x150.jpg\" data-sizes=\"auto\" data-srcset=\"https:\/\/atecordoba.org\/wp-content\/uploads\/2025\/02\/475308610_1019122240237690_8036774906447618922_n-150x150.jpg 150w, https:\/\/atecordoba.org\/wp-content\/uploads\/2025\/02\/475308610_1019122240237690_8036774906447618922_n-560x560.jpg 560w, https:\/\/atecordoba.org\/wp-content\/uploads\/2025\/02\/475308610_1019122240237690_8036774906447618922_n-75x75.jpg 75w, https:\/\/atecordoba.org\/wp-content\/uploads\/2025\/02\/475308610_1019122240237690_8036774906447618922_n-350x350.jpg 350w\" data-expand=\"700\" \/><\/a>\n                <\/div><\/figure><figure class='gallery-item'>\n                <div class='gallery-icon landscape'>\n                    <a href='https:\/\/atecordoba.org\/wp-content\/uploads\/2025\/02\/475517372_1019118593571388_740415968376771170_n.jpg'><img loading=\"lazy\" decoding=\"async\" width=\"150\" height=\"150\" src=\"\" class=\"attachment-thumbnail size-thumbnail lazyload\" alt=\"\" data-src=\"https:\/\/atecordoba.org\/wp-content\/uploads\/2025\/02\/475517372_1019118593571388_740415968376771170_n-150x150.jpg\" data-sizes=\"auto\" data-srcset=\"https:\/\/atecordoba.org\/wp-content\/uploads\/2025\/02\/475517372_1019118593571388_740415968376771170_n-150x150.jpg 150w, https:\/\/atecordoba.org\/wp-content\/uploads\/2025\/02\/475517372_1019118593571388_740415968376771170_n-560x560.jpg 560w, https:\/\/atecordoba.org\/wp-content\/uploads\/2025\/02\/475517372_1019118593571388_740415968376771170_n-75x75.jpg 75w, https:\/\/atecordoba.org\/wp-content\/uploads\/2025\/02\/475517372_1019118593571388_740415968376771170_n-350x350.jpg 350w\" data-expand=\"700\" \/><\/a>\n                <\/div><\/figure><figure class='gallery-item'>\n                <div class='gallery-icon landscape'>\n                    <a href='https:\/\/atecordoba.org\/wp-content\/uploads\/2025\/02\/475688572_1019106883572559_8595639086439839875_n.jpg'><img loading=\"lazy\" decoding=\"async\" width=\"150\" height=\"150\" src=\"\" class=\"attachment-thumbnail size-thumbnail lazyload\" alt=\"\" data-src=\"https:\/\/atecordoba.org\/wp-content\/uploads\/2025\/02\/475688572_1019106883572559_8595639086439839875_n-150x150.jpg\" data-sizes=\"auto\" data-srcset=\"https:\/\/atecordoba.org\/wp-content\/uploads\/2025\/02\/475688572_1019106883572559_8595639086439839875_n-150x150.jpg 150w, https:\/\/atecordoba.org\/wp-content\/uploads\/2025\/02\/475688572_1019106883572559_8595639086439839875_n-75x75.jpg 75w, https:\/\/atecordoba.org\/wp-content\/uploads\/2025\/02\/475688572_1019106883572559_8595639086439839875_n-350x350.jpg 350w\" data-expand=\"700\" \/><\/a>\n                <\/div><\/figure><br style=\"clear: both\" \/>\n            <\/div>\n\n<\/div>\n<div dir=\"auto\"><\/div>\n<\/div>\n","protected":false},"excerpt":{"rendered":"<p>El s\u00e1bado las calles de C\u00f3rdoba se llenaron de gargantas dando un grito un\u00e1nime contra los discursos\u00a0violentos, homof\u00f3bicos y discriminadores del presidente Javier Milei en el Foro Econ\u00f3mico Mundial de Davos. Tanto en\u00a0C\u00f3rdoba Capital, como en\u00a0R\u00edo Cuarto,\u00a0Cruz del Eje y\u00a0Traslasierra, ATE dijo presente para repudiar la pol\u00edtica discriminadora de Milei, que concit\u00f3 el rechazo generalizado [&hellip;]<\/p>\n","protected":false},"author":7,"featured_media":47505,"comment_status":"open","ping_status":"open","sticky":false,"template":"","format":"standard","meta":{"_exactmetrics_skip_tracking":false,"_exactmetrics_sitenote_active":false,"_exactmetrics_sitenote_note":"","_exactmetrics_sitenote_category":0,"jnews-multi-image_gallery":[],"jnews_single_post":{"format":"standard","override":[{"template":"1","parallax":"1","fullscreen":"1","layout":"no-sidebar-narrow","sidebar":"default-sidebar","second_sidebar":"default-sidebar","sticky_sidebar":"1","share_position":"bottom","share_float_style":"share-monocrhome","show_share_counter":"1","show_view_counter":"1","show_post_meta":"1","show_post_author_image":"1","show_post_date":"1","post_date_format":"default","post_date_format_custom":"Y\/m\/d","show_post_category":"1","show_post_reading_time":"0","post_reading_time_wpm":"300","post_calculate_word_method":"str_word_count","show_zoom_button":"0","zoom_button_out_step":"2","zoom_button_in_step":"3","show_post_tag":"1","number_popup_post":"1","show_post_related":"1","show_inline_post_related":"0"}],"image_override":[{"single_post_thumbnail_size":"crop-500","single_post_gallery_size":"crop-500"}],"trending_post_position":"meta","trending_post_label":"Trending","sponsored_post_label":"Sponsored by","disable_ad":"0"},"jnews_primary_category":[],"jnews_social_meta":[],"jnews_review":[],"enable_review":"","type":"percentage","name":"","summary":"","brand":"","sku":"","good":[],"bad":[],"score_override":"","override_value":"","rating":[],"price":[],"jnews_override_counter":{"view_counter_number":"0","share_counter_number":"0","like_counter_number":"0","dislike_counter_number":"0"},"jnews_post_split":{"post_split":[{"template":"1","tag":"h2","numbering":"asc","mode":"normal","first":"0","enable_toc":"0","toc_type":"normal"}]},"footnotes":""},"categories":[325],"tags":[1463],"class_list":["post-47503","post","type-post","status-publish","format-standard","has-post-thumbnail","hentry","category-generos-y-diversidades","tag-marcha-antifascista"],"jetpack_featured_media_url":"https:\/\/atecordoba.org\/wp-content\/uploads\/2025\/02\/476087441_1019122290237685_6639231361550361828_n-e1738673348189.jpg","_links":{"self":[{"href":"https:\/\/atecordoba.org\/index.php?rest_route=\/wp\/v2\/posts\/47503","targetHints":{"allow":["GET"]}}],"collection":[{"href":"https:\/\/atecordoba.org\/index.php?rest_route=\/wp\/v2\/posts"}],"about":[{"href":"https:\/\/atecordoba.org\/index.php?rest_route=\/wp\/v2\/types\/post"}],"author":[{"embeddable":true,"href":"https:\/\/atecordoba.org\/index.php?rest_route=\/wp\/v2\/users\/7"}],"replies":[{"embeddable":true,"href":"https:\/\/atecordoba.org\/index.php?rest_route=%2Fwp%2Fv2%2Fcomments&post=47503"}],"version-history":[{"count":4,"href":"https:\/\/atecordoba.org\/index.php?rest_route=\/wp\/v2\/posts\/47503\/revisions"}],"predecessor-version":[{"id":47516,"href":"https:\/\/atecordoba.org\/index.php?rest_route=\/wp\/v2\/posts\/47503\/revisions\/47516"}],"wp:featuredmedia":[{"embeddable":true,"href":"https:\/\/atecordoba.org\/index.php?rest_route=\/wp\/v2\/media\/47505"}],"wp:attachment":[{"href":"https:\/\/atecordoba.org\/index.php?rest_route=%2Fwp%2Fv2%2Fmedia&parent=47503"}],"wp:term":[{"taxonomy":"category","embeddable":true,"href":"https:\/\/atecordoba.org\/index.php?rest_route=%2Fwp%2Fv2%2Fcategories&post=47503"},{"taxonomy":"post_tag","embeddable":true,"href":"https:\/\/atecordoba.org\/index.php?rest_route=%2Fwp%2Fv2%2Ftags&post=47503"}],"curies":[{"name":"wp","href":"https:\/\/api.w.org\/{rel}","templated":true}]}}