{"id":47499,"date":"2025-02-04T09:12:50","date_gmt":"2025-02-04T12:12:50","guid":{"rendered":"https:\/\/atecordoba.org\/?p=47499"},"modified":"2025-02-04T09:54:16","modified_gmt":"2025-02-04T12:54:16","slug":"hoy-comienzan-las-paritarias-nacionales-y-ate-anticipo-su-rechazo-a-la-imposicion-de-un-techo-salarial","status":"publish","type":"post","link":"https:\/\/atecordoba.org\/?p=47499","title":{"rendered":"Hoy comienzan las paritarias nacionales y ATE anticip\u00f3 su rechazo a la imposici\u00f3n de un techo salarial"},"content":{"rendered":"<p><img loading=\"lazy\" decoding=\"async\" class=\"aligncenter wp-image-47500 \" src=\"https:\/\/atecordoba.org\/wp-content\/uploads\/2025\/02\/aguair-escalera-1024x680.webp\" alt=\"\" width=\"611\" height=\"406\" \/>Hoy dar\u00e1 comienzo la primer audiencia de las paritarias en la Administraci\u00f3n P\u00fablica Nacional que convoc\u00f3 Gobierno, a partir de las 14 horas, y la Asociaci\u00f3n Trabajadores del Estado (ATE) ya anticip\u00f3 que no se aceptar\u00e1 ning\u00fan techo a los aumentos salariales. Adem\u00e1s, nuestro sindicato convoc\u00f3 a su Consejo Directivo Nacional con la presencia de todas las provincias para hoy a los efectos de definir nuevas medidas de acci\u00f3n directa. Entre los convocados est\u00e1 el secretario General de ATE C\u00f3rdoba, Federico Giuliani.<\/p>\n<p>\u201cSe trata de una convocatoria tard\u00eda y el Gobierno tiene que saber que no vamos a aceptar la imposici\u00f3n de ning\u00fan techo en la paritaria estatal. La propuesta que se realice tiene que tener impacto retroactivo a enero y permitir abrir un proceso de recuperaci\u00f3n de los salarios en el sector p\u00fablico. Hasta ahora la pol\u00edtica salarial del Ejecutivo ha destruido todos los ingresos y ese da\u00f1o tiene que ser reparado\u201d, se\u00f1al\u00f3 Rodolfo Aguiar, Secretario General de ATE Argentina.<\/p>\n<p>Cabe recordar que las paritarias del Convenio Colectivo de Trabajo 214\/06 durante el 2024 quedaron 44,4% por debajo de la inflaci\u00f3n. Esto se da como resultado de un aumento de 73,3%, aceptado por UPCN, frente a un \u00cdndice de Precios al Consumidor (IPC) de 117,7%.<\/p>\n<p>En este marco, el dirigente estatal se\u00f1al\u00f3 que el gobierno \u201cdebe compensar la p\u00e9rdida del poder adquisitivo y volver a ubicar a decenas de miles de trabajadores por encima de la l\u00ednea de la pobreza. No podemos aceptar mansamente que haya estatales pobres. Por eso convocamos a que sesione nuestro Consejo Directivo a pleno con la presencia de todas las provincias y r\u00e1pidamente definamos nuestro plan de acci\u00f3n si las negociaciones no satisfacen nuestras expectativas\u201d.<\/p>\n<p>\u201cNo tenemos que permitir que la paritaria nacional sea utilizada como una herramienta de disciplinamiento para todas las negociaciones salariales en las provincias y en los municipios. Hasta gremios del \u00e1mbito privado se quejan por el tope del 1%, pero tienen que saber que esa miseria la acordaron algunos colegas suyos en el Estado. Eso no puede volver a pasar\u201d, remat\u00f3 Aguiar.<\/p>\n<p><strong>Comienzo<\/strong><\/p>\n<p>La reuni\u00f3n tendr\u00e1 lugar en la Secretar\u00eda de Trabajo, ubicada en Av. Callao 114 de la Capital Federal. Ese mismo d\u00eda, las representaciones de ATE en todas las provincias junto a la Conducci\u00f3n Nacional evaluar\u00e1n el resultado de la negociaci\u00f3n y definir\u00e1n el plan de acci\u00f3n.<\/p>\n<p>En este marco, el sindicato estatal reiter\u00f3 su rechazo a la Decisi\u00f3n Administrativa 1\/25 establece que los aumentos salariales del sector p\u00fablico deben negociarse exclusivamente dentro de los par\u00e1metros presupuestarios de cada dependencia, los cuales est\u00e1n atados al presupuesto del 2023.<\/p>\n","protected":false},"excerpt":{"rendered":"<p>Hoy dar\u00e1 comienzo la primer audiencia de las paritarias en la Administraci\u00f3n P\u00fablica Nacional que convoc\u00f3 Gobierno, a partir de las 14 horas, y la Asociaci\u00f3n Trabajadores del Estado (ATE) ya anticip\u00f3 que no se aceptar\u00e1 ning\u00fan techo a los aumentos salariales. Adem\u00e1s, nuestro sindicato convoc\u00f3 a su Consejo Directivo Nacional con la presencia de [&hellip;]<\/p>\n","protected":false},"author":7,"featured_media":47500,"comment_status":"open","ping_status":"open","sticky":false,"template":"","format":"standard","meta":{"_exactmetrics_skip_tracking":false,"_exactmetrics_sitenote_active":false,"_exactmetrics_sitenote_note":"","_exactmetrics_sitenote_category":0,"jnews-multi-image_gallery":[],"jnews_single_post":{"format":"standard","override":[{"template":"1","parallax":"1","fullscreen":"1","layout":"no-sidebar-narrow","sidebar":"default-sidebar","second_sidebar":"default-sidebar","sticky_sidebar":"1","share_position":"bottom","share_float_style":"share-monocrhome","show_share_counter":"1","show_view_counter":"1","show_post_meta":"1","show_post_author_image":"1","show_post_date":"1","post_date_format":"default","post_date_format_custom":"Y\/m\/d","show_post_category":"1","show_post_reading_time":"0","post_reading_time_wpm":"300","post_calculate_word_method":"str_word_count","show_zoom_button":"0","zoom_button_out_step":"2","zoom_button_in_step":"3","show_post_tag":"1","number_popup_post":"1","show_post_related":"1","show_inline_post_related":"0"}],"image_override":[{"single_post_thumbnail_size":"crop-500","single_post_gallery_size":"crop-500"}],"trending_post_position":"meta","trending_post_label":"Trending","sponsored_post_label":"Sponsored by","disable_ad":"0"},"jnews_primary_category":[],"jnews_social_meta":[],"jnews_review":[],"enable_review":"","type":"percentage","name":"","summary":"","brand":"","sku":"","good":[],"bad":[],"score_override":"","override_value":"","rating":[],"price":[],"jnews_override_counter":{"view_counter_number":"0","share_counter_number":"0","like_counter_number":"0","dislike_counter_number":"0"},"jnews_post_split":{"post_split":[{"template":"1","tag":"h2","numbering":"asc","mode":"normal","first":"0","enable_toc":"0","toc_type":"normal"}]},"footnotes":""},"categories":[18],"tags":[599],"class_list":["post-47499","post","type-post","status-publish","format-standard","has-post-thumbnail","hentry","category-nacionales","tag-paritaria"],"jetpack_featured_media_url":"https:\/\/atecordoba.org\/wp-content\/uploads\/2025\/02\/aguair-escalera-e1738671162982.webp","_links":{"self":[{"href":"https:\/\/atecordoba.org\/index.php?rest_route=\/wp\/v2\/posts\/47499","targetHints":{"allow":["GET"]}}],"collection":[{"href":"https:\/\/atecordoba.org\/index.php?rest_route=\/wp\/v2\/posts"}],"about":[{"href":"https:\/\/atecordoba.org\/index.php?rest_route=\/wp\/v2\/types\/post"}],"author":[{"embeddable":true,"href":"https:\/\/atecordoba.org\/index.php?rest_route=\/wp\/v2\/users\/7"}],"replies":[{"embeddable":true,"href":"https:\/\/atecordoba.org\/index.php?rest_route=%2Fwp%2Fv2%2Fcomments&post=47499"}],"version-history":[{"count":3,"href":"https:\/\/atecordoba.org\/index.php?rest_route=\/wp\/v2\/posts\/47499\/revisions"}],"predecessor-version":[{"id":47518,"href":"https:\/\/atecordoba.org\/index.php?rest_route=\/wp\/v2\/posts\/47499\/revisions\/47518"}],"wp:featuredmedia":[{"embeddable":true,"href":"https:\/\/atecordoba.org\/index.php?rest_route=\/wp\/v2\/media\/47500"}],"wp:attachment":[{"href":"https:\/\/atecordoba.org\/index.php?rest_route=%2Fwp%2Fv2%2Fmedia&parent=47499"}],"wp:term":[{"taxonomy":"category","embeddable":true,"href":"https:\/\/atecordoba.org\/index.php?rest_route=%2Fwp%2Fv2%2Fcategories&post=47499"},{"taxonomy":"post_tag","embeddable":true,"href":"https:\/\/atecordoba.org\/index.php?rest_route=%2Fwp%2Fv2%2Ftags&post=47499"}],"curies":[{"name":"wp","href":"https:\/\/api.w.org\/{rel}","templated":true}]}}