{"id":47491,"date":"2025-01-31T10:06:05","date_gmt":"2025-01-31T13:06:05","guid":{"rendered":"https:\/\/atecordoba.org\/?p=47491"},"modified":"2025-01-31T10:06:05","modified_gmt":"2025-01-31T13:06:05","slug":"auxiliares-del-paicor-y-escolares-reclaman-contra-la-precarizacion-laboral-y-salarios-insuficientes","status":"publish","type":"post","link":"https:\/\/atecordoba.org\/?p=47491","title":{"rendered":"Auxiliares del PAICOR y Escolares reclaman contra la precarizaci\u00f3n laboral y salarios insuficientes"},"content":{"rendered":"<p data-pm-slice=\"1 1 []\"><a href=\"https:\/\/atecordoba.org\/wp-content\/uploads\/2025\/01\/414345527_3091264881003976_1565007652737205620_n-1536x1152-1.jpg\"><img loading=\"lazy\" decoding=\"async\" class=\"alignnone wp-image-47492 size-full\" src=\"https:\/\/atecordoba.org\/wp-content\/uploads\/2025\/01\/414345527_3091264881003976_1565007652737205620_n-1536x1152-1.jpg\" alt=\"\" width=\"1536\" height=\"1152\" srcset=\"https:\/\/atecordoba.org\/wp-content\/uploads\/2025\/01\/414345527_3091264881003976_1565007652737205620_n-1536x1152-1.jpg 1536w, https:\/\/atecordoba.org\/wp-content\/uploads\/2025\/01\/414345527_3091264881003976_1565007652737205620_n-1536x1152-1-300x225.jpg 300w, https:\/\/atecordoba.org\/wp-content\/uploads\/2025\/01\/414345527_3091264881003976_1565007652737205620_n-1536x1152-1-1024x768.jpg 1024w, https:\/\/atecordoba.org\/wp-content\/uploads\/2025\/01\/414345527_3091264881003976_1565007652737205620_n-1536x1152-1-768x576.jpg 768w, https:\/\/atecordoba.org\/wp-content\/uploads\/2025\/01\/414345527_3091264881003976_1565007652737205620_n-1536x1152-1-750x563.jpg 750w, https:\/\/atecordoba.org\/wp-content\/uploads\/2025\/01\/414345527_3091264881003976_1565007652737205620_n-1536x1152-1-1140x855.jpg 1140w\" sizes=\"auto, (max-width: 1536px) 100vw, 1536px\" \/><\/a><\/p>\n<p data-pm-slice=\"1 1 []\">Las trabajadoras y trabajadores del PAICOR y Auxiliares Escolares alzan la voz contra la precarizaci\u00f3n laboral y los bajos salarios que perciben, exigiendo al Estado Provincial que atienda sus reclamos y garantice condiciones de trabajo dignas.<\/p>\n<p>Mar\u00eda Sosa, referente de las trabajadoras del PAICOR organizadas en ATE y Secretaria de Cultura de la CTA Aut\u00f3noma de la provincia de C\u00f3rdoba, expres\u00f3 que \u201cseguimos caminando con un prop\u00f3sito, terminar con la precarizaci\u00f3n laboral. Muchas compa\u00f1eras Jefas de Hogar trabajan en los programas PAICOR y Auxiliares Escolares, personal esencial e invisible para el Estado\u201d.<\/p>\n<p>Adem\u00e1s, destac\u00f3 la importancia del rol que cumplen: \u201cCon salarios magros e insuficientes son la base de la pir\u00e1mide laboral. Sin su servicio no tendr\u00edan un espacio con higiene, ambiente saludable para la Educaci\u00f3n P\u00fablica. La alimentaci\u00f3n es fundamental para el desarrollo de nuestros pibes y pibas\u201d.<\/p>\n<p><a href=\"https:\/\/atecordoba.org\/wp-content\/uploads\/2025\/01\/2-7-300x179-1.jpg\"><img loading=\"lazy\" decoding=\"async\" class=\"alignnone size-full wp-image-47493\" src=\"https:\/\/atecordoba.org\/wp-content\/uploads\/2025\/01\/2-7-300x179-1.jpg\" alt=\"\" width=\"300\" height=\"179\" \/><\/a> <a href=\"https:\/\/atecordoba.org\/wp-content\/uploads\/2025\/01\/1-4-300x157-1.jpg\"><img loading=\"lazy\" decoding=\"async\" class=\"alignnone size-medium wp-image-47494\" src=\"https:\/\/atecordoba.org\/wp-content\/uploads\/2025\/01\/1-4-300x157-1.jpg\" alt=\"\" width=\"300\" height=\"157\" \/><\/a><\/p>\n<p>Sosa remarc\u00f3 que \u201cestos servicios se cubren en su gran mayor\u00eda con personal precarizado, con responsabilidad y obligaciones como trabajadores en blanco, muchas compa\u00f1eras con antig\u00fcedad y desgaste f\u00edsico\u201d. Frente a esta situaci\u00f3n, exigi\u00f3 que \u201cel Estado Provincial priorice a los de abajo y no a los funcionarios con salarios fabulosos mientras que los trabajadores cobramos sueldos irrisorios\u201d.<\/p>\n<p>Por \u00faltimo, hizo un llamado a la organizaci\u00f3n y la lucha: \u201cNo dejemos de luchar por los derechos que corresponden. No al miedo, no a la persecuci\u00f3n, no al hostigamiento y maltrato laboral. Siempre estando del lado correcto\u201d.<\/p>\n<p>Desde ATE C\u00f3rdoba seguimos acompa\u00f1ando a las y los trabajadores en esta lucha por condiciones laborales dignas y salarios justos.<\/p>\n","protected":false},"excerpt":{"rendered":"<p>Las trabajadoras y trabajadores del PAICOR y Auxiliares Escolares alzan la voz contra la precarizaci\u00f3n laboral y los bajos salarios que perciben, exigiendo al Estado Provincial que atienda sus reclamos y garantice condiciones de trabajo dignas. Mar\u00eda Sosa, referente de las trabajadoras del PAICOR organizadas en ATE y Secretaria de Cultura de la CTA Aut\u00f3noma [&hellip;]<\/p>\n","protected":false},"author":3,"featured_media":47492,"comment_status":"open","ping_status":"open","sticky":false,"template":"","format":"standard","meta":{"_exactmetrics_skip_tracking":false,"_exactmetrics_sitenote_active":false,"_exactmetrics_sitenote_note":"","_exactmetrics_sitenote_category":0,"jnews-multi-image_gallery":[],"jnews_single_post":{"format":"standard","override":[{"template":"1","parallax":"1","fullscreen":"1","layout":"no-sidebar-narrow","sidebar":"default-sidebar","second_sidebar":"default-sidebar","sticky_sidebar":"1","share_position":"bottom","share_float_style":"share-monocrhome","show_share_counter":"1","show_view_counter":"1","show_post_meta":"1","show_post_author_image":"1","show_post_date":"1","post_date_format":"default","post_date_format_custom":"Y\/m\/d","show_post_category":"1","show_post_reading_time":"0","post_reading_time_wpm":"300","post_calculate_word_method":"str_word_count","show_zoom_button":"0","zoom_button_out_step":"2","zoom_button_in_step":"3","show_post_tag":"1","number_popup_post":"1","show_post_related":"1","show_inline_post_related":"0"}],"image_override":[{"single_post_thumbnail_size":"crop-500","single_post_gallery_size":"crop-500"}],"trending_post_position":"meta","trending_post_label":"Trending","sponsored_post_label":"Sponsored by","disable_ad":"0"},"jnews_primary_category":[],"jnews_social_meta":[],"jnews_review":[],"enable_review":"","type":"percentage","name":"","summary":"","brand":"","sku":"","good":[],"bad":[],"score_override":"","override_value":"","rating":[],"price":[],"jnews_override_counter":{"view_counter_number":"0","share_counter_number":"0","like_counter_number":"0","dislike_counter_number":"0"},"jnews_post_split":{"post_split":[{"template":"1","tag":"h2","numbering":"asc","mode":"normal","first":"0","enable_toc":"0","toc_type":"normal"}]},"footnotes":""},"categories":[8],"tags":[],"class_list":["post-47491","post","type-post","status-publish","format-standard","has-post-thumbnail","hentry","category-provinciales"],"jetpack_featured_media_url":"https:\/\/atecordoba.org\/wp-content\/uploads\/2025\/01\/414345527_3091264881003976_1565007652737205620_n-1536x1152-1.jpg","_links":{"self":[{"href":"https:\/\/atecordoba.org\/index.php?rest_route=\/wp\/v2\/posts\/47491","targetHints":{"allow":["GET"]}}],"collection":[{"href":"https:\/\/atecordoba.org\/index.php?rest_route=\/wp\/v2\/posts"}],"about":[{"href":"https:\/\/atecordoba.org\/index.php?rest_route=\/wp\/v2\/types\/post"}],"author":[{"embeddable":true,"href":"https:\/\/atecordoba.org\/index.php?rest_route=\/wp\/v2\/users\/3"}],"replies":[{"embeddable":true,"href":"https:\/\/atecordoba.org\/index.php?rest_route=%2Fwp%2Fv2%2Fcomments&post=47491"}],"version-history":[{"count":1,"href":"https:\/\/atecordoba.org\/index.php?rest_route=\/wp\/v2\/posts\/47491\/revisions"}],"predecessor-version":[{"id":47495,"href":"https:\/\/atecordoba.org\/index.php?rest_route=\/wp\/v2\/posts\/47491\/revisions\/47495"}],"wp:featuredmedia":[{"embeddable":true,"href":"https:\/\/atecordoba.org\/index.php?rest_route=\/wp\/v2\/media\/47492"}],"wp:attachment":[{"href":"https:\/\/atecordoba.org\/index.php?rest_route=%2Fwp%2Fv2%2Fmedia&parent=47491"}],"wp:term":[{"taxonomy":"category","embeddable":true,"href":"https:\/\/atecordoba.org\/index.php?rest_route=%2Fwp%2Fv2%2Fcategories&post=47491"},{"taxonomy":"post_tag","embeddable":true,"href":"https:\/\/atecordoba.org\/index.php?rest_route=%2Fwp%2Fv2%2Ftags&post=47491"}],"curies":[{"name":"wp","href":"https:\/\/api.w.org\/{rel}","templated":true}]}}