{"id":47485,"date":"2025-01-31T09:49:06","date_gmt":"2025-01-31T12:49:06","guid":{"rendered":"https:\/\/atecordoba.org\/?p=47485"},"modified":"2025-01-31T09:49:06","modified_gmt":"2025-01-31T12:49:06","slug":"ate-cordoba-impulsa-un-convenio-colectivo-de-trabajo-para-la-superintendencia-de-riesgos-del-trabajo","status":"publish","type":"post","link":"https:\/\/atecordoba.org\/?p=47485","title":{"rendered":"ATE C\u00f3rdoba impulsa un Convenio Colectivo de Trabajo para la Superintendencia de Riesgos del Trabajo"},"content":{"rendered":"<p data-pm-slice=\"1 1 []\"><a href=\"https:\/\/atecordoba.org\/wp-content\/uploads\/2025\/01\/20230412_112853-1024x461-1.jpg\"><img loading=\"lazy\" decoding=\"async\" class=\"alignnone wp-image-47486 size-full\" src=\"https:\/\/atecordoba.org\/wp-content\/uploads\/2025\/01\/20230412_112853-1024x461-1.jpg\" alt=\"\" width=\"1024\" height=\"461\" srcset=\"https:\/\/atecordoba.org\/wp-content\/uploads\/2025\/01\/20230412_112853-1024x461-1.jpg 1024w, https:\/\/atecordoba.org\/wp-content\/uploads\/2025\/01\/20230412_112853-1024x461-1-300x135.jpg 300w, https:\/\/atecordoba.org\/wp-content\/uploads\/2025\/01\/20230412_112853-1024x461-1-768x346.jpg 768w, https:\/\/atecordoba.org\/wp-content\/uploads\/2025\/01\/20230412_112853-1024x461-1-750x338.jpg 750w\" sizes=\"auto, (max-width: 1024px) 100vw, 1024px\" \/><\/a><\/p>\n<p data-pm-slice=\"1 1 []\">El pasado 29 de enero, las delegadas de ATE C\u00f3rdoba en la Superintendencia de Riesgos del Trabajo (SRT), junto al Consejo Directivo Provincial encabezado por nuestro Secretario General, Federico Giuliani, formalizaron la presentaci\u00f3n de un proyecto de Convenio Colectivo de Trabajo (CCT) ante la Gerencia General del organismo.<\/p>\n<p>El documento, elaborado de manera conjunta entre las delegadas de la provincia y el gremio, tiene como objetivo establecer un marco normativo que garantice mejoras en las condiciones laborales, la ampliaci\u00f3n de derechos de las y los trabajadores y el fortalecimiento institucional del sector.<\/p>\n<p>En la solicitud elevada a Fernando P\u00e9rez, Gerente General de la SRT, se destac\u00f3 la importancia de generar un espacio de discusi\u00f3n y an\u00e1lisis del proyecto, con el fin de avanzar en su tratamiento y eventual aprobaci\u00f3n. &#8220;Este convenio es el resultado de un esfuerzo colectivo y representa una herramienta clave para consolidar un marco laboral m\u00e1s justo y actualizado&#8221;, expresaron desde el Consejo Directivo de ATE C\u00f3rdoba.<\/p>\n<p>Desde nuestra organizaci\u00f3n sindical reafirmamos el compromiso con la lucha por los derechos de las y los trabajadores y continuaremos impulsando iniciativas que contribuyan a su bienestar y estabilidad laboral.<\/p>\n<p>Seguiremos informando sobre los avances de este proceso y las instancias de negociaci\u00f3n que se lleven adelante.<\/p>\n<p><a href=\"https:\/\/atecordoba.org\/wp-content\/uploads\/2025\/01\/WhatsApp-Image-2025-01-31-at-9.45.56-AM-1.jpeg\"><img loading=\"lazy\" decoding=\"async\" class=\"alignnone wp-image-47488 size-large\" src=\"https:\/\/atecordoba.org\/wp-content\/uploads\/2025\/01\/WhatsApp-Image-2025-01-31-at-9.45.56-AM-1-576x1024.jpeg\" alt=\"\" width=\"576\" height=\"1024\" srcset=\"https:\/\/atecordoba.org\/wp-content\/uploads\/2025\/01\/WhatsApp-Image-2025-01-31-at-9.45.56-AM-1-576x1024.jpeg 576w, https:\/\/atecordoba.org\/wp-content\/uploads\/2025\/01\/WhatsApp-Image-2025-01-31-at-9.45.56-AM-1-169x300.jpeg 169w, https:\/\/atecordoba.org\/wp-content\/uploads\/2025\/01\/WhatsApp-Image-2025-01-31-at-9.45.56-AM-1-768x1365.jpeg 768w, https:\/\/atecordoba.org\/wp-content\/uploads\/2025\/01\/WhatsApp-Image-2025-01-31-at-9.45.56-AM-1-864x1536.jpeg 864w, https:\/\/atecordoba.org\/wp-content\/uploads\/2025\/01\/WhatsApp-Image-2025-01-31-at-9.45.56-AM-1-750x1333.jpeg 750w, https:\/\/atecordoba.org\/wp-content\/uploads\/2025\/01\/WhatsApp-Image-2025-01-31-at-9.45.56-AM-1.jpeg 900w\" sizes=\"auto, (max-width: 576px) 100vw, 576px\" \/><\/a><\/p>\n<p>&nbsp;<\/p>\n","protected":false},"excerpt":{"rendered":"<p>El pasado 29 de enero, las delegadas de ATE C\u00f3rdoba en la Superintendencia de Riesgos del Trabajo (SRT), junto al Consejo Directivo Provincial encabezado por nuestro Secretario General, Federico Giuliani, formalizaron la presentaci\u00f3n de un proyecto de Convenio Colectivo de Trabajo (CCT) ante la Gerencia General del organismo. El documento, elaborado de manera conjunta entre [&hellip;]<\/p>\n","protected":false},"author":3,"featured_media":47487,"comment_status":"open","ping_status":"open","sticky":false,"template":"","format":"standard","meta":{"_exactmetrics_skip_tracking":false,"_exactmetrics_sitenote_active":false,"_exactmetrics_sitenote_note":"","_exactmetrics_sitenote_category":0,"jnews-multi-image_gallery":[],"jnews_single_post":{"format":"standard","override":[{"template":"1","parallax":"1","fullscreen":"1","layout":"no-sidebar-narrow","sidebar":"default-sidebar","second_sidebar":"default-sidebar","sticky_sidebar":"1","share_position":"bottom","share_float_style":"share-monocrhome","show_share_counter":"1","show_view_counter":"1","show_post_meta":"1","show_post_author_image":"1","show_post_date":"1","post_date_format":"default","post_date_format_custom":"Y\/m\/d","show_post_category":"1","show_post_reading_time":"0","post_reading_time_wpm":"300","post_calculate_word_method":"str_word_count","show_zoom_button":"0","zoom_button_out_step":"2","zoom_button_in_step":"3","show_post_tag":"1","number_popup_post":"1","show_post_related":"1","show_inline_post_related":"0"}],"image_override":[{"single_post_thumbnail_size":"crop-500","single_post_gallery_size":"crop-500"}],"trending_post_position":"meta","trending_post_label":"Trending","sponsored_post_label":"Sponsored by","disable_ad":"0"},"jnews_primary_category":[],"jnews_social_meta":[],"jnews_review":[],"enable_review":"","type":"percentage","name":"","summary":"","brand":"","sku":"","good":[],"bad":[],"score_override":"","override_value":"","rating":[],"price":[],"jnews_override_counter":{"view_counter_number":"0","share_counter_number":"0","like_counter_number":"0","dislike_counter_number":"0"},"jnews_post_split":{"post_split":[{"template":"1","tag":"h2","numbering":"asc","mode":"normal","first":"0","enable_toc":"0","toc_type":"normal"}]},"footnotes":""},"categories":[18],"tags":[],"class_list":["post-47485","post","type-post","status-publish","format-standard","has-post-thumbnail","hentry","category-nacionales"],"jetpack_featured_media_url":"https:\/\/atecordoba.org\/wp-content\/uploads\/2025\/01\/20230412_112853-1024x461-2.jpg","_links":{"self":[{"href":"https:\/\/atecordoba.org\/index.php?rest_route=\/wp\/v2\/posts\/47485","targetHints":{"allow":["GET"]}}],"collection":[{"href":"https:\/\/atecordoba.org\/index.php?rest_route=\/wp\/v2\/posts"}],"about":[{"href":"https:\/\/atecordoba.org\/index.php?rest_route=\/wp\/v2\/types\/post"}],"author":[{"embeddable":true,"href":"https:\/\/atecordoba.org\/index.php?rest_route=\/wp\/v2\/users\/3"}],"replies":[{"embeddable":true,"href":"https:\/\/atecordoba.org\/index.php?rest_route=%2Fwp%2Fv2%2Fcomments&post=47485"}],"version-history":[{"count":1,"href":"https:\/\/atecordoba.org\/index.php?rest_route=\/wp\/v2\/posts\/47485\/revisions"}],"predecessor-version":[{"id":47489,"href":"https:\/\/atecordoba.org\/index.php?rest_route=\/wp\/v2\/posts\/47485\/revisions\/47489"}],"wp:featuredmedia":[{"embeddable":true,"href":"https:\/\/atecordoba.org\/index.php?rest_route=\/wp\/v2\/media\/47487"}],"wp:attachment":[{"href":"https:\/\/atecordoba.org\/index.php?rest_route=%2Fwp%2Fv2%2Fmedia&parent=47485"}],"wp:term":[{"taxonomy":"category","embeddable":true,"href":"https:\/\/atecordoba.org\/index.php?rest_route=%2Fwp%2Fv2%2Fcategories&post=47485"},{"taxonomy":"post_tag","embeddable":true,"href":"https:\/\/atecordoba.org\/index.php?rest_route=%2Fwp%2Fv2%2Ftags&post=47485"}],"curies":[{"name":"wp","href":"https:\/\/api.w.org\/{rel}","templated":true}]}}