{"id":47474,"date":"2025-01-30T13:01:15","date_gmt":"2025-01-30T16:01:15","guid":{"rendered":"https:\/\/atecordoba.org\/?p=47474"},"modified":"2025-01-30T13:01:15","modified_gmt":"2025-01-30T16:01:15","slug":"ate-y-cta-rio-cuarto-presentes-en-la-asamblea-y-radio-abierta-antifascista","status":"publish","type":"post","link":"https:\/\/atecordoba.org\/?p=47474","title":{"rendered":"ATE y CTA R\u00edo Cuarto presentes en la Asamblea y Radio Abierta Antifascista"},"content":{"rendered":"<p data-pm-slice=\"1 1 []\"><a href=\"https:\/\/atecordoba.org\/wp-content\/uploads\/2025\/01\/475368686_18257137270285377_6312074235795861150_n.jpg\"><img loading=\"lazy\" decoding=\"async\" class=\"alignnone wp-image-47475 size-full\" src=\"https:\/\/atecordoba.org\/wp-content\/uploads\/2025\/01\/475368686_18257137270285377_6312074235795861150_n.jpg\" alt=\"\" width=\"1080\" height=\"1080\" srcset=\"https:\/\/atecordoba.org\/wp-content\/uploads\/2025\/01\/475368686_18257137270285377_6312074235795861150_n.jpg 1080w, https:\/\/atecordoba.org\/wp-content\/uploads\/2025\/01\/475368686_18257137270285377_6312074235795861150_n-300x300.jpg 300w, https:\/\/atecordoba.org\/wp-content\/uploads\/2025\/01\/475368686_18257137270285377_6312074235795861150_n-1024x1024.jpg 1024w, https:\/\/atecordoba.org\/wp-content\/uploads\/2025\/01\/475368686_18257137270285377_6312074235795861150_n-150x150.jpg 150w, https:\/\/atecordoba.org\/wp-content\/uploads\/2025\/01\/475368686_18257137270285377_6312074235795861150_n-768x768.jpg 768w, https:\/\/atecordoba.org\/wp-content\/uploads\/2025\/01\/475368686_18257137270285377_6312074235795861150_n-560x560.jpg 560w, https:\/\/atecordoba.org\/wp-content\/uploads\/2025\/01\/475368686_18257137270285377_6312074235795861150_n-75x75.jpg 75w, https:\/\/atecordoba.org\/wp-content\/uploads\/2025\/01\/475368686_18257137270285377_6312074235795861150_n-350x350.jpg 350w, https:\/\/atecordoba.org\/wp-content\/uploads\/2025\/01\/475368686_18257137270285377_6312074235795861150_n-750x750.jpg 750w\" sizes=\"auto, (max-width: 1080px) 100vw, 1080px\" \/><\/a><\/p>\n<p data-pm-slice=\"1 1 []\">Durante la jornada de ayer, en la Plaza Roca de R\u00edo Cuarto, se llev\u00f3 a cabo una Asamblea y Radio Abierta Antifascista con la participaci\u00f3n de diversas organizaciones pol\u00edticas, sociales, culturales, sindicales y estudiantiles. La actividad se realiz\u00f3 en el marco de la convocatoria nacional a la marcha federal antifascista, en repudio al discurso de odio del presidente Javier Milei en Davos, que atac\u00f3 a mujeres y diversidades.<\/p>\n<p data-pm-slice=\"1 1 []\"><a href=\"https:\/\/atecordoba.org\/wp-content\/uploads\/2025\/01\/475351591_18257137282285377_4029681797255458979_n.jpg\"><img loading=\"lazy\" decoding=\"async\" class=\"alignnone size-medium wp-image-47477\" src=\"https:\/\/atecordoba.org\/wp-content\/uploads\/2025\/01\/475351591_18257137282285377_4029681797255458979_n-300x300.jpg\" alt=\"\" width=\"300\" height=\"300\" srcset=\"https:\/\/atecordoba.org\/wp-content\/uploads\/2025\/01\/475351591_18257137282285377_4029681797255458979_n-300x300.jpg 300w, https:\/\/atecordoba.org\/wp-content\/uploads\/2025\/01\/475351591_18257137282285377_4029681797255458979_n-1024x1024.jpg 1024w, https:\/\/atecordoba.org\/wp-content\/uploads\/2025\/01\/475351591_18257137282285377_4029681797255458979_n-150x150.jpg 150w, https:\/\/atecordoba.org\/wp-content\/uploads\/2025\/01\/475351591_18257137282285377_4029681797255458979_n-768x768.jpg 768w, https:\/\/atecordoba.org\/wp-content\/uploads\/2025\/01\/475351591_18257137282285377_4029681797255458979_n-560x560.jpg 560w, https:\/\/atecordoba.org\/wp-content\/uploads\/2025\/01\/475351591_18257137282285377_4029681797255458979_n-75x75.jpg 75w, https:\/\/atecordoba.org\/wp-content\/uploads\/2025\/01\/475351591_18257137282285377_4029681797255458979_n-350x350.jpg 350w, https:\/\/atecordoba.org\/wp-content\/uploads\/2025\/01\/475351591_18257137282285377_4029681797255458979_n-750x750.jpg 750w, https:\/\/atecordoba.org\/wp-content\/uploads\/2025\/01\/475351591_18257137282285377_4029681797255458979_n.jpg 1080w\" sizes=\"auto, (max-width: 300px) 100vw, 300px\" \/><\/a> <a href=\"https:\/\/atecordoba.org\/wp-content\/uploads\/2025\/01\/475741199_18257137291285377_67380283188952648_n.jpg\"><img loading=\"lazy\" decoding=\"async\" class=\"alignnone size-medium wp-image-47476\" src=\"https:\/\/atecordoba.org\/wp-content\/uploads\/2025\/01\/475741199_18257137291285377_67380283188952648_n-300x300.jpg\" alt=\"\" width=\"300\" height=\"300\" srcset=\"https:\/\/atecordoba.org\/wp-content\/uploads\/2025\/01\/475741199_18257137291285377_67380283188952648_n-300x300.jpg 300w, https:\/\/atecordoba.org\/wp-content\/uploads\/2025\/01\/475741199_18257137291285377_67380283188952648_n-1024x1024.jpg 1024w, https:\/\/atecordoba.org\/wp-content\/uploads\/2025\/01\/475741199_18257137291285377_67380283188952648_n-150x150.jpg 150w, https:\/\/atecordoba.org\/wp-content\/uploads\/2025\/01\/475741199_18257137291285377_67380283188952648_n-768x768.jpg 768w, https:\/\/atecordoba.org\/wp-content\/uploads\/2025\/01\/475741199_18257137291285377_67380283188952648_n-560x560.jpg 560w, https:\/\/atecordoba.org\/wp-content\/uploads\/2025\/01\/475741199_18257137291285377_67380283188952648_n-75x75.jpg 75w, https:\/\/atecordoba.org\/wp-content\/uploads\/2025\/01\/475741199_18257137291285377_67380283188952648_n-350x350.jpg 350w, https:\/\/atecordoba.org\/wp-content\/uploads\/2025\/01\/475741199_18257137291285377_67380283188952648_n-750x750.jpg 750w, https:\/\/atecordoba.org\/wp-content\/uploads\/2025\/01\/475741199_18257137291285377_67380283188952648_n.jpg 1080w\" sizes=\"auto, (max-width: 300px) 100vw, 300px\" \/><\/a><\/p>\n<p>Inspirada en la asamblea organizada por colectivos LGBTIQ+ en Parque Lezama (Ciudad de Buenos Aires), la iniciativa se replic\u00f3 en distintos puntos del pa\u00eds, incluyendo R\u00edo Cuarto. Representantes de distintos sectores tomaron la palabra para expresar su preocupaci\u00f3n y reafirmar la necesidad de movilizarse en defensa de los derechos conquistados.<\/p>\n<p>Santy Rodr\u00edguez, militante de Cordobazo Cultural y parte de la organizaci\u00f3n de la asamblea, se\u00f1al\u00f3: \u201cSe est\u00e1 creando un enemigo donde no lo hay. Todos estos a\u00f1os hemos podido generar debates que nos permitieron conquistar derechos fundamentales, como la Ley de Identidad de G\u00e9nero, la Ley de Matrimonio Igualitario o la Ley de Interrupci\u00f3n Voluntaria del Embarazo. Hoy podemos volver a salir a las calles a decirle a la comunidad que este gobierno viene a plantear pol\u00edticas de hambre y saqueo. Las futuras acciones las vamos a definir en asamblea, con todos los sectores adentro: con las universidades, con trabajadores y trabajadoras, con la comunidad LGBTIQ+. Salgamos a la calle recuperando las herramientas y discursos que nos permitieron ganar derechos\u201d.<\/p>\n<p>Por su parte, Nancy B\u00e1ez, representante de UEPC, agradeci\u00f3 la presencia de la juventud y advirti\u00f3 sobre el peligro de un nuevo fascismo: \u201cEstamos a un paso de inaugurar un momento de fascismo mucho m\u00e1s perverso. No solo est\u00e1n atacando a la comunidad LGBTIQ+, sino tambi\u00e9n a los sindicatos y trabajadores, tratando de silenciarnos. Siento que estamos bastante callados, entonces es hora de elevar la voz\u201d.<\/p>\n<p><strong>Rafaela Alcoba, secretaria general de ATE R\u00edo Cuarto<\/strong> enfatiz\u00f3 la importancia de la movilizaci\u00f3n: <strong>\u201cEsto no es un ataque contra las minor\u00edas, es un ataque a la democracia, a la libertad, esa libertad que el presidente us\u00f3 como bandera en su campa\u00f1a y que hoy pretende aplastar\u201d.<\/strong><\/p>\n<p>Desde la Uni\u00f3n de Estudiantes Secundarios, se pronunciaron con un comunicado contundente: \u201cLas y los j\u00f3venes estamos en la edad en que comenzamos a formar nuestra identidad, y con estos ataques es m\u00e1s complejo vivir libremente y descubrir qui\u00e9nes somos y qui\u00e9nes queremos ser. Nos unimos a la lucha colectiva y decimos: nunca m\u00e1s fascismo en Argentina\u201d.<\/p>\n<p>Gladys Yedro, de la Asamblea Permanente por los Derechos Humanos, concluy\u00f3: \u201cAtacar a algunos grupos y tomarlos como enemigos es una t\u00e9cnica absolutamente fascista. Quieren distraer al pueblo de todas las otras cosas terribles que est\u00e1 haciendo el gobierno. Debemos seguir resistiendo, ya lo hemos hecho, las Madres lo hicieron, las Abuelas lo hicieron y nosotras tambi\u00e9n podemos\u201d.<\/p>\n<p>La asamblea en R\u00edo Cuarto culmin\u00f3 con la decisi\u00f3n de sumarse a la marcha federal antifascista el pr\u00f3ximo s\u00e1bado, al igual que en el resto del pa\u00eds, para continuar defendiendo los derechos conquistados y repudiar cualquier intento de retroceso en materia de igualdad y justicia social.<\/p>\n","protected":false},"excerpt":{"rendered":"<p>Durante la jornada de ayer, en la Plaza Roca de R\u00edo Cuarto, se llev\u00f3 a cabo una Asamblea y Radio Abierta Antifascista con la participaci\u00f3n de diversas organizaciones pol\u00edticas, sociales, culturales, sindicales y estudiantiles. La actividad se realiz\u00f3 en el marco de la convocatoria nacional a la marcha federal antifascista, en repudio al discurso de [&hellip;]<\/p>\n","protected":false},"author":3,"featured_media":47475,"comment_status":"open","ping_status":"open","sticky":false,"template":"","format":"standard","meta":{"_exactmetrics_skip_tracking":false,"_exactmetrics_sitenote_active":false,"_exactmetrics_sitenote_note":"","_exactmetrics_sitenote_category":0,"jnews-multi-image_gallery":[],"jnews_single_post":{"format":"standard","override":[{"template":"1","parallax":"1","fullscreen":"1","layout":"no-sidebar-narrow","sidebar":"default-sidebar","second_sidebar":"default-sidebar","sticky_sidebar":"1","share_position":"bottom","share_float_style":"share-monocrhome","show_share_counter":"1","show_view_counter":"1","show_post_meta":"1","show_post_author_image":"1","show_post_date":"1","post_date_format":"default","post_date_format_custom":"Y\/m\/d","show_post_category":"1","show_post_reading_time":"0","post_reading_time_wpm":"300","post_calculate_word_method":"str_word_count","show_zoom_button":"0","zoom_button_out_step":"2","zoom_button_in_step":"3","show_post_tag":"1","number_popup_post":"1","show_post_related":"1","show_inline_post_related":"0"}],"image_override":[{"single_post_thumbnail_size":"crop-500","single_post_gallery_size":"crop-500"}],"trending_post_position":"meta","trending_post_label":"Trending","sponsored_post_label":"Sponsored by","disable_ad":"0"},"jnews_primary_category":[],"jnews_social_meta":[],"jnews_review":[],"enable_review":"","type":"percentage","name":"","summary":"","brand":"","sku":"","good":[],"bad":[],"score_override":"","override_value":"","rating":[],"price":[],"jnews_override_counter":{"view_counter_number":"0","share_counter_number":"0","like_counter_number":"0","dislike_counter_number":"0"},"jnews_post_split":{"post_split":[{"template":"1","tag":"h2","numbering":"asc","mode":"normal","first":"0","enable_toc":"0","toc_type":"normal"}]},"footnotes":""},"categories":[325],"tags":[],"class_list":["post-47474","post","type-post","status-publish","format-standard","has-post-thumbnail","hentry","category-generos-y-diversidades"],"jetpack_featured_media_url":"https:\/\/atecordoba.org\/wp-content\/uploads\/2025\/01\/475368686_18257137270285377_6312074235795861150_n.jpg","_links":{"self":[{"href":"https:\/\/atecordoba.org\/index.php?rest_route=\/wp\/v2\/posts\/47474","targetHints":{"allow":["GET"]}}],"collection":[{"href":"https:\/\/atecordoba.org\/index.php?rest_route=\/wp\/v2\/posts"}],"about":[{"href":"https:\/\/atecordoba.org\/index.php?rest_route=\/wp\/v2\/types\/post"}],"author":[{"embeddable":true,"href":"https:\/\/atecordoba.org\/index.php?rest_route=\/wp\/v2\/users\/3"}],"replies":[{"embeddable":true,"href":"https:\/\/atecordoba.org\/index.php?rest_route=%2Fwp%2Fv2%2Fcomments&post=47474"}],"version-history":[{"count":1,"href":"https:\/\/atecordoba.org\/index.php?rest_route=\/wp\/v2\/posts\/47474\/revisions"}],"predecessor-version":[{"id":47478,"href":"https:\/\/atecordoba.org\/index.php?rest_route=\/wp\/v2\/posts\/47474\/revisions\/47478"}],"wp:featuredmedia":[{"embeddable":true,"href":"https:\/\/atecordoba.org\/index.php?rest_route=\/wp\/v2\/media\/47475"}],"wp:attachment":[{"href":"https:\/\/atecordoba.org\/index.php?rest_route=%2Fwp%2Fv2%2Fmedia&parent=47474"}],"wp:term":[{"taxonomy":"category","embeddable":true,"href":"https:\/\/atecordoba.org\/index.php?rest_route=%2Fwp%2Fv2%2Fcategories&post=47474"},{"taxonomy":"post_tag","embeddable":true,"href":"https:\/\/atecordoba.org\/index.php?rest_route=%2Fwp%2Fv2%2Ftags&post=47474"}],"curies":[{"name":"wp","href":"https:\/\/api.w.org\/{rel}","templated":true}]}}