{"id":47470,"date":"2025-01-30T12:42:48","date_gmt":"2025-01-30T15:42:48","guid":{"rendered":"https:\/\/atecordoba.org\/?p=47470"},"modified":"2025-01-30T12:42:48","modified_gmt":"2025-01-30T15:42:48","slug":"ate-alerta-por-la-destruccion-de-archivos-historicos-de-la-armada-y-eleva-un-pedido-de-informes-a-defensa","status":"publish","type":"post","link":"https:\/\/atecordoba.org\/?p=47470","title":{"rendered":"ATE alerta por la destrucci\u00f3n de archivos hist\u00f3ricos de la Armada y eleva un pedido de informes a Defensa"},"content":{"rendered":"<p data-pm-slice=\"1 1 []\"><a href=\"https:\/\/atecordoba.org\/wp-content\/uploads\/2025\/01\/WhatsApp-Image-2025-01-30-at-10.56.35-AM.webp\"><img loading=\"lazy\" decoding=\"async\" class=\"alignnone wp-image-47471 size-full\" src=\"https:\/\/atecordoba.org\/wp-content\/uploads\/2025\/01\/WhatsApp-Image-2025-01-30-at-10.56.35-AM.webp\" alt=\"\" width=\"1536\" height=\"813\" srcset=\"https:\/\/atecordoba.org\/wp-content\/uploads\/2025\/01\/WhatsApp-Image-2025-01-30-at-10.56.35-AM.webp 1536w, https:\/\/atecordoba.org\/wp-content\/uploads\/2025\/01\/WhatsApp-Image-2025-01-30-at-10.56.35-AM-300x159.webp 300w, https:\/\/atecordoba.org\/wp-content\/uploads\/2025\/01\/WhatsApp-Image-2025-01-30-at-10.56.35-AM-1024x542.webp 1024w, https:\/\/atecordoba.org\/wp-content\/uploads\/2025\/01\/WhatsApp-Image-2025-01-30-at-10.56.35-AM-768x407.webp 768w, https:\/\/atecordoba.org\/wp-content\/uploads\/2025\/01\/WhatsApp-Image-2025-01-30-at-10.56.35-AM-750x397.webp 750w, https:\/\/atecordoba.org\/wp-content\/uploads\/2025\/01\/WhatsApp-Image-2025-01-30-at-10.56.35-AM-1140x603.webp 1140w\" sizes=\"auto, (max-width: 1536px) 100vw, 1536px\" \/><\/a><\/p>\n<p data-pm-slice=\"1 1 []\">La Asociaci\u00f3n Trabajadores del Estado (ATE) advirti\u00f3 sobre la grave situaci\u00f3n que se est\u00e1 desarrollando con los archivos hist\u00f3ricos de la Armada Argentina. Luego de que el Ministerio de Defensa dispusiera el traslado de estos documentos a una nueva sede con el objetivo de \u2018depurar\u2019 la informaci\u00f3n, lo que incluye la posibilidad de su trituraci\u00f3n, el sindicato elev\u00f3 un pedido de informes exigiendo explicaciones y garant\u00edas de conservaci\u00f3n.<\/p>\n<p>El Secretario General de ATE Nacional, Rodolfo Aguiar, expres\u00f3 con contundencia: \u201c40 a\u00f1os despu\u00e9s se proponen seguir destruyendo pruebas. Los genocidas festejan, lograron un Gobierno que pretende garantizarles impunidad y legitimar sus cr\u00edmenes atroces. Se est\u00e1n vulnerando todas las leyes vigentes en nuestro pa\u00eds. No puede ser la propia Armada la que ahora lleve adelante este proceso de depuraci\u00f3n y trituraci\u00f3n de documentaci\u00f3n que resulta valiosa para el fortalecimiento de una democracia que se construy\u00f3 sobre el juicio y castigo de los responsables de los cr\u00edmenes ocurridos durante la \u00faltima dictadura militar\u201d.<\/p>\n<p>La nota enviada por ATE, bajo el expediente X-2025-10252565-APN-DNPAIP#AAIP, fue dirigida al ministro de Defensa, Luis Petri; al Jefe del Estado Mayor General de la Armada, Carlos Mar\u00eda Allievi; y al Secretario General de la Armada, Enrique Antonio Balbi. En el documento, el sindicato exige que el Gobierno informe si se le dio intervenci\u00f3n al Archivo General de la Naci\u00f3n, que como \u00f3rgano rector de todos los archivos del pa\u00eds, debe supervisar cualquier proceso de selecci\u00f3n y conservaci\u00f3n documental.<\/p>\n<p>Desde ATE tambi\u00e9n se denuncia que esta medida es parte de una ofensiva m\u00e1s amplia contra las pol\u00edticas de derechos humanos. \u201cSin lugar a dudas, esta decisi\u00f3n es un nuevo ataque a las pol\u00edticas de derechos humanos. No es solo por su car\u00e1cter de negacionistas, detr\u00e1s de esto hay una estrategia clara de legitimar las pr\u00e1cticas de persecuci\u00f3n, el encarcelamiento y la tortura de quienes piensan distinto para disciplinar en el presente. Tenemos que impedirlo\u201d, agreg\u00f3 Aguiar.<\/p>\n<p>Por su parte, Valeria Taramasco, Secretaria de Derechos Humanos de ATE Nacional, alert\u00f3 sobre la gravedad del asunto: \u201cEsta decisi\u00f3n forma parte de una pol\u00edtica de ataque a los Derechos Humanos en general y a las pol\u00edticas de Memoria, Verdad y Justicia en particular. Desde el cierre del INADI, el desmantelamiento de la Secretar\u00eda de Derechos Humanos, el intento de cierre de los sitios de la memoria y el despido de sus trabajadoras y trabajadores. Entonces, esto que est\u00e1n haciendo ahora es grav\u00edsimo, porque adem\u00e1s de desmantelar el equipo de profesionales que analizaba esos archivos y los preservaba, ahora directamente apuntan a su destrucci\u00f3n\u201d.<\/p>\n<p>Taramasco tambi\u00e9n plante\u00f3 una preocupaci\u00f3n fundamental: \u201cNos preguntamos, \u00bfa cargo de qui\u00e9nes queda la selecci\u00f3n de los archivos a depurar y triturar? No sea cuesti\u00f3n que quede a cargo de los mismos que quieren ocultar la verdad sobre los cr\u00edmenes cometidos durante el terrorismo de Estado y garantizar la impunidad a sus perpetradores\u201d.<\/p>\n<p>Cabe recordar que la pol\u00edtica de ajuste y desmantelamiento del Estado impulsada por el Gobierno de Javier Milei provoc\u00f3 el despido de la totalidad del Equipo de Relevamiento y An\u00e1lisis de los Archivos de las Fuerzas Armadas. Este equipo, conformado por archivistas, historiadores, soci\u00f3logos y comunicadores, ten\u00eda la funci\u00f3n de analizar y preservar documentos hist\u00f3ricos, adem\u00e1s de aportar informaci\u00f3n a la Justicia en causas por delitos de lesa humanidad.<\/p>\n<p>ATE continuar\u00e1 exigiendo que se respete la preservaci\u00f3n de la memoria hist\u00f3rica y que se detenga cualquier intento de destrucci\u00f3n de archivos que resultan fundamentales para el derecho a la verdad y la justicia en Argentina.<\/p>\n","protected":false},"excerpt":{"rendered":"<p>La Asociaci\u00f3n Trabajadores del Estado (ATE) advirti\u00f3 sobre la grave situaci\u00f3n que se est\u00e1 desarrollando con los archivos hist\u00f3ricos de la Armada Argentina. Luego de que el Ministerio de Defensa dispusiera el traslado de estos documentos a una nueva sede con el objetivo de \u2018depurar\u2019 la informaci\u00f3n, lo que incluye la posibilidad de su trituraci\u00f3n, [&hellip;]<\/p>\n","protected":false},"author":3,"featured_media":47471,"comment_status":"open","ping_status":"open","sticky":false,"template":"","format":"standard","meta":{"_exactmetrics_skip_tracking":false,"_exactmetrics_sitenote_active":false,"_exactmetrics_sitenote_note":"","_exactmetrics_sitenote_category":0,"jnews-multi-image_gallery":[],"jnews_single_post":{"format":"standard","override":[{"template":"1","parallax":"1","fullscreen":"1","layout":"no-sidebar-narrow","sidebar":"default-sidebar","second_sidebar":"default-sidebar","sticky_sidebar":"1","share_position":"bottom","share_float_style":"share-monocrhome","show_share_counter":"1","show_view_counter":"1","show_post_meta":"1","show_post_author_image":"1","show_post_date":"1","post_date_format":"default","post_date_format_custom":"Y\/m\/d","show_post_category":"1","show_post_reading_time":"0","post_reading_time_wpm":"300","post_calculate_word_method":"str_word_count","show_zoom_button":"0","zoom_button_out_step":"2","zoom_button_in_step":"3","show_post_tag":"1","number_popup_post":"1","show_post_related":"1","show_inline_post_related":"0"}],"image_override":[{"single_post_thumbnail_size":"crop-500","single_post_gallery_size":"crop-500"}],"trending_post_position":"meta","trending_post_label":"Trending","sponsored_post_label":"Sponsored by","disable_ad":"0"},"jnews_primary_category":[],"jnews_social_meta":[],"jnews_review":[],"enable_review":"","type":"percentage","name":"","summary":"","brand":"","sku":"","good":[],"bad":[],"score_override":"","override_value":"","rating":[],"price":[],"jnews_override_counter":{"view_counter_number":"0","share_counter_number":"0","like_counter_number":"0","dislike_counter_number":"0"},"jnews_post_split":{"post_split":[{"template":"1","tag":"h2","numbering":"asc","mode":"normal","first":"0","enable_toc":"0","toc_type":"normal"}]},"footnotes":""},"categories":[18],"tags":[],"class_list":["post-47470","post","type-post","status-publish","format-standard","has-post-thumbnail","hentry","category-nacionales"],"jetpack_featured_media_url":"https:\/\/atecordoba.org\/wp-content\/uploads\/2025\/01\/WhatsApp-Image-2025-01-30-at-10.56.35-AM.webp","_links":{"self":[{"href":"https:\/\/atecordoba.org\/index.php?rest_route=\/wp\/v2\/posts\/47470","targetHints":{"allow":["GET"]}}],"collection":[{"href":"https:\/\/atecordoba.org\/index.php?rest_route=\/wp\/v2\/posts"}],"about":[{"href":"https:\/\/atecordoba.org\/index.php?rest_route=\/wp\/v2\/types\/post"}],"author":[{"embeddable":true,"href":"https:\/\/atecordoba.org\/index.php?rest_route=\/wp\/v2\/users\/3"}],"replies":[{"embeddable":true,"href":"https:\/\/atecordoba.org\/index.php?rest_route=%2Fwp%2Fv2%2Fcomments&post=47470"}],"version-history":[{"count":1,"href":"https:\/\/atecordoba.org\/index.php?rest_route=\/wp\/v2\/posts\/47470\/revisions"}],"predecessor-version":[{"id":47472,"href":"https:\/\/atecordoba.org\/index.php?rest_route=\/wp\/v2\/posts\/47470\/revisions\/47472"}],"wp:featuredmedia":[{"embeddable":true,"href":"https:\/\/atecordoba.org\/index.php?rest_route=\/wp\/v2\/media\/47471"}],"wp:attachment":[{"href":"https:\/\/atecordoba.org\/index.php?rest_route=%2Fwp%2Fv2%2Fmedia&parent=47470"}],"wp:term":[{"taxonomy":"category","embeddable":true,"href":"https:\/\/atecordoba.org\/index.php?rest_route=%2Fwp%2Fv2%2Fcategories&post=47470"},{"taxonomy":"post_tag","embeddable":true,"href":"https:\/\/atecordoba.org\/index.php?rest_route=%2Fwp%2Fv2%2Ftags&post=47470"}],"curies":[{"name":"wp","href":"https:\/\/api.w.org\/{rel}","templated":true}]}}