{"id":47459,"date":"2025-01-30T09:55:46","date_gmt":"2025-01-30T12:55:46","guid":{"rendered":"https:\/\/atecordoba.org\/?p=47459"},"modified":"2025-01-30T10:05:54","modified_gmt":"2025-01-30T13:05:54","slug":"organizacion-en-marcha-para-el-1f-en-traslasierra","status":"publish","type":"post","link":"https:\/\/atecordoba.org\/?p=47459","title":{"rendered":"Organizaci\u00f3n en marcha para el 1F en Traslasierra"},"content":{"rendered":"<p data-pm-slice=\"1 1 []\"><a href=\"https:\/\/atecordoba.org\/wp-content\/uploads\/2025\/01\/475540266_18462999448070444_338645801384886930_n.jpg\"><img loading=\"lazy\" decoding=\"async\" class=\"alignnone wp-image-47462 size-medium\" src=\"https:\/\/atecordoba.org\/wp-content\/uploads\/2025\/01\/475540266_18462999448070444_338645801384886930_n-240x300.jpg\" alt=\"\" width=\"240\" height=\"300\" srcset=\"https:\/\/atecordoba.org\/wp-content\/uploads\/2025\/01\/475540266_18462999448070444_338645801384886930_n-240x300.jpg 240w, https:\/\/atecordoba.org\/wp-content\/uploads\/2025\/01\/475540266_18462999448070444_338645801384886930_n-819x1024.jpg 819w, https:\/\/atecordoba.org\/wp-content\/uploads\/2025\/01\/475540266_18462999448070444_338645801384886930_n-768x960.jpg 768w, https:\/\/atecordoba.org\/wp-content\/uploads\/2025\/01\/475540266_18462999448070444_338645801384886930_n-750x938.jpg 750w, https:\/\/atecordoba.org\/wp-content\/uploads\/2025\/01\/475540266_18462999448070444_338645801384886930_n.jpg 1080w\" sizes=\"auto, (max-width: 240px) 100vw, 240px\" \/><\/a><\/p>\n<p data-pm-slice=\"1 1 []\">M\u00e1s de 80 personas de diversas organizaciones se reunieron en la Plaza de Villa de Las Rosas para coordinar la marcha del <strong>1 de febrero (1F)<\/strong>, un evento que busca visibilizar las luchas y reivindicaciones de los sectores populares en la regi\u00f3n.<\/p>\n<p>Esta movilizaci\u00f3n se da en el marco de la <strong>Marcha Federal LGBTIQ+<\/strong>, bajo el lema <strong>\u201c\u00a1Al cl\u00f3set no volvemos!\u201d<\/strong>, como un llamado a la acci\u00f3n colectiva para rechazar los discursos de odio expresados por el presidente <strong>Javier Milei en Davos<\/strong> y defender las conquistas hist\u00f3ricas que garantizan la igualdad de derechos.<\/p>\n<p>Entre las organizaciones presentes estuvieron: <strong>Radio Tinku, Asamblea Abierta Traslasierra, Casa Diversa, Asamblea Transfeminista, Pan y Rosas, Feminismo del Sur, Red ESI Traslasierra, Multisectorial Mina Clavero, ATE Traslasierra, Cumbia Kuir, Vivas Nos Queremos Prevenci\u00f3n, Bordando Luchas de Ayer y de Hoy, Mesa de DDHH Las Rosas, Mesa Frente de Todxs Traslasierra, Mart\u00edn Fierro. Pueblo Unido, Partido de la Victoria C\u00f3rdoba y la Mesa de Trabajo por los DDHH de Traslasierra.<\/strong><\/p>\n<p><a href=\"https:\/\/atecordoba.org\/wp-content\/uploads\/2025\/01\/images-33.jpg\"><img loading=\"lazy\" decoding=\"async\" class=\"alignnone size-full wp-image-47461\" src=\"https:\/\/atecordoba.org\/wp-content\/uploads\/2025\/01\/images-33.jpg\" alt=\"\" width=\"259\" height=\"194\" \/><\/a><\/p>\n<h3><strong>Acuerdos y organizaci\u00f3n<\/strong><\/h3>\n<p>\ud83d\udccd <strong>Lugar de convocatoria y marcha:<\/strong> La concentraci\u00f3n ser\u00e1 en la <strong>Plaza de Villa de Las Rosas<\/strong> con la siguiente agenda:<\/p>\n<ul data-spread=\"false\">\n<li><strong>16:00 hs:<\/strong> Inicio de la radio abierta a cargo de la Asamblea Abierta Traslasierra.<\/li>\n<li><strong>17:00 hs:<\/strong> Inicio de la marcha con el siguiente recorrido: Plaza de Las Rosas \u2192 Rotonda del Sur de la calle Belgrano \u2192 regreso a la Plaza. Durante el trayecto, se realizar\u00e1n <strong>performances en cada esquina<\/strong>.<\/li>\n<\/ul>\n<p>\ud83c\udfa8 <strong>Difusi\u00f3n y visibilizaci\u00f3n<\/strong><\/p>\n<ul data-spread=\"false\">\n<li>La <strong>Asamblea Transfeminista<\/strong> elaborar\u00e1 el <strong>flyer de convocatoria<\/strong>, incorporando las consignas nacionales.<\/li>\n<li>Se imprimir\u00e1n <strong>folletos informativos<\/strong> para repartir en los puestos de la feria de Las Rosas y a los automovilistas durante la marcha.<\/li>\n<li>La <strong>Casa Diversa<\/strong> llevar\u00e1 la <strong>bandera barredora<\/strong>, y todas las organizaciones del Valle estar\u00e1n representadas con sus banderas y pancartas. Se convoca a quienes participen a traer sus propias consignas y carteles desde las 16:00 hs.<\/li>\n<\/ul>\n<p>\ud83d\udcdd <strong>Gestiones institucionales<\/strong><\/p>\n<ul data-spread=\"false\">\n<li>La <strong>Mesa de Trabajo por los DDHH de Traslasierra<\/strong> presentar\u00e1 la <strong>nota formal de convocatoria<\/strong> ante la Municipalidad y la Polic\u00eda de Villa de Las Rosas.<\/li>\n<li>En la <strong>fotocopiadora Las Nenas<\/strong> (cerca de la YPF), estar\u00e1 disponible para imprimir y portar en el pecho la <strong>bandera LGTB<\/strong>, que cada persona podr\u00e1 retirar y abonar por su cuenta.<\/li>\n<\/ul>\n<p>\ud83c\udfb6 <strong>Expresi\u00f3n art\u00edstica y cultural<\/strong><\/p>\n<ul data-spread=\"false\">\n<li>Se elaborar\u00e1 un <strong>cancionero<\/strong> con letras acordes al reclamo nacional, para que todxs puedan acompa\u00f1ar con su voz.<\/li>\n<li>Se conform\u00f3 una <strong>Comisi\u00f3n de Creatividad<\/strong>, que organizar\u00e1 <strong>actividades culturales<\/strong> al regreso de la marcha en la p\u00e9rgola de la Plaza de Las Rosas.<\/li>\n<\/ul>\n<p><strong>El 1F salimos a las calles para hacernos escuchar. \u00a1Sumate a la lucha en Traslasierra!<\/strong> \u270a\ud83c\udffd\ud83d\udd25<\/p>\n","protected":false},"excerpt":{"rendered":"<p>M\u00e1s de 80 personas de diversas organizaciones se reunieron en la Plaza de Villa de Las Rosas para coordinar la marcha del 1 de febrero (1F), un evento que busca visibilizar las luchas y reivindicaciones de los sectores populares en la regi\u00f3n. Esta movilizaci\u00f3n se da en el marco de la Marcha Federal LGBTIQ+, bajo [&hellip;]<\/p>\n","protected":false},"author":3,"featured_media":47462,"comment_status":"open","ping_status":"open","sticky":false,"template":"","format":"standard","meta":{"_exactmetrics_skip_tracking":false,"_exactmetrics_sitenote_active":false,"_exactmetrics_sitenote_note":"","_exactmetrics_sitenote_category":0,"jnews-multi-image_gallery":[],"jnews_single_post":{"format":"standard","override":[{"template":"1","parallax":"1","fullscreen":"1","layout":"no-sidebar-narrow","sidebar":"default-sidebar","second_sidebar":"default-sidebar","sticky_sidebar":"1","share_position":"bottom","share_float_style":"share-monocrhome","show_share_counter":"1","show_view_counter":"1","show_post_meta":"1","show_post_author_image":"1","show_post_date":"1","post_date_format":"default","post_date_format_custom":"Y\/m\/d","show_post_category":"1","show_post_reading_time":"0","post_reading_time_wpm":"300","post_calculate_word_method":"str_word_count","show_zoom_button":"0","zoom_button_out_step":"2","zoom_button_in_step":"3","show_post_tag":"1","number_popup_post":"1","show_post_related":"1","show_inline_post_related":"0"}],"image_override":[{"single_post_thumbnail_size":"crop-500","single_post_gallery_size":"crop-500"}],"trending_post_position":"meta","trending_post_label":"Trending","sponsored_post_label":"Sponsored by","disable_ad":"0"},"jnews_primary_category":[],"jnews_social_meta":[],"jnews_review":[],"enable_review":"","type":"percentage","name":"","summary":"","brand":"","sku":"","good":[],"bad":[],"score_override":"","override_value":"","rating":[],"price":[],"jnews_override_counter":{"view_counter_number":"0","share_counter_number":"0","like_counter_number":"0","dislike_counter_number":"0"},"jnews_post_split":{"post_split":[{"template":"1","tag":"h2","numbering":"asc","mode":"normal","first":"0","enable_toc":"0","toc_type":"normal"}]},"footnotes":""},"categories":[325],"tags":[],"class_list":["post-47459","post","type-post","status-publish","format-standard","has-post-thumbnail","hentry","category-generos-y-diversidades"],"jetpack_featured_media_url":"https:\/\/atecordoba.org\/wp-content\/uploads\/2025\/01\/475540266_18462999448070444_338645801384886930_n.jpg","_links":{"self":[{"href":"https:\/\/atecordoba.org\/index.php?rest_route=\/wp\/v2\/posts\/47459","targetHints":{"allow":["GET"]}}],"collection":[{"href":"https:\/\/atecordoba.org\/index.php?rest_route=\/wp\/v2\/posts"}],"about":[{"href":"https:\/\/atecordoba.org\/index.php?rest_route=\/wp\/v2\/types\/post"}],"author":[{"embeddable":true,"href":"https:\/\/atecordoba.org\/index.php?rest_route=\/wp\/v2\/users\/3"}],"replies":[{"embeddable":true,"href":"https:\/\/atecordoba.org\/index.php?rest_route=%2Fwp%2Fv2%2Fcomments&post=47459"}],"version-history":[{"count":4,"href":"https:\/\/atecordoba.org\/index.php?rest_route=\/wp\/v2\/posts\/47459\/revisions"}],"predecessor-version":[{"id":47469,"href":"https:\/\/atecordoba.org\/index.php?rest_route=\/wp\/v2\/posts\/47459\/revisions\/47469"}],"wp:featuredmedia":[{"embeddable":true,"href":"https:\/\/atecordoba.org\/index.php?rest_route=\/wp\/v2\/media\/47462"}],"wp:attachment":[{"href":"https:\/\/atecordoba.org\/index.php?rest_route=%2Fwp%2Fv2%2Fmedia&parent=47459"}],"wp:term":[{"taxonomy":"category","embeddable":true,"href":"https:\/\/atecordoba.org\/index.php?rest_route=%2Fwp%2Fv2%2Fcategories&post=47459"},{"taxonomy":"post_tag","embeddable":true,"href":"https:\/\/atecordoba.org\/index.php?rest_route=%2Fwp%2Fv2%2Ftags&post=47459"}],"curies":[{"name":"wp","href":"https:\/\/api.w.org\/{rel}","templated":true}]}}