{"id":47443,"date":"2025-01-27T15:10:36","date_gmt":"2025-01-27T18:10:36","guid":{"rendered":"https:\/\/atecordoba.org\/?p=47443"},"modified":"2025-01-27T15:37:33","modified_gmt":"2025-01-27T18:37:33","slug":"columna-de-opinion-defender-derechos-no-es-un-privilegio-es-un-deber-constitucional","status":"publish","type":"post","link":"https:\/\/atecordoba.org\/?p=47443","title":{"rendered":"Columna de opini\u00f3n: &#8220;Garantizar derechos no es un privilegio, es un deber constitucional&#8221;"},"content":{"rendered":"<p><a href=\"https:\/\/atecordoba.org\/wp-content\/uploads\/2025\/01\/WhatsApp-Image-2025-01-27-at-3.04.08-PM.jpeg\"><img loading=\"lazy\" decoding=\"async\" class=\"size-medium wp-image-47450 alignleft\" src=\"https:\/\/atecordoba.org\/wp-content\/uploads\/2025\/01\/WhatsApp-Image-2025-01-27-at-3.04.08-PM-225x300.jpeg\" alt=\"\" width=\"225\" height=\"300\" srcset=\"https:\/\/atecordoba.org\/wp-content\/uploads\/2025\/01\/WhatsApp-Image-2025-01-27-at-3.04.08-PM-225x300.jpeg 225w, https:\/\/atecordoba.org\/wp-content\/uploads\/2025\/01\/WhatsApp-Image-2025-01-27-at-3.04.08-PM-768x1024.jpeg 768w, https:\/\/atecordoba.org\/wp-content\/uploads\/2025\/01\/WhatsApp-Image-2025-01-27-at-3.04.08-PM-1152x1536.jpeg 1152w, https:\/\/atecordoba.org\/wp-content\/uploads\/2025\/01\/WhatsApp-Image-2025-01-27-at-3.04.08-PM-750x1000.jpeg 750w, https:\/\/atecordoba.org\/wp-content\/uploads\/2025\/01\/WhatsApp-Image-2025-01-27-at-3.04.08-PM-1140x1520.jpeg 1140w, https:\/\/atecordoba.org\/wp-content\/uploads\/2025\/01\/WhatsApp-Image-2025-01-27-at-3.04.08-PM.jpeg 1200w\" sizes=\"auto, (max-width: 225px) 100vw, 225px\" \/><\/a><em>Por Paloma Mu\u00f1oz Gamboa, abogada integrante del equipo jur\u00eddico de ATE C\u00f3rdoba.<\/em><\/p>\n<p>En enero de 2025, la Argentina se encuentra en un momento cr\u00edtico. <strong>Las declaraciones del presidente Javier Milei en el Foro Econ\u00f3mico Mundial de Davos han encendido una alarma para quienes defendemos los derechos conquistados por las mujeres y las personas LGBTIQ+. <\/strong><\/p>\n<p>En su discurso,<strong> Milei calific\u00f3 como &#8220;woke&#8221; a los derechos fundamentales de las mujeres y las personas LGBTIQ+, describi\u00e9ndolos como un &#8220;c\u00e1ncer que fragmenta a la sociedad&#8221;.<\/strong><\/p>\n<p>Este tipo de ret\u00f3rica no solo deslegitima luchas hist\u00f3ricas, sino que tambi\u00e9n constituye un ataque directo a los derechos humanos y al marco normativo que nos posiciona como referentes en la regi\u00f3n.<\/p>\n<p><strong>Sin embargo, no estamos frente a un simple discurso pol\u00e9mico:<\/strong> estas palabras vienen acompa\u00f1adas de propuestas concretas que pretenden desmantelar avances fundamentales en materia de igualdad y justicia social. <strong>El presidente ha impulsado la derogaci\u00f3n de normativas clave como la Ley de Identidad de G\u00e9nero, el cupo laboral trans, el DNI no binario y la figura del feminicidio.<\/strong> Estos intentos no solo representan un retroceso en t\u00e9rminos de derechos humanos, sino que tambi\u00e9n contradicen principios fundamentales consagrados en nuestra Constituci\u00f3n Nacional y en los tratados internacionales que hemos ratificado.<\/p>\n<p><a href=\"https:\/\/atecordoba.org\/wp-content\/uploads\/2025\/01\/WEF-2.jpg\"><img loading=\"lazy\" decoding=\"async\" class=\"alignnone wp-image-47444 size-large\" src=\"https:\/\/atecordoba.org\/wp-content\/uploads\/2025\/01\/WEF-2-1024x576.jpg\" alt=\"\" width=\"1024\" height=\"576\" srcset=\"https:\/\/atecordoba.org\/wp-content\/uploads\/2025\/01\/WEF-2-1024x576.jpg 1024w, https:\/\/atecordoba.org\/wp-content\/uploads\/2025\/01\/WEF-2-300x169.jpg 300w, https:\/\/atecordoba.org\/wp-content\/uploads\/2025\/01\/WEF-2-768x432.jpg 768w, https:\/\/atecordoba.org\/wp-content\/uploads\/2025\/01\/WEF-2-750x422.jpg 750w, https:\/\/atecordoba.org\/wp-content\/uploads\/2025\/01\/WEF-2-1140x641.jpg 1140w, https:\/\/atecordoba.org\/wp-content\/uploads\/2025\/01\/WEF-2.jpg 1280w\" sizes=\"auto, (max-width: 1024px) 100vw, 1024px\" \/><\/a><\/p>\n<p>&nbsp;<\/p>\n<h3><strong>Un marco normativo ejemplar bajo amenaza<\/strong><\/h3>\n<p><a href=\"https:\/\/atecordoba.org\/wp-content\/uploads\/2025\/01\/28b420c71d5f39a6ed6f27f307d38ea2_XL.jpg\"><img loading=\"lazy\" decoding=\"async\" class=\"size-medium wp-image-47445 alignleft\" src=\"https:\/\/atecordoba.org\/wp-content\/uploads\/2025\/01\/28b420c71d5f39a6ed6f27f307d38ea2_XL-300x225.jpg\" alt=\"\" width=\"300\" height=\"225\" srcset=\"https:\/\/atecordoba.org\/wp-content\/uploads\/2025\/01\/28b420c71d5f39a6ed6f27f307d38ea2_XL-300x225.jpg 300w, https:\/\/atecordoba.org\/wp-content\/uploads\/2025\/01\/28b420c71d5f39a6ed6f27f307d38ea2_XL-768x576.jpg 768w, https:\/\/atecordoba.org\/wp-content\/uploads\/2025\/01\/28b420c71d5f39a6ed6f27f307d38ea2_XL-750x563.jpg 750w, https:\/\/atecordoba.org\/wp-content\/uploads\/2025\/01\/28b420c71d5f39a6ed6f27f307d38ea2_XL.jpg 900w\" sizes=\"auto, (max-width: 300px) 100vw, 300px\" \/><\/a>Argentina ha sido hist\u00f3ricamente un pa\u00eds pionero en la protecci\u00f3n y promoci\u00f3n de derechos de las mujeres y personas LGBTIQ+. Normas como la <strong>Ley de Identidad de G\u00e9nero<\/strong> (2012), que garantiza el derecho a la identidad autopercibida sin requerir diagn\u00f3sticos m\u00e9dicos o intervenciones quir\u00fargicas, son reconocidas a nivel mundial como ejemplo de legislaci\u00f3n inclusiva y respetuosa de la dignidad humana.<\/p>\n<p>Otra pieza fundamental es la <strong>Ley N\u00b0 26.485 de Protecci\u00f3n Integral para Prevenir, Sancionar y Erradicar la Violencia contra las Mujeres<\/strong> (2009), que aborda de manera integral las m\u00faltiples formas de violencia de g\u00e9nero, desde la f\u00edsica y psicol\u00f3gica hasta la simb\u00f3lica y medi\u00e1tica. Estas normativas no son solo logros aislados, sino que est\u00e1n profundamente arraigadas en el sistema jur\u00eddico argentino, respaldadas por <strong>tratados internacionales como la Convenci\u00f3n sobre la Eliminaci\u00f3n de Todas las Formas de Discriminaci\u00f3n contra la Mujer<\/strong> (CEDAW) y la <strong>Convenci\u00f3n de Bel\u00e9m do Par\u00e1<\/strong>, ambos con jerarqu\u00eda constitucional.<\/p>\n<p>La pretensi\u00f3n de eliminar estas leyes bajo el argumento de que promueven \u201cprivilegios\u201d es una grave distorsi\u00f3n de la realidad. Lejos de ser privilegios, estas normativas son herramientas dise\u00f1adas para abordar desigualdades estructurales que afectan desproporcionadamente a mujeres y personas LGBTIQ+. La violencia de g\u00e9nero, los cr\u00edmenes de odio, la discriminaci\u00f3n en el \u00e1mbito laboral y la exclusi\u00f3n social no son realidades anecd\u00f3ticas, sino problemas profundos que demandan respuestas legislativas espec\u00edficas y efectivas.<\/p>\n<hr \/>\n<h3><strong>La importancia de la igualdad sustantiva<\/strong><\/h3>\n<p><a href=\"https:\/\/atecordoba.org\/wp-content\/uploads\/2025\/01\/images-15.png\"><img loading=\"lazy\" decoding=\"async\" class=\"size-full wp-image-47446 alignleft\" src=\"https:\/\/atecordoba.org\/wp-content\/uploads\/2025\/01\/images-15.png\" alt=\"\" width=\"225\" height=\"225\" srcset=\"https:\/\/atecordoba.org\/wp-content\/uploads\/2025\/01\/images-15.png 225w, https:\/\/atecordoba.org\/wp-content\/uploads\/2025\/01\/images-15-150x150.png 150w, https:\/\/atecordoba.org\/wp-content\/uploads\/2025\/01\/images-15-75x75.png 75w\" sizes=\"auto, (max-width: 225px) 100vw, 225px\" \/><\/a>El discurso que promueve una \u201cigualdad ante la ley\u201d despojada de perspectiva de g\u00e9nero ignora que la verdadera igualdad no consiste en tratar a todos por igual, sino en reconocer las desigualdades estructurales y actuar para superarlas. Nuestra Constituci\u00f3n, en su art\u00edculo 75 inciso 23, establece la obligaci\u00f3n del Congreso de promover medidas de acci\u00f3n positiva para garantizar la igualdad de oportunidades y trato. Este mandato no es opcional, sino un compromiso constitucional que busca alcanzar una equidad real y sustantiva.<\/p>\n<p>Asimismo, los Principios de Yogyakarta, reconocidos internacionalmente, refuerzan esta obligaci\u00f3n al exigir que los Estados implementen pol\u00edticas p\u00fablicas inclusivas que garanticen la igualdad de derechos para las personas LGBTIQ+. Estos principios subrayan que los derechos humanos son universales e indivisibles, y que ning\u00fan Estado puede justificar retrocesos en su protecci\u00f3n.<\/p>\n<p>El intento de derogaci\u00f3n de leyes como la de Identidad de G\u00e9nero o el cupo laboral trans no solo atentar\u00eda contra estos principios, sino que tambi\u00e9n colocar\u00eda a Argentina en incumplimiento de sus compromisos internacionales. Esto no es solo un retroceso simb\u00f3lico, sino una amenaza concreta para la vida y la dignidad de miles de personas que dependen de estas normativas para ejercer sus derechos m\u00e1s b\u00e1sicos.<\/p>\n<hr \/>\n<h3><strong>La responsabilidad de resistir el retroceso<\/strong><\/h3>\n<p><a href=\"https:\/\/atecordoba.org\/wp-content\/uploads\/2025\/01\/WhatsApp-Image-2023-08-01-at-12.48.42-1024x766-1.jpeg\"><img loading=\"lazy\" decoding=\"async\" class=\"alignnone wp-image-47448 size-full\" src=\"https:\/\/atecordoba.org\/wp-content\/uploads\/2025\/01\/WhatsApp-Image-2023-08-01-at-12.48.42-1024x766-1.jpeg\" alt=\"\" width=\"1024\" height=\"766\" srcset=\"https:\/\/atecordoba.org\/wp-content\/uploads\/2025\/01\/WhatsApp-Image-2023-08-01-at-12.48.42-1024x766-1.jpeg 1024w, https:\/\/atecordoba.org\/wp-content\/uploads\/2025\/01\/WhatsApp-Image-2023-08-01-at-12.48.42-1024x766-1-300x224.jpeg 300w, https:\/\/atecordoba.org\/wp-content\/uploads\/2025\/01\/WhatsApp-Image-2023-08-01-at-12.48.42-1024x766-1-768x575.jpeg 768w, https:\/\/atecordoba.org\/wp-content\/uploads\/2025\/01\/WhatsApp-Image-2023-08-01-at-12.48.42-1024x766-1-750x561.jpeg 750w\" sizes=\"auto, (max-width: 1024px) 100vw, 1024px\" \/><\/a><\/p>\n<p>El discurso presidencial, que equipara la ampliaci\u00f3n de derechos con privilegios indebidos, fomenta un clima de hostilidad y polarizaci\u00f3n. Esta ret\u00f3rica no solo desinforma, sino que tambi\u00e9n legitima actitudes de odio y violencia hacia sectores hist\u00f3ricamente vulnerabilizados. En un contexto en el que las mujeres y las personas LGBTIQ+ contin\u00faan siendo v\u00edctimas de cr\u00edmenes de odio, exclusi\u00f3n laboral y discriminaci\u00f3n, este tipo de declaraciones son irresponsables y peligrosas.<\/p>\n<p>Desde sindicatos como ATE, que han trabajado activamente en la implementaci\u00f3n de pol\u00edticas inclusivas, es fundamental levantar la voz y movilizarse en defensa de los derechos conquistados. No se trata solo de resistir, sino de reafirmar nuestro compromiso con una sociedad m\u00e1s justa, equitativa e inclusiva.<\/p>\n<hr \/>\n<h3><strong>Convocatoria a la movilizaci\u00f3n: \u00a1Al cl\u00f3set no volvemos!<\/strong><\/h3>\n<p><a href=\"https:\/\/atecordoba.org\/wp-content\/uploads\/2025\/01\/WhatsApp-Image-2025-01-27-at-12.50.43-PM.jpeg\"><img loading=\"lazy\" decoding=\"async\" class=\"alignnone wp-image-47449 size-full\" src=\"https:\/\/atecordoba.org\/wp-content\/uploads\/2025\/01\/WhatsApp-Image-2025-01-27-at-12.50.43-PM.jpeg\" alt=\"\" width=\"1080\" height=\"1350\" srcset=\"https:\/\/atecordoba.org\/wp-content\/uploads\/2025\/01\/WhatsApp-Image-2025-01-27-at-12.50.43-PM.jpeg 1080w, https:\/\/atecordoba.org\/wp-content\/uploads\/2025\/01\/WhatsApp-Image-2025-01-27-at-12.50.43-PM-240x300.jpeg 240w, https:\/\/atecordoba.org\/wp-content\/uploads\/2025\/01\/WhatsApp-Image-2025-01-27-at-12.50.43-PM-819x1024.jpeg 819w, https:\/\/atecordoba.org\/wp-content\/uploads\/2025\/01\/WhatsApp-Image-2025-01-27-at-12.50.43-PM-768x960.jpeg 768w, https:\/\/atecordoba.org\/wp-content\/uploads\/2025\/01\/WhatsApp-Image-2025-01-27-at-12.50.43-PM-750x938.jpeg 750w\" sizes=\"auto, (max-width: 1080px) 100vw, 1080px\" \/><\/a><\/p>\n<p>Este s\u00e1bado 1 de febrero, a las 16 horas, desde la Secretar\u00eda de G\u00e9nero y Diversidad de ATE C\u00f3rdoba convocamos a una <strong>Marcha Federal LGBTIQ+<\/strong> bajo el lema <strong>&#8220;\u00a1Al cl\u00f3set no volvemos!&#8221;<\/strong>, en la intersecci\u00f3n de Col\u00f3n y Ca\u00f1ada. Esta movilizaci\u00f3n es un llamado a la acci\u00f3n colectiva para rechazar los discursos de odio y defender las conquistas hist\u00f3ricas que garantizan la igualdad de derechos.<\/p>\n<p>Te esperamos para marchar juntas y juntos, porque cuando se atacan los derechos de una parte de nuestra sociedad, se vulnera el principio de justicia para todas y todos. \u00a1Unidas, unides y unidos, seguiremos luchando!<\/p>\n","protected":false},"excerpt":{"rendered":"<p>Por Paloma Mu\u00f1oz Gamboa, abogada integrante del equipo jur\u00eddico de ATE C\u00f3rdoba. En enero de 2025, la Argentina se encuentra en un momento cr\u00edtico. Las declaraciones del presidente Javier Milei en el Foro Econ\u00f3mico Mundial de Davos han encendido una alarma para quienes defendemos los derechos conquistados por las mujeres y las personas LGBTIQ+. En [&hellip;]<\/p>\n","protected":false},"author":3,"featured_media":47444,"comment_status":"open","ping_status":"open","sticky":false,"template":"","format":"standard","meta":{"_exactmetrics_skip_tracking":false,"_exactmetrics_sitenote_active":false,"_exactmetrics_sitenote_note":"","_exactmetrics_sitenote_category":0,"jnews-multi-image_gallery":[],"jnews_single_post":{"format":"standard","override":[{"template":"1","parallax":"1","fullscreen":"1","layout":"no-sidebar-narrow","sidebar":"default-sidebar","second_sidebar":"default-sidebar","sticky_sidebar":"1","share_position":"bottom","share_float_style":"share-monocrhome","show_share_counter":"1","show_view_counter":"1","show_post_meta":"1","show_post_author_image":"1","show_post_date":"1","post_date_format":"default","post_date_format_custom":"Y\/m\/d","show_post_category":"1","show_post_reading_time":"0","post_reading_time_wpm":"300","post_calculate_word_method":"str_word_count","show_zoom_button":"0","zoom_button_out_step":"2","zoom_button_in_step":"3","show_post_tag":"1","number_popup_post":"1","show_post_related":"1","show_inline_post_related":"0"}],"image_override":[{"single_post_thumbnail_size":"crop-500","single_post_gallery_size":"crop-500"}],"trending_post_position":"meta","trending_post_label":"Trending","sponsored_post_label":"Sponsored by","disable_ad":"0"},"jnews_primary_category":[],"jnews_social_meta":[],"jnews_review":[],"enable_review":"","type":"percentage","name":"","summary":"","brand":"","sku":"","good":[],"bad":[],"score_override":"","override_value":"","rating":[],"price":[],"jnews_override_counter":{"view_counter_number":"0","share_counter_number":"0","like_counter_number":"0","dislike_counter_number":"0"},"jnews_post_split":{"post_split":[{"template":"1","tag":"h2","numbering":"asc","mode":"normal","first":"0","enable_toc":"0","toc_type":"normal"}]},"footnotes":""},"categories":[325],"tags":[],"class_list":["post-47443","post","type-post","status-publish","format-standard","has-post-thumbnail","hentry","category-generos-y-diversidades"],"jetpack_featured_media_url":"https:\/\/atecordoba.org\/wp-content\/uploads\/2025\/01\/WEF-2.jpg","_links":{"self":[{"href":"https:\/\/atecordoba.org\/index.php?rest_route=\/wp\/v2\/posts\/47443","targetHints":{"allow":["GET"]}}],"collection":[{"href":"https:\/\/atecordoba.org\/index.php?rest_route=\/wp\/v2\/posts"}],"about":[{"href":"https:\/\/atecordoba.org\/index.php?rest_route=\/wp\/v2\/types\/post"}],"author":[{"embeddable":true,"href":"https:\/\/atecordoba.org\/index.php?rest_route=\/wp\/v2\/users\/3"}],"replies":[{"embeddable":true,"href":"https:\/\/atecordoba.org\/index.php?rest_route=%2Fwp%2Fv2%2Fcomments&post=47443"}],"version-history":[{"count":7,"href":"https:\/\/atecordoba.org\/index.php?rest_route=\/wp\/v2\/posts\/47443\/revisions"}],"predecessor-version":[{"id":47457,"href":"https:\/\/atecordoba.org\/index.php?rest_route=\/wp\/v2\/posts\/47443\/revisions\/47457"}],"wp:featuredmedia":[{"embeddable":true,"href":"https:\/\/atecordoba.org\/index.php?rest_route=\/wp\/v2\/media\/47444"}],"wp:attachment":[{"href":"https:\/\/atecordoba.org\/index.php?rest_route=%2Fwp%2Fv2%2Fmedia&parent=47443"}],"wp:term":[{"taxonomy":"category","embeddable":true,"href":"https:\/\/atecordoba.org\/index.php?rest_route=%2Fwp%2Fv2%2Fcategories&post=47443"},{"taxonomy":"post_tag","embeddable":true,"href":"https:\/\/atecordoba.org\/index.php?rest_route=%2Fwp%2Fv2%2Ftags&post=47443"}],"curies":[{"name":"wp","href":"https:\/\/api.w.org\/{rel}","templated":true}]}}