{"id":47435,"date":"2025-01-27T11:47:20","date_gmt":"2025-01-27T14:47:20","guid":{"rendered":"https:\/\/atecordoba.org\/?p=47435"},"modified":"2025-01-27T12:13:37","modified_gmt":"2025-01-27T15:13:37","slug":"historico-acuerdo-paritario-en-la-comuna-de-valle-de-anisacate","status":"publish","type":"post","link":"https:\/\/atecordoba.org\/?p=47435","title":{"rendered":"\u00a1Hist\u00f3rico acuerdo paritario en la Comuna de Valle de Anisacate!"},"content":{"rendered":"<p><a href=\"https:\/\/atecordoba.org\/wp-content\/uploads\/2025\/01\/WhatsApp-Image-2025-01-27-at-11.21.30-AM.jpeg\"><img loading=\"lazy\" decoding=\"async\" class=\"alignnone wp-image-47436 size-full\" src=\"https:\/\/atecordoba.org\/wp-content\/uploads\/2025\/01\/WhatsApp-Image-2025-01-27-at-11.21.30-AM.jpeg\" alt=\"\" width=\"1600\" height=\"873\" srcset=\"https:\/\/atecordoba.org\/wp-content\/uploads\/2025\/01\/WhatsApp-Image-2025-01-27-at-11.21.30-AM.jpeg 1600w, https:\/\/atecordoba.org\/wp-content\/uploads\/2025\/01\/WhatsApp-Image-2025-01-27-at-11.21.30-AM-300x164.jpeg 300w, https:\/\/atecordoba.org\/wp-content\/uploads\/2025\/01\/WhatsApp-Image-2025-01-27-at-11.21.30-AM-1024x559.jpeg 1024w, https:\/\/atecordoba.org\/wp-content\/uploads\/2025\/01\/WhatsApp-Image-2025-01-27-at-11.21.30-AM-768x419.jpeg 768w, https:\/\/atecordoba.org\/wp-content\/uploads\/2025\/01\/WhatsApp-Image-2025-01-27-at-11.21.30-AM-1536x838.jpeg 1536w, https:\/\/atecordoba.org\/wp-content\/uploads\/2025\/01\/WhatsApp-Image-2025-01-27-at-11.21.30-AM-750x409.jpeg 750w, https:\/\/atecordoba.org\/wp-content\/uploads\/2025\/01\/WhatsApp-Image-2025-01-27-at-11.21.30-AM-1140x622.jpeg 1140w\" sizes=\"auto, (max-width: 1600px) 100vw, 1600px\" \/><\/a><\/p>\n<p>El pasado <strong>10 de enero de 2025<\/strong>, se llev\u00f3 a cabo una reuni\u00f3n clave entre el jefe comunal Nicol\u00e1s Merlo, los asesores contables Carolina Ferreira y Gabriel Valdovino, y representantes de la planta de personal, junto al delegado del sindicato de ATE, <strong>Maximiliano Duarte<\/strong>, <strong>Ivana Guevara: <\/strong>Integrante del equipo de la Secretar\u00eda Gremial del sindicato y delegada de la Escuela de Suboficiales de la Fuerza A\u00e9rea y el Secretario de Organizaci\u00f3n\u00a0<strong>Javier Bracamonte<\/strong>.<\/p>\n<p>Tras una extensa deliberaci\u00f3n, se alcanz\u00f3 un importante acuerdo paritario que beneficia a las y los trabajadores de la comuna.<\/p>\n<p>\ud83d\udccc <strong>Puntos destacados del acuerdo:<\/strong><br \/>\n1\ufe0f\u20e3 <strong>Aumento salarial del 50% anual:<\/strong><\/p>\n<ul>\n<li><strong>35% en enero.<\/strong><\/li>\n<li><strong>15% en julio<\/strong>, tras el pago del aguinaldo.<\/li>\n<li><strong>Revisi\u00f3n y cl\u00e1usula gatillo<\/strong> para ajustar los salarios si la inflaci\u00f3n supera el incremento acordado.<\/li>\n<\/ul>\n<p>2\ufe0f\u20e3 <strong>Compromiso del ejecutivo con la obra social APROSS:<\/strong><\/p>\n<ul>\n<li>La comuna continuar\u00e1 absorbiendo los aumentos en la cuota, garantizando el mantenimiento del valor de los haberes.<\/li>\n<\/ul>\n<p>3\ufe0f\u20e3 <strong>Logro hist\u00f3rico en estabilidad laboral:<\/strong><\/p>\n<ul>\n<li><strong>Dos trabajadores pasan a planta permanente<\/strong> a partir de enero, alcanzando un <strong>95% del personal en planta permanente.<\/strong><\/li>\n<\/ul>\n<p><a href=\"https:\/\/atecordoba.org\/wp-content\/uploads\/2025\/01\/WhatsApp-Image-2025-01-27-at-11.21.30-AM-1.jpeg\"><img loading=\"lazy\" decoding=\"async\" class=\"alignnone size-medium wp-image-47437\" src=\"https:\/\/atecordoba.org\/wp-content\/uploads\/2025\/01\/WhatsApp-Image-2025-01-27-at-11.21.30-AM-1-269x300.jpeg\" alt=\"\" width=\"269\" height=\"300\" srcset=\"https:\/\/atecordoba.org\/wp-content\/uploads\/2025\/01\/WhatsApp-Image-2025-01-27-at-11.21.30-AM-1-269x300.jpeg 269w, https:\/\/atecordoba.org\/wp-content\/uploads\/2025\/01\/WhatsApp-Image-2025-01-27-at-11.21.30-AM-1-918x1024.jpeg 918w, https:\/\/atecordoba.org\/wp-content\/uploads\/2025\/01\/WhatsApp-Image-2025-01-27-at-11.21.30-AM-1-768x857.jpeg 768w, https:\/\/atecordoba.org\/wp-content\/uploads\/2025\/01\/WhatsApp-Image-2025-01-27-at-11.21.30-AM-1-750x837.jpeg 750w, https:\/\/atecordoba.org\/wp-content\/uploads\/2025\/01\/WhatsApp-Image-2025-01-27-at-11.21.30-AM-1-1140x1272.jpeg 1140w, https:\/\/atecordoba.org\/wp-content\/uploads\/2025\/01\/WhatsApp-Image-2025-01-27-at-11.21.30-AM-1.jpeg 1315w\" sizes=\"auto, (max-width: 269px) 100vw, 269px\" \/><\/a><\/p>\n<p>Este acuerdo refleja el compromiso conjunto entre las autoridades comunales y el sindicato para garantizar salarios dignos y estabilidad laboral, fortaleciendo los derechos de las y los trabajadores.<\/p>\n","protected":false},"excerpt":{"rendered":"<p>El pasado 10 de enero de 2025, se llev\u00f3 a cabo una reuni\u00f3n clave entre el jefe comunal Nicol\u00e1s Merlo, los asesores contables Carolina Ferreira y Gabriel Valdovino, y representantes de la planta de personal, junto al delegado del sindicato de ATE, Maximiliano Duarte, Ivana Guevara: Integrante del equipo de la Secretar\u00eda Gremial del sindicato [&hellip;]<\/p>\n","protected":false},"author":3,"featured_media":47436,"comment_status":"open","ping_status":"open","sticky":false,"template":"","format":"standard","meta":{"_exactmetrics_skip_tracking":false,"_exactmetrics_sitenote_active":false,"_exactmetrics_sitenote_note":"","_exactmetrics_sitenote_category":0,"jnews-multi-image_gallery":[],"jnews_single_post":{"format":"standard","override":[{"template":"1","parallax":"1","fullscreen":"1","layout":"no-sidebar-narrow","sidebar":"default-sidebar","second_sidebar":"default-sidebar","sticky_sidebar":"1","share_position":"bottom","share_float_style":"share-monocrhome","show_share_counter":"1","show_view_counter":"1","show_post_meta":"1","show_post_author_image":"1","show_post_date":"1","post_date_format":"default","post_date_format_custom":"Y\/m\/d","show_post_category":"1","show_post_reading_time":"0","post_reading_time_wpm":"300","post_calculate_word_method":"str_word_count","show_zoom_button":"0","zoom_button_out_step":"2","zoom_button_in_step":"3","show_post_tag":"1","number_popup_post":"1","show_post_related":"1","show_inline_post_related":"0"}],"image_override":[{"single_post_thumbnail_size":"crop-500","single_post_gallery_size":"crop-500"}],"trending_post_position":"meta","trending_post_label":"Trending","sponsored_post_label":"Sponsored by","disable_ad":"0"},"jnews_primary_category":[],"jnews_social_meta":[],"jnews_review":[],"enable_review":"","type":"percentage","name":"","summary":"","brand":"","sku":"","good":[],"bad":[],"score_override":"","override_value":"","rating":[],"price":[],"jnews_override_counter":{"view_counter_number":"0","share_counter_number":"0","like_counter_number":"0","dislike_counter_number":"0"},"jnews_post_split":{"post_split":[{"template":"1","tag":"h2","numbering":"asc","mode":"normal","first":"0","enable_toc":"0","toc_type":"normal"}]},"footnotes":""},"categories":[20],"tags":[],"class_list":["post-47435","post","type-post","status-publish","format-standard","has-post-thumbnail","hentry","category-municipales"],"jetpack_featured_media_url":"https:\/\/atecordoba.org\/wp-content\/uploads\/2025\/01\/WhatsApp-Image-2025-01-27-at-11.21.30-AM.jpeg","_links":{"self":[{"href":"https:\/\/atecordoba.org\/index.php?rest_route=\/wp\/v2\/posts\/47435","targetHints":{"allow":["GET"]}}],"collection":[{"href":"https:\/\/atecordoba.org\/index.php?rest_route=\/wp\/v2\/posts"}],"about":[{"href":"https:\/\/atecordoba.org\/index.php?rest_route=\/wp\/v2\/types\/post"}],"author":[{"embeddable":true,"href":"https:\/\/atecordoba.org\/index.php?rest_route=\/wp\/v2\/users\/3"}],"replies":[{"embeddable":true,"href":"https:\/\/atecordoba.org\/index.php?rest_route=%2Fwp%2Fv2%2Fcomments&post=47435"}],"version-history":[{"count":3,"href":"https:\/\/atecordoba.org\/index.php?rest_route=\/wp\/v2\/posts\/47435\/revisions"}],"predecessor-version":[{"id":47441,"href":"https:\/\/atecordoba.org\/index.php?rest_route=\/wp\/v2\/posts\/47435\/revisions\/47441"}],"wp:featuredmedia":[{"embeddable":true,"href":"https:\/\/atecordoba.org\/index.php?rest_route=\/wp\/v2\/media\/47436"}],"wp:attachment":[{"href":"https:\/\/atecordoba.org\/index.php?rest_route=%2Fwp%2Fv2%2Fmedia&parent=47435"}],"wp:term":[{"taxonomy":"category","embeddable":true,"href":"https:\/\/atecordoba.org\/index.php?rest_route=%2Fwp%2Fv2%2Fcategories&post=47435"},{"taxonomy":"post_tag","embeddable":true,"href":"https:\/\/atecordoba.org\/index.php?rest_route=%2Fwp%2Fv2%2Ftags&post=47435"}],"curies":[{"name":"wp","href":"https:\/\/api.w.org\/{rel}","templated":true}]}}