{"id":47430,"date":"2025-01-24T12:59:14","date_gmt":"2025-01-24T15:59:14","guid":{"rendered":"https:\/\/atecordoba.org\/?p=47430"},"modified":"2025-01-24T12:59:14","modified_gmt":"2025-01-24T15:59:14","slug":"trabajadores-y-trabajadoras-del-centro-de-referencia-cordoba-y-senaf-denuncian-ajuste-despidos-y-vaciamiento-del-estado","status":"publish","type":"post","link":"https:\/\/atecordoba.org\/?p=47430","title":{"rendered":"Trabajadores y trabajadoras del Centro de Referencia C\u00f3rdoba y SENAF denuncian ajuste, despidos y vaciamiento del Estado"},"content":{"rendered":"<p data-pm-slice=\"1 1 []\"><a href=\"https:\/\/atecordoba.org\/wp-content\/uploads\/2025\/01\/469832407_980369994112915_1398307326976273063_n.jpg\"><img loading=\"lazy\" decoding=\"async\" class=\"alignnone wp-image-47431 size-full\" src=\"https:\/\/atecordoba.org\/wp-content\/uploads\/2025\/01\/469832407_980369994112915_1398307326976273063_n.jpg\" alt=\"\" width=\"417\" height=\"313\" srcset=\"https:\/\/atecordoba.org\/wp-content\/uploads\/2025\/01\/469832407_980369994112915_1398307326976273063_n.jpg 417w, https:\/\/atecordoba.org\/wp-content\/uploads\/2025\/01\/469832407_980369994112915_1398307326976273063_n-300x225.jpg 300w\" sizes=\"auto, (max-width: 417px) 100vw, 417px\" \/><\/a><\/p>\n<p data-pm-slice=\"1 1 []\">Los y las trabajadoras del Centro de Referencia C\u00f3rdoba (CDR) y de la Secretar\u00eda Nacional de Ni\u00f1ez, Adolescencia y Familia (SENAF) contin\u00faan reclamando respuestas urgentes al Ministerio de Capital Humano frente al cierre definitivo del Centro y los despidos masivos registrados durante el 2024.<\/p>\n<p>Desde hace m\u00e1s de un mes, el CDR cerr\u00f3 sus puertas, dejando a m\u00e1s de 90 trabajadores y trabajadoras sin lugar de trabajo, imposibilitando el desarrollo de sus funciones habituales. A pesar de las gestiones realizadas, hasta el momento no se han recibido respuestas por parte de las autoridades responsables, lo que genera una preocupante incertidumbre sobre la continuidad laboral y la total ausencia de pol\u00edticas p\u00fablicas en el territorio.<\/p>\n<p><strong>Desmantelamiento de funciones esenciales<\/strong><\/p>\n<p><a href=\"https:\/\/atecordoba.org\/wp-content\/uploads\/2025\/01\/469440203_980370480779533_1694455458792427493_n.jpg\"><img loading=\"lazy\" decoding=\"async\" class=\"size-medium wp-image-47432 alignleft\" src=\"https:\/\/atecordoba.org\/wp-content\/uploads\/2025\/01\/469440203_980370480779533_1694455458792427493_n-300x225.jpg\" alt=\"\" width=\"300\" height=\"225\" srcset=\"https:\/\/atecordoba.org\/wp-content\/uploads\/2025\/01\/469440203_980370480779533_1694455458792427493_n-300x225.jpg 300w, https:\/\/atecordoba.org\/wp-content\/uploads\/2025\/01\/469440203_980370480779533_1694455458792427493_n-1024x768.jpg 1024w, https:\/\/atecordoba.org\/wp-content\/uploads\/2025\/01\/469440203_980370480779533_1694455458792427493_n-768x576.jpg 768w, https:\/\/atecordoba.org\/wp-content\/uploads\/2025\/01\/469440203_980370480779533_1694455458792427493_n-1536x1152.jpg 1536w, https:\/\/atecordoba.org\/wp-content\/uploads\/2025\/01\/469440203_980370480779533_1694455458792427493_n-750x563.jpg 750w, https:\/\/atecordoba.org\/wp-content\/uploads\/2025\/01\/469440203_980370480779533_1694455458792427493_n-1140x855.jpg 1140w, https:\/\/atecordoba.org\/wp-content\/uploads\/2025\/01\/469440203_980370480779533_1694455458792427493_n.jpg 2048w\" sizes=\"auto, (max-width: 300px) 100vw, 300px\" \/><\/a>El cierre del CDR tambi\u00e9n afecta directamente a la comunidad, ya que los servicios esenciales que se brindaban han sido interrumpidos. Entre ellos se destacan:<\/p>\n<ul data-spread=\"false\">\n<li>Gestiones de la Asignaci\u00f3n Universal por Hijo (AUH) y salario familiar.<\/li>\n<li>Subsidios por situaciones de cat\u00e1strofe (incendios e inundaciones).<\/li>\n<li>Asesoramiento para tr\u00e1mites de pensiones y subsidios de medicaci\u00f3n oncol\u00f3gica.<\/li>\n<li>Capacitaciones a municipios y organizaciones sobre el sistema de protecci\u00f3n de ni\u00f1os, ni\u00f1as y adolescentes.<\/li>\n<li>Talleres de buen trato y prevenci\u00f3n del embarazo adolescente.<\/li>\n<li>Relevamientos de comedores y asistencia alimentaria en barrios vulnerables.<\/li>\n<\/ul>\n<p>Adem\u00e1s, la l\u00ednea telef\u00f3nica habilitada para consultas lleva m\u00e1s de dos meses sin funcionar, dejando a la poblaci\u00f3n sin acceso a informaci\u00f3n ni asistencia.<\/p>\n<p><strong>Despidos masivos y pol\u00edticas de ajuste<\/strong><\/p>\n<p><a href=\"https:\/\/atecordoba.org\/wp-content\/uploads\/2025\/01\/469484507_980370210779560_8857406036422810891_n.jpg\"><img loading=\"lazy\" decoding=\"async\" class=\"alignnone wp-image-47433 size-medium\" src=\"https:\/\/atecordoba.org\/wp-content\/uploads\/2025\/01\/469484507_980370210779560_8857406036422810891_n-300x225.jpg\" alt=\"\" width=\"300\" height=\"225\" srcset=\"https:\/\/atecordoba.org\/wp-content\/uploads\/2025\/01\/469484507_980370210779560_8857406036422810891_n-300x225.jpg 300w, https:\/\/atecordoba.org\/wp-content\/uploads\/2025\/01\/469484507_980370210779560_8857406036422810891_n-1024x769.jpg 1024w, https:\/\/atecordoba.org\/wp-content\/uploads\/2025\/01\/469484507_980370210779560_8857406036422810891_n-768x577.jpg 768w, https:\/\/atecordoba.org\/wp-content\/uploads\/2025\/01\/469484507_980370210779560_8857406036422810891_n-1536x1154.jpg 1536w, https:\/\/atecordoba.org\/wp-content\/uploads\/2025\/01\/469484507_980370210779560_8857406036422810891_n-750x563.jpg 750w, https:\/\/atecordoba.org\/wp-content\/uploads\/2025\/01\/469484507_980370210779560_8857406036422810891_n-1140x856.jpg 1140w, https:\/\/atecordoba.org\/wp-content\/uploads\/2025\/01\/469484507_980370210779560_8857406036422810891_n.jpg 2048w\" sizes=\"auto, (max-width: 300px) 100vw, 300px\" \/><\/a><\/p>\n<p>El gobierno de Javier Milei, junto a la Ministra de Capital Humano Sandra Pettovello, ha despedido a 32 trabajadores y trabajadoras del sector durante 2024, en el marco de una pol\u00edtica de ajuste brutal que busca desmantelar el Estado y vaciarlo de contenido. Este modelo de gesti\u00f3n prioriza el hostigamiento y desprestigio de los y las trabajadoras del Estado, afectando gravemente el acceso a derechos fundamentales como la alimentaci\u00f3n, la educaci\u00f3n, los medicamentos y la vivienda para miles de argentinos y argentinas.<\/p>\n<p><strong>Pr\u00f3ximas medidas de lucha<\/strong><\/p>\n<p>Para dar continuidad a las medidas de fuerza, los y las trabajadoras convocan a una <strong>asamblea el martes 28 de enero a las 10:00 horas<\/strong>, donde debatir\u00e1n los pr\u00f3ximos pasos de la resistencia organizada. El sector permanece en estado de alerta, transformando la violencia y crueldad que padecen en lucha colectiva.<\/p>\n<p><strong>\u00a1Los trabajadores y trabajadoras del Estado NO SOMOS LA CASTA!<\/strong><\/p>\n","protected":false},"excerpt":{"rendered":"<p>Los y las trabajadoras del Centro de Referencia C\u00f3rdoba (CDR) y de la Secretar\u00eda Nacional de Ni\u00f1ez, Adolescencia y Familia (SENAF) contin\u00faan reclamando respuestas urgentes al Ministerio de Capital Humano frente al cierre definitivo del Centro y los despidos masivos registrados durante el 2024. Desde hace m\u00e1s de un mes, el CDR cerr\u00f3 sus puertas, [&hellip;]<\/p>\n","protected":false},"author":3,"featured_media":47431,"comment_status":"open","ping_status":"open","sticky":false,"template":"","format":"standard","meta":{"_exactmetrics_skip_tracking":false,"_exactmetrics_sitenote_active":false,"_exactmetrics_sitenote_note":"","_exactmetrics_sitenote_category":0,"jnews-multi-image_gallery":[],"jnews_single_post":{"format":"standard","override":[{"template":"1","parallax":"1","fullscreen":"1","layout":"no-sidebar-narrow","sidebar":"default-sidebar","second_sidebar":"default-sidebar","sticky_sidebar":"1","share_position":"bottom","share_float_style":"share-monocrhome","show_share_counter":"1","show_view_counter":"1","show_post_meta":"1","show_post_author_image":"1","show_post_date":"1","post_date_format":"default","post_date_format_custom":"Y\/m\/d","show_post_category":"1","show_post_reading_time":"0","post_reading_time_wpm":"300","post_calculate_word_method":"str_word_count","show_zoom_button":"0","zoom_button_out_step":"2","zoom_button_in_step":"3","show_post_tag":"1","number_popup_post":"1","show_post_related":"1","show_inline_post_related":"0"}],"image_override":[{"single_post_thumbnail_size":"crop-500","single_post_gallery_size":"crop-500"}],"trending_post_position":"meta","trending_post_label":"Trending","sponsored_post_label":"Sponsored by","disable_ad":"0"},"jnews_primary_category":[],"jnews_social_meta":[],"jnews_review":[],"enable_review":"","type":"percentage","name":"","summary":"","brand":"","sku":"","good":[],"bad":[],"score_override":"","override_value":"","rating":[],"price":[],"jnews_override_counter":{"view_counter_number":"0","share_counter_number":"0","like_counter_number":"0","dislike_counter_number":"0"},"jnews_post_split":{"post_split":[{"template":"1","tag":"h2","numbering":"asc","mode":"normal","first":"0","enable_toc":"0","toc_type":"normal"}]},"footnotes":""},"categories":[18],"tags":[],"class_list":["post-47430","post","type-post","status-publish","format-standard","has-post-thumbnail","hentry","category-nacionales"],"jetpack_featured_media_url":"https:\/\/atecordoba.org\/wp-content\/uploads\/2025\/01\/469832407_980369994112915_1398307326976273063_n.jpg","_links":{"self":[{"href":"https:\/\/atecordoba.org\/index.php?rest_route=\/wp\/v2\/posts\/47430","targetHints":{"allow":["GET"]}}],"collection":[{"href":"https:\/\/atecordoba.org\/index.php?rest_route=\/wp\/v2\/posts"}],"about":[{"href":"https:\/\/atecordoba.org\/index.php?rest_route=\/wp\/v2\/types\/post"}],"author":[{"embeddable":true,"href":"https:\/\/atecordoba.org\/index.php?rest_route=\/wp\/v2\/users\/3"}],"replies":[{"embeddable":true,"href":"https:\/\/atecordoba.org\/index.php?rest_route=%2Fwp%2Fv2%2Fcomments&post=47430"}],"version-history":[{"count":1,"href":"https:\/\/atecordoba.org\/index.php?rest_route=\/wp\/v2\/posts\/47430\/revisions"}],"predecessor-version":[{"id":47434,"href":"https:\/\/atecordoba.org\/index.php?rest_route=\/wp\/v2\/posts\/47430\/revisions\/47434"}],"wp:featuredmedia":[{"embeddable":true,"href":"https:\/\/atecordoba.org\/index.php?rest_route=\/wp\/v2\/media\/47431"}],"wp:attachment":[{"href":"https:\/\/atecordoba.org\/index.php?rest_route=%2Fwp%2Fv2%2Fmedia&parent=47430"}],"wp:term":[{"taxonomy":"category","embeddable":true,"href":"https:\/\/atecordoba.org\/index.php?rest_route=%2Fwp%2Fv2%2Fcategories&post=47430"},{"taxonomy":"post_tag","embeddable":true,"href":"https:\/\/atecordoba.org\/index.php?rest_route=%2Fwp%2Fv2%2Ftags&post=47430"}],"curies":[{"name":"wp","href":"https:\/\/api.w.org\/{rel}","templated":true}]}}