{"id":47426,"date":"2025-01-21T11:14:02","date_gmt":"2025-01-21T14:14:02","guid":{"rendered":"https:\/\/atecordoba.org\/?p=47426"},"modified":"2025-01-21T11:14:02","modified_gmt":"2025-01-21T14:14:02","slug":"paritarias-en-el-municipio-de-cura-brochero-avances-y-desafios-para-los-trabajadores-municipales","status":"publish","type":"post","link":"https:\/\/atecordoba.org\/?p=47426","title":{"rendered":"Paritarias en el municipio de Cura Brochero: avances y desaf\u00edos para los trabajadores municipales"},"content":{"rendered":"<h3><a href=\"https:\/\/atecordoba.org\/wp-content\/uploads\/2025\/01\/delegadoscurabrochero-350x250-1.jpg\"><img loading=\"lazy\" decoding=\"async\" class=\"alignnone wp-image-47428 size-full\" src=\"https:\/\/atecordoba.org\/wp-content\/uploads\/2025\/01\/delegadoscurabrochero-350x250-1.jpg\" alt=\"\" width=\"350\" height=\"250\" srcset=\"https:\/\/atecordoba.org\/wp-content\/uploads\/2025\/01\/delegadoscurabrochero-350x250-1.jpg 350w, https:\/\/atecordoba.org\/wp-content\/uploads\/2025\/01\/delegadoscurabrochero-350x250-1-300x214.jpg 300w, https:\/\/atecordoba.org\/wp-content\/uploads\/2025\/01\/delegadoscurabrochero-350x250-1-120x86.jpg 120w\" sizes=\"auto, (max-width: 350px) 100vw, 350px\" \/><\/a><\/h3>\n<p>El pasado <strong>lunes 20 de enero<\/strong>, los delegados del sector <strong>Gustavo Cohen<\/strong> y <strong>Jos\u00e9 Tapia<\/strong> participaron en una reuni\u00f3n con el Secretario General de Gesti\u00f3n, <strong>Gerardo Cuello<\/strong>, y otros funcionarios municipales, en el marco de las negociaciones paritarias para las y los empleados del municipio de Cura Brochero.<\/p>\n<h3><strong>Acuerdos alcanzados<\/strong><\/h3>\n<p><a href=\"https:\/\/atecordoba.org\/wp-content\/uploads\/2025\/01\/WhatsApp-Image-2025-01-20-at-2.59.10-PM.jpeg\"><img loading=\"lazy\" decoding=\"async\" class=\"size-medium wp-image-47424 alignleft\" src=\"https:\/\/atecordoba.org\/wp-content\/uploads\/2025\/01\/WhatsApp-Image-2025-01-20-at-2.59.10-PM-225x300.jpeg\" alt=\"\" width=\"225\" height=\"300\" srcset=\"https:\/\/atecordoba.org\/wp-content\/uploads\/2025\/01\/WhatsApp-Image-2025-01-20-at-2.59.10-PM-225x300.jpeg 225w, https:\/\/atecordoba.org\/wp-content\/uploads\/2025\/01\/WhatsApp-Image-2025-01-20-at-2.59.10-PM-768x1024.jpeg 768w, https:\/\/atecordoba.org\/wp-content\/uploads\/2025\/01\/WhatsApp-Image-2025-01-20-at-2.59.10-PM-1152x1536.jpeg 1152w, https:\/\/atecordoba.org\/wp-content\/uploads\/2025\/01\/WhatsApp-Image-2025-01-20-at-2.59.10-PM-750x1000.jpeg 750w, https:\/\/atecordoba.org\/wp-content\/uploads\/2025\/01\/WhatsApp-Image-2025-01-20-at-2.59.10-PM-1140x1520.jpeg 1140w, https:\/\/atecordoba.org\/wp-content\/uploads\/2025\/01\/WhatsApp-Image-2025-01-20-at-2.59.10-PM.jpeg 1200w\" sizes=\"auto, (max-width: 225px) 100vw, 225px\" \/><\/a><\/p>\n<p>Durante el encuentro, se logr\u00f3 acordar:<\/p>\n<ul>\n<li><strong>Incremento en el \u00edtem de puntualidad para empleados de planta permanente<\/strong>, que pasa de $2.500 a <strong>$12.000<\/strong>.<\/li>\n<li><strong>Reuni\u00f3n programada para el 17 de febrero<\/strong>, donde se abordar\u00e1n:\n<ul>\n<li>Incrementos en los salarios b\u00e1sicos.<\/li>\n<li>Recategorizaciones.<\/li>\n<li>Creaci\u00f3n de una <strong>mesa de relaciones laborales<\/strong>.<\/li>\n<\/ul>\n<\/li>\n<\/ul>\n<h3><\/h3>\n<h3><\/h3>\n<h3><strong>Demandas de las y los trabajadores<\/strong><\/h3>\n<p>Sin embargo, los delegados expresaron su preocupaci\u00f3n ante la falta de un aumento salarial inmediato, ya que el Ejecutivo propuso postergar cualquier ajuste hasta marzo. Ante esta situaci\u00f3n, el gremio se plant\u00f3 firmemente y present\u00f3 una nota solicitando:<\/p>\n<ul>\n<li><strong>Incremento del 30% en los salarios b\u00e1sicos<\/strong> este mes.<\/li>\n<li>Regularizaci\u00f3n de beneficios como refrigerio y entrega de indumentaria laboral.<\/li>\n<li>Formalizaci\u00f3n de la mesa de relaciones laborales mediante notas dirigidas al Concejo Deliberante y al municipio.<\/li>\n<\/ul>\n<h3><strong>Palabras de los delegados<\/strong><\/h3>\n<p>El delegado <strong>Gustavo Cohen<\/strong> se\u00f1al\u00f3:<\/p>\n<blockquote><p>\u201cNo podemos esperar hasta marzo para un aumento salarial. Nos plantamos y exigimos que se traten los puntos urgentes: recategorizaciones, aumento del b\u00e1sico, y la creaci\u00f3n de la mesa de relaciones laborales para abordar todos los temas pendientes\u201d.<\/p><\/blockquote>\n<p>Por su parte, <strong>Jos\u00e9 Tapia<\/strong> agreg\u00f3:<\/p>\n<blockquote><p>\u201cEl aumento en el \u00edtem de puntualidad es un avance, pero seguimos luchando para que los sueldos b\u00e1sicos sean actualizados y se reconozca el esfuerzo de las y los trabajadores. Vamos a seguir insistiendo en que se cumplan nuestros derechos\u201d.<\/p><\/blockquote>\n<h3><strong>Horas extras y entrega de ropa de trabajo<\/strong><\/h3>\n<p>En paralelo, se inform\u00f3 que se est\u00e1n incrementando las horas extras en diversas \u00e1reas como turismo, maestranza, ba\u00f1eros e inspectores. Asimismo, se est\u00e1 cumpliendo con la entrega de indumentaria laboral que estaba pendiente.<\/p>\n<p>\ud83d\udc9a <strong>Desde ATE continuamos defendiendo los derechos de las y los trabajadores municipales de Cura Brochero, manteni\u00e9ndonos firmes en la lucha por mejores condiciones laborales y salariales. La pr\u00f3xima reuni\u00f3n del 17 de febrero ser\u00e1 clave para avanzar en los puntos pendientes y lograr acuerdos que beneficien a todas y todos.<\/strong><\/p>\n<p><a href=\"https:\/\/atecordoba.org\/wp-content\/uploads\/2025\/01\/images-31.jpg\"><img loading=\"lazy\" decoding=\"async\" class=\"alignnone size-full wp-image-47427\" src=\"https:\/\/atecordoba.org\/wp-content\/uploads\/2025\/01\/images-31.jpg\" alt=\"\" width=\"298\" height=\"169\" \/><\/a><\/p>\n","protected":false},"excerpt":{"rendered":"<p>El pasado lunes 20 de enero, los delegados del sector Gustavo Cohen y Jos\u00e9 Tapia participaron en una reuni\u00f3n con el Secretario General de Gesti\u00f3n, Gerardo Cuello, y otros funcionarios municipales, en el marco de las negociaciones paritarias para las y los empleados del municipio de Cura Brochero. Acuerdos alcanzados Durante el encuentro, se logr\u00f3 [&hellip;]<\/p>\n","protected":false},"author":3,"featured_media":47428,"comment_status":"open","ping_status":"open","sticky":false,"template":"","format":"standard","meta":{"_exactmetrics_skip_tracking":false,"_exactmetrics_sitenote_active":false,"_exactmetrics_sitenote_note":"","_exactmetrics_sitenote_category":0,"jnews-multi-image_gallery":[],"jnews_single_post":{"format":"standard","override":[{"template":"1","parallax":"1","fullscreen":"1","layout":"no-sidebar-narrow","sidebar":"default-sidebar","second_sidebar":"default-sidebar","sticky_sidebar":"1","share_position":"bottom","share_float_style":"share-monocrhome","show_share_counter":"1","show_view_counter":"1","show_post_meta":"1","show_post_author_image":"1","show_post_date":"1","post_date_format":"default","post_date_format_custom":"Y\/m\/d","show_post_category":"1","show_post_reading_time":"0","post_reading_time_wpm":"300","post_calculate_word_method":"str_word_count","show_zoom_button":"0","zoom_button_out_step":"2","zoom_button_in_step":"3","show_post_tag":"1","number_popup_post":"1","show_post_related":"1","show_inline_post_related":"0"}],"image_override":[{"single_post_thumbnail_size":"crop-500","single_post_gallery_size":"crop-500"}],"trending_post_position":"meta","trending_post_label":"Trending","sponsored_post_label":"Sponsored by","disable_ad":"0"},"jnews_primary_category":[],"jnews_social_meta":[],"jnews_review":[],"enable_review":"","type":"percentage","name":"","summary":"","brand":"","sku":"","good":[],"bad":[],"score_override":"","override_value":"","rating":[],"price":[],"jnews_override_counter":{"view_counter_number":"0","share_counter_number":"0","like_counter_number":"0","dislike_counter_number":"0"},"jnews_post_split":{"post_split":[{"template":"1","tag":"h2","numbering":"asc","mode":"normal","first":"0","enable_toc":"0","toc_type":"normal"}]},"footnotes":""},"categories":[20],"tags":[],"class_list":["post-47426","post","type-post","status-publish","format-standard","has-post-thumbnail","hentry","category-municipales"],"jetpack_featured_media_url":"https:\/\/atecordoba.org\/wp-content\/uploads\/2025\/01\/delegadoscurabrochero-350x250-1.jpg","_links":{"self":[{"href":"https:\/\/atecordoba.org\/index.php?rest_route=\/wp\/v2\/posts\/47426","targetHints":{"allow":["GET"]}}],"collection":[{"href":"https:\/\/atecordoba.org\/index.php?rest_route=\/wp\/v2\/posts"}],"about":[{"href":"https:\/\/atecordoba.org\/index.php?rest_route=\/wp\/v2\/types\/post"}],"author":[{"embeddable":true,"href":"https:\/\/atecordoba.org\/index.php?rest_route=\/wp\/v2\/users\/3"}],"replies":[{"embeddable":true,"href":"https:\/\/atecordoba.org\/index.php?rest_route=%2Fwp%2Fv2%2Fcomments&post=47426"}],"version-history":[{"count":1,"href":"https:\/\/atecordoba.org\/index.php?rest_route=\/wp\/v2\/posts\/47426\/revisions"}],"predecessor-version":[{"id":47429,"href":"https:\/\/atecordoba.org\/index.php?rest_route=\/wp\/v2\/posts\/47426\/revisions\/47429"}],"wp:featuredmedia":[{"embeddable":true,"href":"https:\/\/atecordoba.org\/index.php?rest_route=\/wp\/v2\/media\/47428"}],"wp:attachment":[{"href":"https:\/\/atecordoba.org\/index.php?rest_route=%2Fwp%2Fv2%2Fmedia&parent=47426"}],"wp:term":[{"taxonomy":"category","embeddable":true,"href":"https:\/\/atecordoba.org\/index.php?rest_route=%2Fwp%2Fv2%2Fcategories&post=47426"},{"taxonomy":"post_tag","embeddable":true,"href":"https:\/\/atecordoba.org\/index.php?rest_route=%2Fwp%2Fv2%2Ftags&post=47426"}],"curies":[{"name":"wp","href":"https:\/\/api.w.org\/{rel}","templated":true}]}}