{"id":47420,"date":"2025-01-21T10:12:50","date_gmt":"2025-01-21T13:12:50","guid":{"rendered":"https:\/\/atecordoba.org\/?p=47420"},"modified":"2025-01-21T10:12:50","modified_gmt":"2025-01-21T13:12:50","slug":"ate-cdp-rio-primero-lidera-la-apertura-de-paritarias-2025-en-el-departamento","status":"publish","type":"post","link":"https:\/\/atecordoba.org\/?p=47420","title":{"rendered":"ATE CDP R\u00edo Primero lidera la apertura de paritarias 2025 en el departamento"},"content":{"rendered":"<h3><a href=\"https:\/\/atecordoba.org\/wp-content\/uploads\/2025\/01\/WhatsApp-Image-2025-01-20-at-2.59.08-PM.jpeg\"><img loading=\"lazy\" decoding=\"async\" class=\"alignnone wp-image-47421 size-full\" src=\"https:\/\/atecordoba.org\/wp-content\/uploads\/2025\/01\/WhatsApp-Image-2025-01-20-at-2.59.08-PM.jpeg\" alt=\"\" width=\"1600\" height=\"1200\" srcset=\"https:\/\/atecordoba.org\/wp-content\/uploads\/2025\/01\/WhatsApp-Image-2025-01-20-at-2.59.08-PM.jpeg 1600w, https:\/\/atecordoba.org\/wp-content\/uploads\/2025\/01\/WhatsApp-Image-2025-01-20-at-2.59.08-PM-300x225.jpeg 300w, https:\/\/atecordoba.org\/wp-content\/uploads\/2025\/01\/WhatsApp-Image-2025-01-20-at-2.59.08-PM-1024x768.jpeg 1024w, https:\/\/atecordoba.org\/wp-content\/uploads\/2025\/01\/WhatsApp-Image-2025-01-20-at-2.59.08-PM-768x576.jpeg 768w, https:\/\/atecordoba.org\/wp-content\/uploads\/2025\/01\/WhatsApp-Image-2025-01-20-at-2.59.08-PM-1536x1152.jpeg 1536w, https:\/\/atecordoba.org\/wp-content\/uploads\/2025\/01\/WhatsApp-Image-2025-01-20-at-2.59.08-PM-750x563.jpeg 750w, https:\/\/atecordoba.org\/wp-content\/uploads\/2025\/01\/WhatsApp-Image-2025-01-20-at-2.59.08-PM-1140x855.jpeg 1140w\" sizes=\"auto, (max-width: 1600px) 100vw, 1600px\" \/><\/a><\/h3>\n<p>El pasado <strong>viernes 17 de enero<\/strong>, ATE CDP R\u00edo Primero marc\u00f3 el inicio de las negociaciones paritarias 2025 con una <strong>asamblea de las y los trabajadores municipales<\/strong>. Representados por los delegados <strong>Jos\u00e9 Baigorria<\/strong>, <strong>Pamela Guti\u00e9rrez<\/strong>, y el secretario de organizaci\u00f3n del CDP, <strong>Javier Bracamonte<\/strong>, se mantuvieron encuentros con el Ejecutivo municipal.<\/p>\n<p>En una primera reuni\u00f3n realizada el viernes, no se lleg\u00f3 a un acuerdo, por lo que se decidi\u00f3 pasar a un cuarto intermedio hasta el <strong>lunes 20 de enero<\/strong>. Ese d\u00eda, tras una nueva asamblea con mandato definido, se logr\u00f3 cerrar un acuerdo con la intendenta y su equipo.<\/p>\n<h3><strong>Principales puntos del acuerdo alcanzado<\/strong><\/h3>\n<ul>\n<li><strong>Incremento salarial remunerativo del 20%<\/strong> en el primer trimestre:\n<ul>\n<li>7% en enero.<\/li>\n<li>7% en febrero.<\/li>\n<li>6% en marzo.<\/li>\n<\/ul>\n<\/li>\n<li><strong>Aumento del 100% en el valor del refrigerio<\/strong>.<\/li>\n<li>Continuaci\u00f3n del <strong>blanqueo de un monto no remunerativo<\/strong>, en cuotas del 2,5% mensual hasta abril de 2025.<\/li>\n<li>Conformaci\u00f3n de la <strong>mesa de relaciones laborales en marzo de 2025<\/strong>, donde se abordar\u00e1n:\n<ul>\n<li>Revisi\u00f3n del c\u00e1lculo del pago por antig\u00fcedad.<\/li>\n<li>Incremento en los \u00edtems salariales por asistencia y puntualidad, que actualmente son del 8% cada uno.<\/li>\n<li>Trabajo conjunto entre ATE y el Ejecutivo para reglamentar los suplementos de asistencia y puntualidad.<\/li>\n<\/ul>\n<\/li>\n<\/ul>\n<h3><strong>Palabras de las y los delegados<\/strong><\/h3>\n<p><a href=\"https:\/\/atecordoba.org\/wp-content\/uploads\/2025\/01\/WhatsApp-Image-2025-01-20-at-2.59.09-PM.jpeg\"><img loading=\"lazy\" decoding=\"async\" class=\"alignnone size-medium wp-image-47422\" src=\"https:\/\/atecordoba.org\/wp-content\/uploads\/2025\/01\/WhatsApp-Image-2025-01-20-at-2.59.09-PM-300x225.jpeg\" alt=\"\" width=\"300\" height=\"225\" srcset=\"https:\/\/atecordoba.org\/wp-content\/uploads\/2025\/01\/WhatsApp-Image-2025-01-20-at-2.59.09-PM-300x225.jpeg 300w, https:\/\/atecordoba.org\/wp-content\/uploads\/2025\/01\/WhatsApp-Image-2025-01-20-at-2.59.09-PM-1024x768.jpeg 1024w, https:\/\/atecordoba.org\/wp-content\/uploads\/2025\/01\/WhatsApp-Image-2025-01-20-at-2.59.09-PM-768x576.jpeg 768w, https:\/\/atecordoba.org\/wp-content\/uploads\/2025\/01\/WhatsApp-Image-2025-01-20-at-2.59.09-PM-1536x1152.jpeg 1536w, https:\/\/atecordoba.org\/wp-content\/uploads\/2025\/01\/WhatsApp-Image-2025-01-20-at-2.59.09-PM-750x563.jpeg 750w, https:\/\/atecordoba.org\/wp-content\/uploads\/2025\/01\/WhatsApp-Image-2025-01-20-at-2.59.09-PM-1140x855.jpeg 1140w, https:\/\/atecordoba.org\/wp-content\/uploads\/2025\/01\/WhatsApp-Image-2025-01-20-at-2.59.09-PM.jpeg 1600w\" sizes=\"auto, (max-width: 300px) 100vw, 300px\" \/><\/a> <a href=\"https:\/\/atecordoba.org\/wp-content\/uploads\/2025\/01\/WhatsApp-Image-2025-01-20-at-2.59.09-PM-1.jpeg\"><img loading=\"lazy\" decoding=\"async\" class=\"alignnone size-medium wp-image-47423\" src=\"https:\/\/atecordoba.org\/wp-content\/uploads\/2025\/01\/WhatsApp-Image-2025-01-20-at-2.59.09-PM-1-300x225.jpeg\" alt=\"\" width=\"300\" height=\"225\" srcset=\"https:\/\/atecordoba.org\/wp-content\/uploads\/2025\/01\/WhatsApp-Image-2025-01-20-at-2.59.09-PM-1-300x225.jpeg 300w, https:\/\/atecordoba.org\/wp-content\/uploads\/2025\/01\/WhatsApp-Image-2025-01-20-at-2.59.09-PM-1-1024x768.jpeg 1024w, https:\/\/atecordoba.org\/wp-content\/uploads\/2025\/01\/WhatsApp-Image-2025-01-20-at-2.59.09-PM-1-768x576.jpeg 768w, https:\/\/atecordoba.org\/wp-content\/uploads\/2025\/01\/WhatsApp-Image-2025-01-20-at-2.59.09-PM-1-1536x1152.jpeg 1536w, https:\/\/atecordoba.org\/wp-content\/uploads\/2025\/01\/WhatsApp-Image-2025-01-20-at-2.59.09-PM-1-750x563.jpeg 750w, https:\/\/atecordoba.org\/wp-content\/uploads\/2025\/01\/WhatsApp-Image-2025-01-20-at-2.59.09-PM-1-1140x855.jpeg 1140w, https:\/\/atecordoba.org\/wp-content\/uploads\/2025\/01\/WhatsApp-Image-2025-01-20-at-2.59.09-PM-1.jpeg 1600w\" sizes=\"auto, (max-width: 300px) 100vw, 300px\" \/><\/a><\/p>\n<p>La delegada <strong>Pamela Guti\u00e9rrez<\/strong> destac\u00f3 la participaci\u00f3n activa de las y los trabajadores, a pesar de la temporada de licencias:<\/p>\n<blockquote><p>\u201cLa asamblea tuvo una buena convocatoria y fue muy positiva por su dinamismo. Todas y todos consultaban, opinaban y daban su punto de vista. El acuerdo no fue un\u00e1nime, pero s\u00ed por mayor\u00eda, sin inconvenientes. Es la primera paritaria de la localidad y ha sido muy positiva\u201d.<\/p><\/blockquote>\n<p>El delegado <strong>Jos\u00e9 Baigorria<\/strong> resalt\u00f3 la importancia del consenso logrado:<\/p>\n<blockquote><p>\u201cEl Ejecutivo comenz\u00f3 ofreciendo un 5% de aumento mensual, pero fue rechazado en asamblea porque no era suficiente ante la inestabilidad econ\u00f3mica. Tras negociaciones y cuartos intermedios, logramos cerrar un aumento del 20% hasta marzo, con una nueva mesa de di\u00e1logo programada para el 10 de marzo. Esto nos permitir\u00e1 abordar temas clave como el pase a planta permanente y la recategorizaci\u00f3n\u201d.<\/p><\/blockquote>\n<p>La jornada finaliz\u00f3 con una <strong>asamblea informativa en el Corral\u00f3n<\/strong>, donde se comunicaron los detalles del acuerdo alcanzado y se ratificaron los pr\u00f3ximos pasos a seguir.<\/p>\n<p><a href=\"https:\/\/atecordoba.org\/wp-content\/uploads\/2025\/01\/WhatsApp-Image-2025-01-20-at-2.59.10-PM.jpeg\"><img loading=\"lazy\" decoding=\"async\" class=\"alignnone size-medium wp-image-47424\" src=\"https:\/\/atecordoba.org\/wp-content\/uploads\/2025\/01\/WhatsApp-Image-2025-01-20-at-2.59.10-PM-225x300.jpeg\" alt=\"\" width=\"225\" height=\"300\" srcset=\"https:\/\/atecordoba.org\/wp-content\/uploads\/2025\/01\/WhatsApp-Image-2025-01-20-at-2.59.10-PM-225x300.jpeg 225w, https:\/\/atecordoba.org\/wp-content\/uploads\/2025\/01\/WhatsApp-Image-2025-01-20-at-2.59.10-PM-768x1024.jpeg 768w, https:\/\/atecordoba.org\/wp-content\/uploads\/2025\/01\/WhatsApp-Image-2025-01-20-at-2.59.10-PM-1152x1536.jpeg 1152w, https:\/\/atecordoba.org\/wp-content\/uploads\/2025\/01\/WhatsApp-Image-2025-01-20-at-2.59.10-PM-750x1000.jpeg 750w, https:\/\/atecordoba.org\/wp-content\/uploads\/2025\/01\/WhatsApp-Image-2025-01-20-at-2.59.10-PM-1140x1520.jpeg 1140w, https:\/\/atecordoba.org\/wp-content\/uploads\/2025\/01\/WhatsApp-Image-2025-01-20-at-2.59.10-PM.jpeg 1200w\" sizes=\"auto, (max-width: 225px) 100vw, 225px\" \/><\/a><\/p>\n<p>\ud83d\udc9a <strong>Desde ATE CDP R\u00edo Primero reafirmamos nuestro compromiso con la lucha por los derechos laborales de las y los trabajadores municipales, logrando un inicio de a\u00f1o con logros concretos y consensos significativos.<\/strong><\/p>\n","protected":false},"excerpt":{"rendered":"<p>El pasado viernes 17 de enero, ATE CDP R\u00edo Primero marc\u00f3 el inicio de las negociaciones paritarias 2025 con una asamblea de las y los trabajadores municipales. Representados por los delegados Jos\u00e9 Baigorria, Pamela Guti\u00e9rrez, y el secretario de organizaci\u00f3n del CDP, Javier Bracamonte, se mantuvieron encuentros con el Ejecutivo municipal. En una primera reuni\u00f3n [&hellip;]<\/p>\n","protected":false},"author":3,"featured_media":47421,"comment_status":"open","ping_status":"open","sticky":false,"template":"","format":"standard","meta":{"_exactmetrics_skip_tracking":false,"_exactmetrics_sitenote_active":false,"_exactmetrics_sitenote_note":"","_exactmetrics_sitenote_category":0,"jnews-multi-image_gallery":[],"jnews_single_post":{"format":"standard","override":[{"template":"1","parallax":"1","fullscreen":"1","layout":"no-sidebar-narrow","sidebar":"default-sidebar","second_sidebar":"default-sidebar","sticky_sidebar":"1","share_position":"bottom","share_float_style":"share-monocrhome","show_share_counter":"1","show_view_counter":"1","show_post_meta":"1","show_post_author_image":"1","show_post_date":"1","post_date_format":"default","post_date_format_custom":"Y\/m\/d","show_post_category":"1","show_post_reading_time":"0","post_reading_time_wpm":"300","post_calculate_word_method":"str_word_count","show_zoom_button":"0","zoom_button_out_step":"2","zoom_button_in_step":"3","show_post_tag":"1","number_popup_post":"1","show_post_related":"1","show_inline_post_related":"0"}],"image_override":[{"single_post_thumbnail_size":"crop-500","single_post_gallery_size":"crop-500"}],"trending_post_position":"meta","trending_post_label":"Trending","sponsored_post_label":"Sponsored by","disable_ad":"0"},"jnews_primary_category":[],"jnews_social_meta":[],"jnews_review":[],"enable_review":"","type":"percentage","name":"","summary":"","brand":"","sku":"","good":[],"bad":[],"score_override":"","override_value":"","rating":[],"price":[],"jnews_override_counter":{"view_counter_number":"0","share_counter_number":"0","like_counter_number":"0","dislike_counter_number":"0"},"jnews_post_split":{"post_split":[{"template":"1","tag":"h2","numbering":"asc","mode":"normal","first":"0","enable_toc":"0","toc_type":"normal"}]},"footnotes":""},"categories":[20],"tags":[],"class_list":["post-47420","post","type-post","status-publish","format-standard","has-post-thumbnail","hentry","category-municipales"],"jetpack_featured_media_url":"https:\/\/atecordoba.org\/wp-content\/uploads\/2025\/01\/WhatsApp-Image-2025-01-20-at-2.59.08-PM.jpeg","_links":{"self":[{"href":"https:\/\/atecordoba.org\/index.php?rest_route=\/wp\/v2\/posts\/47420","targetHints":{"allow":["GET"]}}],"collection":[{"href":"https:\/\/atecordoba.org\/index.php?rest_route=\/wp\/v2\/posts"}],"about":[{"href":"https:\/\/atecordoba.org\/index.php?rest_route=\/wp\/v2\/types\/post"}],"author":[{"embeddable":true,"href":"https:\/\/atecordoba.org\/index.php?rest_route=\/wp\/v2\/users\/3"}],"replies":[{"embeddable":true,"href":"https:\/\/atecordoba.org\/index.php?rest_route=%2Fwp%2Fv2%2Fcomments&post=47420"}],"version-history":[{"count":1,"href":"https:\/\/atecordoba.org\/index.php?rest_route=\/wp\/v2\/posts\/47420\/revisions"}],"predecessor-version":[{"id":47425,"href":"https:\/\/atecordoba.org\/index.php?rest_route=\/wp\/v2\/posts\/47420\/revisions\/47425"}],"wp:featuredmedia":[{"embeddable":true,"href":"https:\/\/atecordoba.org\/index.php?rest_route=\/wp\/v2\/media\/47421"}],"wp:attachment":[{"href":"https:\/\/atecordoba.org\/index.php?rest_route=%2Fwp%2Fv2%2Fmedia&parent=47420"}],"wp:term":[{"taxonomy":"category","embeddable":true,"href":"https:\/\/atecordoba.org\/index.php?rest_route=%2Fwp%2Fv2%2Fcategories&post=47420"},{"taxonomy":"post_tag","embeddable":true,"href":"https:\/\/atecordoba.org\/index.php?rest_route=%2Fwp%2Fv2%2Ftags&post=47420"}],"curies":[{"name":"wp","href":"https:\/\/api.w.org\/{rel}","templated":true}]}}