{"id":47417,"date":"2025-01-20T09:45:57","date_gmt":"2025-01-20T12:45:57","guid":{"rendered":"https:\/\/atecordoba.org\/?p=47417"},"modified":"2025-01-20T09:48:01","modified_gmt":"2025-01-20T12:48:01","slug":"jornada-nacional-de-lucha-de-parques-nacionales-banderazo-en-el-parque-nacional-quebrada-del-condorito","status":"publish","type":"post","link":"https:\/\/atecordoba.org\/?p=47417","title":{"rendered":"Jornada nacional de lucha de Parques Nacionales: Banderazo en el Parque Nacional Quebrada del Condorito"},"content":{"rendered":"\n<p><br><\/p>\n\n\n\n<figure class=\"wp-block-image size-large\"><img loading=\"lazy\" decoding=\"async\" width=\"960\" height=\"720\" src=\"https:\/\/atecordoba.org\/wp-content\/uploads\/2025\/01\/10001094386472501592214616956.jpg\" alt=\"\" class=\"wp-image-47412\" srcset=\"https:\/\/atecordoba.org\/wp-content\/uploads\/2025\/01\/10001094386472501592214616956.jpg 960w, https:\/\/atecordoba.org\/wp-content\/uploads\/2025\/01\/10001094386472501592214616956-300x225.jpg 300w, https:\/\/atecordoba.org\/wp-content\/uploads\/2025\/01\/10001094386472501592214616956-768x576.jpg 768w, https:\/\/atecordoba.org\/wp-content\/uploads\/2025\/01\/10001094386472501592214616956-750x563.jpg 750w\" sizes=\"auto, (max-width: 960px) 100vw, 960px\" \/><\/figure>\n\n\n\n<p>El pasado s\u00e1bado 18 de enero, compa\u00f1eras y compa\u00f1eros del Parque Nacional Quebrada del Condorito y de la Delegaci\u00f3n Regional Centro llevaron adelante un <strong>banderazo en el puente de acceso al parque<\/strong>, en el marco de la jornada nacional de lucha de Parques Nacionales definida en asambleas y plenarios regionales realizados el 15 de enero. Esta acci\u00f3n es parte de un plan de lucha contra la brutal pol\u00edtica de ajuste del gobierno nacional.<br><br><strong>\u00bfPor qu\u00e9 luchamos en los Parques Nacionales?<\/strong><\/p>\n\n\n\n<figure class=\"wp-block-image size-large\"><img loading=\"lazy\" decoding=\"async\" width=\"1024\" height=\"768\" src=\"https:\/\/atecordoba.org\/wp-content\/uploads\/2025\/01\/10001093813497194196961277239-1024x768.jpg\" alt=\"\" class=\"wp-image-47414\" srcset=\"https:\/\/atecordoba.org\/wp-content\/uploads\/2025\/01\/10001093813497194196961277239-1024x768.jpg 1024w, https:\/\/atecordoba.org\/wp-content\/uploads\/2025\/01\/10001093813497194196961277239-300x225.jpg 300w, https:\/\/atecordoba.org\/wp-content\/uploads\/2025\/01\/10001093813497194196961277239-768x576.jpg 768w, https:\/\/atecordoba.org\/wp-content\/uploads\/2025\/01\/10001093813497194196961277239-1536x1152.jpg 1536w, https:\/\/atecordoba.org\/wp-content\/uploads\/2025\/01\/10001093813497194196961277239-750x563.jpg 750w, https:\/\/atecordoba.org\/wp-content\/uploads\/2025\/01\/10001093813497194196961277239-1140x855.jpg 1140w, https:\/\/atecordoba.org\/wp-content\/uploads\/2025\/01\/10001093813497194196961277239.jpg 1600w\" sizes=\"auto, (max-width: 1024px) 100vw, 1024px\" \/><\/figure>\n\n\n\n<figure class=\"wp-block-image\"><img loading=\"lazy\" decoding=\"async\" width=\"768\" height=\"1024\" src=\"https:\/\/atecordoba.org\/wp-content\/uploads\/2025\/01\/10001093843693227430543132404-768x1024.jpg\" alt=\"\" class=\"wp-image-47413\" srcset=\"https:\/\/atecordoba.org\/wp-content\/uploads\/2025\/01\/10001093843693227430543132404-768x1024.jpg 768w, https:\/\/atecordoba.org\/wp-content\/uploads\/2025\/01\/10001093843693227430543132404-225x300.jpg 225w, https:\/\/atecordoba.org\/wp-content\/uploads\/2025\/01\/10001093843693227430543132404-1152x1536.jpg 1152w, https:\/\/atecordoba.org\/wp-content\/uploads\/2025\/01\/10001093843693227430543132404-750x1000.jpg 750w, https:\/\/atecordoba.org\/wp-content\/uploads\/2025\/01\/10001093843693227430543132404-1140x1520.jpg 1140w, https:\/\/atecordoba.org\/wp-content\/uploads\/2025\/01\/10001093843693227430543132404.jpg 1200w\" sizes=\"auto, (max-width: 768px) 100vw, 768px\" \/><\/figure>\n\n\n\n<p><br>Desde el inicio del gobierno de Javier Milei, su plan de ajuste, simbolizado con la motosierra, ha significado despidos masivos en el Estado nacional, junto con cierres, desfinanciamiento y desguaces que paralizan organismos p\u00fablicos. Parques Nacionales no ha sido la excepci\u00f3n.<br><br>Al comienzo de su gesti\u00f3n, el organismo contaba con aproximadamente 2.200 trabajadoras y trabajadores para cubrir <strong>55 \u00e1reas protegidas<\/strong>, con m\u00e1s de 18 millones de hect\u00e1reas. De ese personal, m\u00e1s de la mitad se encuentra en condiciones de contrataci\u00f3n precaria, con mecanismos como el art\u00edculo 9 de la Ley Marco de Empleo P\u00fablico Nacional (Ley 25.164), que establece una &#8220;planta transitoria&#8221;.<br><br>El ajuste se profundiz\u00f3 con el <strong>Decreto 70\/2023<\/strong>, que convirti\u00f3 los contratos anuales en revisiones trimestrales, generando incertidumbre y mayor precarizaci\u00f3n. Desde entonces, <strong>m\u00e1s de 130 compa\u00f1eras, compa\u00f1eros y compa\u00f1eres fueron despedidos<\/strong>, muchos de ellos con hasta 18 a\u00f1os de experiencia en el organismo.<br><br><strong>Despidos en contexto<\/strong><br><br><strong>Brigadistas de incendios:<\/strong> Los despidos afectan gravemente las tareas de combate de incendios en \u00e1reas cr\u00edticas, como en el Parque Nacional Nahuel Huapi, donde un incendio ya ha devastado 4.500 hect\u00e1reas.<br><br><strong>Modalidad de despidos:<\/strong> En muchos casos, los contratos no renovados fueron comunicados verbalmente o incluso por mensajes de WhatsApp, dejando en la calle a trabajadores especializados sin previo aviso.<br><br><br>Este golpe no solo afecta a quienes trabajan en Parques Nacionales, sino tambi\u00e9n al conjunto de la sociedad. La falta de personal, el desguace y el desfinanciamiento comprometen la protecci\u00f3n de los ecosistemas, bosques nativos, y biodiversidad, abriendo las puertas al avance de <strong>negocios inmobiliarios, mega turismo empresarial y agronegocios extractivistas.<\/strong><br><br><strong>Nuestra lucha contin\u00faa<\/strong><\/p>\n\n\n\n<figure class=\"wp-block-image size-large\"><img loading=\"lazy\" decoding=\"async\" width=\"1024\" height=\"768\" src=\"https:\/\/atecordoba.org\/wp-content\/uploads\/2025\/01\/10001093875974683751480885378-1024x768.jpg\" alt=\"\" class=\"wp-image-47415\" srcset=\"https:\/\/atecordoba.org\/wp-content\/uploads\/2025\/01\/10001093875974683751480885378-1024x768.jpg 1024w, https:\/\/atecordoba.org\/wp-content\/uploads\/2025\/01\/10001093875974683751480885378-300x225.jpg 300w, https:\/\/atecordoba.org\/wp-content\/uploads\/2025\/01\/10001093875974683751480885378-768x576.jpg 768w, https:\/\/atecordoba.org\/wp-content\/uploads\/2025\/01\/10001093875974683751480885378-1536x1152.jpg 1536w, https:\/\/atecordoba.org\/wp-content\/uploads\/2025\/01\/10001093875974683751480885378-750x563.jpg 750w, https:\/\/atecordoba.org\/wp-content\/uploads\/2025\/01\/10001093875974683751480885378-1140x855.jpg 1140w, https:\/\/atecordoba.org\/wp-content\/uploads\/2025\/01\/10001093875974683751480885378.jpg 1600w\" sizes=\"auto, (max-width: 1024px) 100vw, 1024px\" \/><\/figure>\n\n\n\n<p>Desde ATE C\u00f3rdoba reafirmamos nuestro compromiso con las y los trabajadores y con la defensa de las \u00e1reas protegidas. Llamamos a todas y todos a mantenerse firmes y unidos en esta lucha por nuestras condiciones laborales y por la soberan\u00eda ambiental de nuestro pa\u00eds.<br><br>\u270a <strong>\u00a1No al ajuste en Parques Nacionales!<\/strong><br><strong>\u270a \u00a1Reincorporaci\u00f3n inmediata de las y los despedidos!<\/strong><br><strong>\u270a \u00a1Planta permanente para todas y todos!<\/strong><br><br>Seguiremos organiz\u00e1ndonos y luchando por nuestras \u00e1reas protegidas y por el futuro de las pol\u00edticas p\u00fablicas ambientales.<\/p>\n\n\n\n<p><\/p>\n","protected":false},"excerpt":{"rendered":"<p>El pasado s\u00e1bado 18 de enero, compa\u00f1eras y compa\u00f1eros del Parque Nacional Quebrada del Condorito y de la Delegaci\u00f3n Regional Centro llevaron adelante un banderazo en el puente de acceso al parque, en el marco de la jornada nacional de lucha de Parques Nacionales definida en asambleas y plenarios regionales realizados el 15 de enero. [&hellip;]<\/p>\n","protected":false},"author":3,"featured_media":47416,"comment_status":"open","ping_status":"open","sticky":false,"template":"","format":"standard","meta":{"_exactmetrics_skip_tracking":false,"_exactmetrics_sitenote_active":false,"_exactmetrics_sitenote_note":"","_exactmetrics_sitenote_category":0,"jnews-multi-image_gallery":[],"jnews_single_post":[],"jnews_primary_category":[],"jnews_social_meta":[],"jnews_review":[],"enable_review":"","type":"","name":"","summary":"","brand":"","sku":"","good":[],"bad":[],"score_override":"","override_value":"","rating":[],"price":[],"jnews_override_counter":[],"jnews_post_split":[],"footnotes":""},"categories":[18,96],"tags":[],"class_list":["post-47417","post","type-post","status-publish","format-standard","has-post-thumbnail","hentry","category-nacionales","category-parques-nacionales-2"],"jetpack_featured_media_url":"https:\/\/atecordoba.org\/wp-content\/uploads\/2025\/01\/1000109438.jpg","_links":{"self":[{"href":"https:\/\/atecordoba.org\/index.php?rest_route=\/wp\/v2\/posts\/47417","targetHints":{"allow":["GET"]}}],"collection":[{"href":"https:\/\/atecordoba.org\/index.php?rest_route=\/wp\/v2\/posts"}],"about":[{"href":"https:\/\/atecordoba.org\/index.php?rest_route=\/wp\/v2\/types\/post"}],"author":[{"embeddable":true,"href":"https:\/\/atecordoba.org\/index.php?rest_route=\/wp\/v2\/users\/3"}],"replies":[{"embeddable":true,"href":"https:\/\/atecordoba.org\/index.php?rest_route=%2Fwp%2Fv2%2Fcomments&post=47417"}],"version-history":[{"count":1,"href":"https:\/\/atecordoba.org\/index.php?rest_route=\/wp\/v2\/posts\/47417\/revisions"}],"predecessor-version":[{"id":47418,"href":"https:\/\/atecordoba.org\/index.php?rest_route=\/wp\/v2\/posts\/47417\/revisions\/47418"}],"wp:featuredmedia":[{"embeddable":true,"href":"https:\/\/atecordoba.org\/index.php?rest_route=\/wp\/v2\/media\/47416"}],"wp:attachment":[{"href":"https:\/\/atecordoba.org\/index.php?rest_route=%2Fwp%2Fv2%2Fmedia&parent=47417"}],"wp:term":[{"taxonomy":"category","embeddable":true,"href":"https:\/\/atecordoba.org\/index.php?rest_route=%2Fwp%2Fv2%2Fcategories&post=47417"},{"taxonomy":"post_tag","embeddable":true,"href":"https:\/\/atecordoba.org\/index.php?rest_route=%2Fwp%2Fv2%2Ftags&post=47417"}],"curies":[{"name":"wp","href":"https:\/\/api.w.org\/{rel}","templated":true}]}}